{"id":1052,"date":"2018-07-22T01:40:19","date_gmt":"2018-07-22T00:40:19","guid":{"rendered":"https:\/\/galeriedeparis.fr\/afcc\/?p=1052"},"modified":"2018-08-17T20:33:59","modified_gmt":"2018-08-17T19:33:59","slug":"film-de-regis-prevot-sur-lorganisation-de-plein-air-pour-une-centaine-de-jeunes-artistes-russes-en-france","status":"publish","type":"post","link":"https:\/\/galeriedeparis.fr\/afcc\/?p=1052","title":{"rendered":"Film de Regis Pr\u00e9vot sur l&rsquo;organisation de plein air pour une centaine de jeunes artistes russes en France"},"content":{"rendered":"<p>Nous remercions Regis Prevot pour son film et l&rsquo;autorisation de le diffuser sur youtube et vous invitons de voir ce r\u00e9cit\u00a0 d&rsquo;un \u00e9v\u00e9nement exceptionnel dans lequel notre association a pris part dans le cadre du Festival \u00ab\u00a0Printemps Russe\u00a0\u00bb en France.<\/p>\n<p>Ce Festival organis\u00e9 par la Fondation russe \u00ab\u00a0Mir Kulturi\u00a0\u00bb\u00a0 et Edita Isaakian\u00a0 (\u041c\u0438\u0440 \u041a\u0443\u043b\u044c\u0442\u0443\u0440\u044b \u0438 \u0418\u0441\u0430\u0430\u043a\u044f\u043d ) a fait le bonheur des centaines d&rsquo;enfants russes engag\u00e9s dans plusieurs discipline artistiques, danse, chant, peinture etc;<\/p>\n<p>Notre association s&rsquo;est occup\u00e9 des jeunes peintres.<\/p>\n<p>90\u00a0 jeunes artistes \u00e2g\u00e9s de 7 \u00e0 18 ans originaires\u00a0 de plusieurs villes de Russie ont pris part \u00e0 ce plein air artistique nous nous leurs avons organis\u00e9 en France<br \/>\n. Accompagn\u00e9s par leurs professeurs et par Anatoly Lubavine -artiste-peintre membre de l\u2019acad\u00e9mie des Beaux Arts de Russie et recteur du c\u00e9l\u00e8bre Institut Sourikov ces enfants ont pu r\u00e9aliser une exp\u00e9rience nous l\u2019esp\u00e9rons, inoubliable &#8211; marcher dans les pas des impressionnistes . Ils ont peint \u00e0 Montmarte dans les rues arpent\u00e9s rochers du Ch\u00e2teau Gaillard en Normandie, visit\u00e9 le Mus\u00e9e de l&rsquo;Impressionnisme en compagnie du directeur de l&rsquo;\u00e9poque Di\u00e9go Candil&#8230;\u00a0\u00a0 Ils sont re\u00e7u les certificats de participation \u00e0 ce s\u00e9jour dans une salle mythique de la Grande Chaumi\u00e8re d\u00e8s mains des grands figure d&rsquo;art de Paris : Patrice de la Perri\u00e8re, r\u00e9dacteur en chef de l&rsquo;Univers des Arts, Michle Dubr\u00e9, artiste et professeur \u00e0 l&rsquo;Acad\u00e9mie Charpentier, Patrick Charpentier, directeur de l&rsquo;Acad\u00e9mie Charpentier et propri\u00e9aire de la Grande Chaumi\u00e8re.<\/p>\n<p>Ce film \u00a2 Regis Pr\u00e9vot raconte leurs superbe exp\u00e9rience en France<\/p>\n<p>Toute reproduction interdite sans demande pr\u00e9alable adress\u00e9e \u00e0 auteur.<\/p>\n<p>&nbsp;<\/p>\n<p><iframe loading=\"lazy\" width=\"640\" height=\"360\" src=\"https:\/\/www.youtube.com\/embed\/uuJi-n0N-_M?feature=oembed\" frameborder=\"0\" allow=\"autoplay; encrypted-media\" allowfullscreen><\/iframe><\/p>\n","protected":false},"excerpt":{"rendered":"<p>Nous remercions Regis Prevot pour son film et l&rsquo;autorisation de le diffuser sur youtube et vous invitons de voir ce r\u00e9cit\u00a0 d&rsquo;un \u00e9v\u00e9nement exceptionnel dans lequel notre association a pris part dans le cadre du Festival \u00ab\u00a0Printemps Russe\u00a0\u00bb en France. &hellip; <a href=\"https:\/\/galeriedeparis.fr\/afcc\/?p=1052\">Continuer la lecture <span class=\"meta-nav\">&rarr;<\/span><\/a><\/p>\n","protected":false},"author":2,"featured_media":0,"comment_status":"closed","ping_status":"open","sticky":false,"template":"","format":"standard","meta":[],"categories":[213,22,11,8,191],"tags":[],"_links":{"self":[{"href":"https:\/\/galeriedeparis.fr\/afcc\/index.php?rest_route=\/wp\/v2\/posts\/1052"}],"collection":[{"href":"https:\/\/galeriedeparis.fr\/afcc\/index.php?rest_route=\/wp\/v2\/posts"}],"about":[{"href":"https:\/\/galeriedeparis.fr\/afcc\/index.php?rest_route=\/wp\/v2\/types\/post"}],"author":[{"embeddable":true,"href":"https:\/\/galeriedeparis.fr\/afcc\/index.php?rest_route=\/wp\/v2\/users\/2"}],"replies":[{"embeddable":true,"href":"https:\/\/galeriedeparis.fr\/afcc\/index.php?rest_route=%2Fwp%2Fv2%2Fcomments&post=1052"}],"version-history":[{"count":4,"href":"https:\/\/galeriedeparis.fr\/afcc\/index.php?rest_route=\/wp\/v2\/posts\/1052\/revisions"}],"predecessor-version":[{"id":1231,"href":"https:\/\/galeriedeparis.fr\/afcc\/index.php?rest_route=\/wp\/v2\/posts\/1052\/revisions\/1231"}],"wp:attachment":[{"href":"https:\/\/galeriedeparis.fr\/afcc\/index.php?rest_route=%2Fwp%2Fv2%2Fmedia&parent=1052"}],"wp:term":[{"taxonomy":"category","embeddable":true,"href":"https:\/\/galeriedeparis.fr\/afcc\/index.php?rest_route=%2Fwp%2Fv2%2Fcategories&post=1052"},{"taxonomy":"post_tag","embeddable":true,"href":"https:\/\/galeriedeparis.fr\/afcc\/index.php?rest_route=%2Fwp%2Fv2%2Ftags&post=1052"}],"curies":[{"name":"wp","href":"https:\/\/api.w.org\/{rel}","templated":true}]}}