{"id":1252,"date":"2022-07-15T22:59:37","date_gmt":"2022-07-15T21:59:37","guid":{"rendered":"https:\/\/galeriedeparis.fr\/afcc\/?p=1252"},"modified":"2026-03-10T01:24:27","modified_gmt":"2026-03-10T00:24:27","slug":"soutenir-notre-action-faire-un-don","status":"publish","type":"post","link":"https:\/\/galeriedeparis.fr\/afcc\/?p=1252","title":{"rendered":"Soutenir notre action &#8211; faire un don"},"content":{"rendered":"<p data-start=\"76\" data-end=\"161\"><strong data-start=\"76\" data-end=\"159\">Si vous \u00eates sur cette page, c\u2019est peut-\u00eatre que vous souhaitez nous soutenir ?<\/strong><\/p>\n<p data-start=\"163\" data-end=\"246\">Nous vous en remercions par avance : <strong data-start=\"200\" data-end=\"243\">vos dons sont tr\u00e8s importants pour nous<\/strong>.<\/p>\n<p data-start=\"248\" data-end=\"557\">C\u2019est en partie gr\u00e2ce \u00e0 votre g\u00e9n\u00e9rosit\u00e9 que <strong data-start=\"293\" data-end=\"323\">FESTIVAL CULTURES CROIS\u00c9ES<\/strong> pourra continuer \u00e0 organiser le <strong data-start=\"356\" data-end=\"448\">Festival International de Peinture en Plein Air \u00ab Dans le Berceau de l\u2019Impressionnisme \u00bb<\/strong>, ainsi que nos autres projets d\u2019int\u00e9r\u00eat g\u00e9n\u00e9ral, comme notre dernier-n\u00e9 : <strong data-start=\"523\" data-end=\"554\">l\u2019\u00c9cole de Dessin Classique<\/strong>.<\/p>\n<p data-start=\"559\" data-end=\"771\">Nous esp\u00e9rons \u00e9galement poursuivre l\u2019organisation d\u2019<strong data-start=\"611\" data-end=\"642\">expositions internationales<\/strong>, essentielles pour le <strong data-start=\"665\" data-end=\"691\">dialogue interculturel<\/strong> et la promotion de la <strong data-start=\"714\" data-end=\"768\">paix et de l\u2019apaisement des tensions dans le monde<\/strong>.<\/p>\n<hr data-start=\"773\" data-end=\"776\" \/>\n<p>&nbsp;<\/p>\n<p><!--more--><\/p>\n<p>Nous avons cr\u00e9e ce bulletin de don sur une plateforme associative s\u00e9curis\u00e9e et gratuite cr\u00e9e par le site <a href=\"https:\/\/www.helloasso.com\/associations\/festival-cultures-croisees\/formulaires\/2\">HelloASSO .<\/a><\/p>\n<p>&nbsp;<\/p>\n<p data-start=\"123\" data-end=\"187\"><strong data-start=\"123\" data-end=\"185\">Savez-vous pourquoi nous avons d\u00e9cid\u00e9 de vous solliciter ?<\/strong><\/p>\n<p data-start=\"189\" data-end=\"454\">Notre association existe depuis l\u2019an 2000. Nous avons organis\u00e9 <strong data-start=\"252\" data-end=\"282\">des dizaines d\u2019expositions<\/strong>, plusieurs <strong data-start=\"294\" data-end=\"307\">festivals<\/strong>, ainsi que de nombreux <strong data-start=\"331\" data-end=\"387\">\u00e9v\u00e9nements et \u00e9changes interculturels internationaux<\/strong>, et <strong data-start=\"392\" data-end=\"451\">nous n\u2019avons jusqu\u2019\u00e0 pr\u00e9sent jamais fait appel aux dons<\/strong>.<\/p>\n<p data-start=\"456\" data-end=\"588\">Aujourd\u2019hui, nous avons besoin de vous pour continuer \u00e0 nous d\u00e9velopper et offrir \u00e0 nos spectateurs des <strong data-start=\"560\" data-end=\"585\">\u00e9v\u00e9nements de qualit\u00e9<\/strong>.<\/p>\n<p data-start=\"590\" data-end=\"843\">En <strong data-start=\"593\" data-end=\"615\">26 ans d\u2019existence<\/strong>, nous n\u2019avons jamais re\u00e7u de <strong data-start=\"645\" data-end=\"677\">subvention de fonctionnement<\/strong>. Nos frais fixes ont toujours \u00e9t\u00e9 couverts par l\u2019apport de nos b\u00e9n\u00e9voles et par le fruit de nos activit\u00e9s, qui permettent de financer notre <strong data-start=\"818\" data-end=\"840\">fonds de roulement<\/strong>.<\/p>\n<p data-start=\"845\" data-end=\"1112\">Nos dirigeants ne sont <strong data-start=\"868\" data-end=\"885\">pas r\u00e9mun\u00e9r\u00e9s<\/strong> et laissent le plus souvent le fruit de leur travail \u2014 comme la conception de projets \u2014 dans la <strong data-start=\"982\" data-end=\"1013\">tr\u00e9sorerie de l\u2019association<\/strong>. Parfois, ils ne se font m\u00eame pas rembourser les frais engag\u00e9s pour l\u2019activit\u00e9 de l\u2019association.<\/p>\n<p data-start=\"1114\" data-end=\"1291\">En revanche, nous tenons \u00e0 <strong data-start=\"1141\" data-end=\"1180\">r\u00e9mun\u00e9rer correctement les artistes<\/strong> \u00e0 qui nous faisons appel, ainsi que tous les prestataires, afin de garantir une <strong data-start=\"1261\" data-end=\"1288\">qualit\u00e9 professionnelle<\/strong>.<\/p>\n<p data-start=\"1293\" data-end=\"1435\">Gr\u00e2ce \u00e0 l\u2019engagement de notre <strong data-start=\"1323\" data-end=\"1342\">\u00e9quipe b\u00e9n\u00e9vole<\/strong>, nous continuons \u00e0 financer notre fonctionnement et \u00e0 maintenir nos activit\u00e9s normalement.<\/p>\n<p>&nbsp;<\/p>\n<p data-start=\"76\" data-end=\"231\">Toutefois, les projets culturels de plus en plus ambitieux que nous mettons en place sont rarement commerciaux et n\u00e9cessitent un <strong data-start=\"205\" data-end=\"228\">financement externe<\/strong>.<\/p>\n<p data-start=\"233\" data-end=\"551\">C\u2019est pour cette raison que nous sollicitons <strong data-start=\"278\" data-end=\"306\">collectivit\u00e9s et m\u00e9c\u00e8nes<\/strong>. H\u00e9las, la situation \u00e9conomique des collectivit\u00e9s est actuellement complexe : les subventions publiques, souvent sous forme d\u2019<strong data-start=\"433\" data-end=\"453\">appels \u00e0 projets<\/strong>, se font de plus en plus rares et sont surtout conditionn\u00e9es \u00e0 <strong data-start=\"517\" data-end=\"548\">l\u2019ancrage local des projets<\/strong>.<\/p>\n<p data-start=\"553\" data-end=\"820\">Or, notre action est <strong data-start=\"574\" data-end=\"608\">essentiellement internationale<\/strong>, ce qui nous semble d\u2019autant plus important dans un contexte o\u00f9 l\u2019on observe un <strong data-start=\"689\" data-end=\"706\">repli sur soi<\/strong>, le d\u00e9veloppement de <strong data-start=\"728\" data-end=\"745\">nationalismes<\/strong> et un climat peu favorable aux <strong data-start=\"777\" data-end=\"817\">relations et amiti\u00e9s internationales<\/strong>.<\/p>\n<p data-start=\"822\" data-end=\"1024\">C\u2019est pourquoi nous esp\u00e9rons pouvoir compter <strong data-start=\"867\" data-end=\"930\">davantage sur votre soutien priv\u00e9 que sur le m\u00e9c\u00e9nat public<\/strong>, nos projets \u00e9tant <strong data-start=\"950\" data-end=\"1021\">mobiles, interculturels et r\u00e9solument orient\u00e9s vers l\u2019international<\/strong>.<\/p>\n<p>&nbsp;<\/p>\n<p><strong>Nous devons faire face \u00e0 l\u2019alternative suivante :<\/strong><\/p>\n<p>&#8211; Soit nous demandons \u00e0 nos participants artistes de payer le v\u00e9ritable prix de l\u2019organisation d\u2019une grande manifestation de qualit\u00e9, ce qui implique le risque d\u2019une s\u00e9lection des participants par l\u2019argent,\u00a0 ce principe n&rsquo;est pas garant de qualit\u00e9 artistique.<\/p>\n<p>&#8211; Soit nous faisons appel \u00e0 la g\u00e9n\u00e9rosit\u00e9 des multiples amateurs d\u2019art qui suivent nos travaux et qui, comme nous, souhaitent les voir se d\u00e9velopper et s\u2019enrichir chaque ann\u00e9e.<\/p>\n<p><strong>C&rsquo;est ce second choix que nous avons fait, ceci en organisant notre action comme suit :<\/strong><\/p>\n<p>&#8211; Le Concours International de Peinture sur Grand Formant en Plein Air\u00a0 cr\u00e9e en 2013 et nous apportant beaucoup de succes est devenu depuis\u00a0 2017\u00a0 Festival International de la peinture sur grand format en plein air.\u00a0 Sans gr\u00e9ver trop fort notre budget par l&rsquo;organisation couteuse et chronophase du Concours\u00a0 la forme du Festival plus l\u00e9g\u00e8re offre un choix de qualit\u00e9 et une r\u00e9elle diversit\u00e9 de travail et maintient l&rsquo;esprit de rencontre artistique internationale qui est son but premier.<\/p>\n<p>&#8211; D\u00e9velopper le Festival sous forme nomade\u00a0 permet d&rsquo;entretenir, voire enrichir nos contacts avec communes et collectivit\u00e9s locales de tout le Terroir Impressionniste, en Normandie et ailleurs, partout o\u00f9 la peinture de plein air est l\u00e9gitime et attire les artistes du monde entier.<\/p>\n<p>&#8211; D\u00e9velopper un m\u00e9c\u00e9nat priv\u00e9 en multipliant nos contacts avec des partenaires priv\u00e9s potentiels<\/p>\n<p><strong>&#8211; Faire appel \u00e0 la g\u00e9n\u00e9rosit\u00e9 de nos amis, spectateurs, participants, en mettant ce bulletin \u00e0 votre disposition<\/strong>.<\/p>\n<p>Nous esp\u00e9rons que des personnes qui connaissent notre engagement vis \u00e0 vis de l&rsquo;art international nous soutiendront.<\/p>\n<p>Sachez que chaque fois que AFCC fait appel au don, AFCC s&rsquo;engage de d\u00e9penser les fonds ainsi collect\u00e9s au profit de la cause pr\u00e9sent\u00e9e dans le bulletin.<br \/>\nSi la cause pr\u00e9sent\u00e9e n&rsquo;atteint pas ses objectifs et ne peut pas avoir lieu, le donateur est syst\u00e9matiquement consult\u00e9 et \u00e9ventuellement rembours\u00e9.<\/p>\n<p><strong>Nous comptons sur vous ! Un grand merci par avance.<\/strong><\/p>\n<p>Ce bulletin de don est cr\u00e9e sur une plateforme de helloasso gratuite pour les associations et\u00a0 totalement s\u00e9curis\u00e9 pour les donateurs.<\/p>\n<p>Notre association \u00e0 but non-lucratif est r\u00e9gie par la loi 1901. Vos dons seront affect\u00e9s uniquement \u00e0 des projets d\u2019int\u00e9r\u00eat g\u00e9n\u00e9ral, ils sont donc \u00e9ligibles\u00a0 \u00e0 la r\u00e9duction fiscale et susceptibles de donner lieu \u00e0 l\u2019\u00e9mission des re\u00e7u fiscaux, merci de nous contacter si vous souhaitez de recevoir un tel re\u00e7u Cerfa.<\/p>\n<p><strong>Vous pouvez choisir faire un don par carte bancaire, virement, ch\u00e8que ou pr\u00e9l\u00e8vement.\u00a0 Cela peut \u00eatre\u00a0 un don unique ou\u00a0 des dons mensuels.<\/strong><\/p>\n<p>Nous recherchons les entreprises qui\u00a0 se reconnaissent dans notre action et seraient susceptibles de nous aider sur la base d<a href=\"https:\/\/www.legifrance.gouv.fr\/affichTexte.do?cidTexte=JORFTEXT000000791289&amp;categorieLien=id\" target=\"_blank\" rel=\"noopener\">u loi de m\u00e9c\u00e9nat 2003<\/a><\/p>\n<p><strong>sepa.<a href=\"\/\/www.donnerenligne.fr\/festival-cultures-croisees\/faire-un-don\" target=\"_blank\" rel=\"noopener\">\/\/www.donnerenligne.fr\/festival-cultures-croisees\/faire-un-don<\/a><\/strong><\/p>\n","protected":false},"excerpt":{"rendered":"<p>Si vous \u00eates sur cette page, c\u2019est peut-\u00eatre que vous souhaitez nous soutenir ? Nous vous en remercions par avance : vos dons sont tr\u00e8s importants pour nous. C\u2019est en partie gr\u00e2ce \u00e0 votre g\u00e9n\u00e9rosit\u00e9 que FESTIVAL CULTURES CROIS\u00c9ES pourra &hellip; <a href=\"https:\/\/galeriedeparis.fr\/afcc\/?p=1252\">Continuer la lecture <span class=\"meta-nav\">&rarr;<\/span><\/a><\/p>\n","protected":false},"author":2,"featured_media":0,"comment_status":"closed","ping_status":"open","sticky":true,"template":"","format":"standard","meta":[],"categories":[1],"tags":[],"_links":{"self":[{"href":"https:\/\/galeriedeparis.fr\/afcc\/index.php?rest_route=\/wp\/v2\/posts\/1252"}],"collection":[{"href":"https:\/\/galeriedeparis.fr\/afcc\/index.php?rest_route=\/wp\/v2\/posts"}],"about":[{"href":"https:\/\/galeriedeparis.fr\/afcc\/index.php?rest_route=\/wp\/v2\/types\/post"}],"author":[{"embeddable":true,"href":"https:\/\/galeriedeparis.fr\/afcc\/index.php?rest_route=\/wp\/v2\/users\/2"}],"replies":[{"embeddable":true,"href":"https:\/\/galeriedeparis.fr\/afcc\/index.php?rest_route=%2Fwp%2Fv2%2Fcomments&post=1252"}],"version-history":[{"count":25,"href":"https:\/\/galeriedeparis.fr\/afcc\/index.php?rest_route=\/wp\/v2\/posts\/1252\/revisions"}],"predecessor-version":[{"id":2933,"href":"https:\/\/galeriedeparis.fr\/afcc\/index.php?rest_route=\/wp\/v2\/posts\/1252\/revisions\/2933"}],"wp:attachment":[{"href":"https:\/\/galeriedeparis.fr\/afcc\/index.php?rest_route=%2Fwp%2Fv2%2Fmedia&parent=1252"}],"wp:term":[{"taxonomy":"category","embeddable":true,"href":"https:\/\/galeriedeparis.fr\/afcc\/index.php?rest_route=%2Fwp%2Fv2%2Fcategories&post=1252"},{"taxonomy":"post_tag","embeddable":true,"href":"https:\/\/galeriedeparis.fr\/afcc\/index.php?rest_route=%2Fwp%2Fv2%2Ftags&post=1252"}],"curies":[{"name":"wp","href":"https:\/\/api.w.org\/{rel}","templated":true}]}}