{"id":1994,"date":"2019-12-03T09:08:41","date_gmt":"2019-12-03T08:08:41","guid":{"rendered":"https:\/\/galeriedeparis.fr\/afcc\/?p=1994"},"modified":"2020-01-04T00:20:31","modified_gmt":"2020-01-03T23:20:31","slug":"exposition-sur-les-jardins-historiques-francais-et-lancement-de-la-saison-des-residences-artistiques-croisees","status":"publish","type":"post","link":"https:\/\/galeriedeparis.fr\/afcc\/?p=1994","title":{"rendered":"Exposition sur les jardins historiques fran\u00e7ais et lancement de la Saison des r\u00e9sidences artistiques crois\u00e9es."},"content":{"rendered":"<p>Anna Filimonova et Laurence de Marlaive se sont rendues \u00e0 Saint-P\u00e9tersbourg du 13 au 16 novembre 2019 pour une exposition \u00e9ph\u00e9m\u00e8re qui a lanc\u00e9 le nouveau projet d\u00e9di\u00e9 aux r\u00e9sidences artistiques crois\u00e9es. D\u00e9couvrez le reportage t l&rsquo;impressionnante revue de presse de cette exposition<\/p>\n<blockquote class=\"wp-embedded-content\" data-secret=\"0cSbKU43cE\"><p><a href=\"https:\/\/galeriedeparis.fr\/wp3_af\/?p=2515\">Anna Filimonova et Laurence de Marliave \u00e0 Saint-P\u00e9tersbourg lors du Forum International Culturel<\/a><\/p><\/blockquote>\n<p><iframe class=\"wp-embedded-content\" sandbox=\"allow-scripts\" security=\"restricted\" style=\"position: absolute; clip: rect(1px, 1px, 1px, 1px);\" src=\"https:\/\/galeriedeparis.fr\/wp3_af\/?p=2515&#038;embed=true#?secret=0cSbKU43cE\" data-secret=\"0cSbKU43cE\" width=\"600\" height=\"338\" title=\"\u00ab\u00a0Anna Filimonova et Laurence de Marliave \u00e0 Saint-P\u00e9tersbourg lors du Forum International Culturel\u00a0\u00bb &#8212; Anna FILIMONOVA\" frameborder=\"0\" marginwidth=\"0\" marginheight=\"0\" scrolling=\"no\"><\/iframe><\/p>\n","protected":false},"excerpt":{"rendered":"<p>Anna Filimonova et Laurence de Marlaive se sont rendues \u00e0 Saint-P\u00e9tersbourg du 13 au 16 novembre 2019 pour une exposition \u00e9ph\u00e9m\u00e8re qui a lanc\u00e9 le nouveau projet d\u00e9di\u00e9 aux r\u00e9sidences artistiques crois\u00e9es. D\u00e9couvrez le reportage t l&rsquo;impressionnante revue de presse &hellip; <a href=\"https:\/\/galeriedeparis.fr\/afcc\/?p=1994\">Continuer la lecture <span class=\"meta-nav\">&rarr;<\/span><\/a><\/p>\n","protected":false},"author":2,"featured_media":0,"comment_status":"closed","ping_status":"open","sticky":false,"template":"","format":"standard","meta":[],"categories":[22,11,214,8,1,163],"tags":[32,232,110,46,34,36],"_links":{"self":[{"href":"https:\/\/galeriedeparis.fr\/afcc\/index.php?rest_route=\/wp\/v2\/posts\/1994"}],"collection":[{"href":"https:\/\/galeriedeparis.fr\/afcc\/index.php?rest_route=\/wp\/v2\/posts"}],"about":[{"href":"https:\/\/galeriedeparis.fr\/afcc\/index.php?rest_route=\/wp\/v2\/types\/post"}],"author":[{"embeddable":true,"href":"https:\/\/galeriedeparis.fr\/afcc\/index.php?rest_route=\/wp\/v2\/users\/2"}],"replies":[{"embeddable":true,"href":"https:\/\/galeriedeparis.fr\/afcc\/index.php?rest_route=%2Fwp%2Fv2%2Fcomments&post=1994"}],"version-history":[{"count":5,"href":"https:\/\/galeriedeparis.fr\/afcc\/index.php?rest_route=\/wp\/v2\/posts\/1994\/revisions"}],"predecessor-version":[{"id":2026,"href":"https:\/\/galeriedeparis.fr\/afcc\/index.php?rest_route=\/wp\/v2\/posts\/1994\/revisions\/2026"}],"wp:attachment":[{"href":"https:\/\/galeriedeparis.fr\/afcc\/index.php?rest_route=%2Fwp%2Fv2%2Fmedia&parent=1994"}],"wp:term":[{"taxonomy":"category","embeddable":true,"href":"https:\/\/galeriedeparis.fr\/afcc\/index.php?rest_route=%2Fwp%2Fv2%2Fcategories&post=1994"},{"taxonomy":"post_tag","embeddable":true,"href":"https:\/\/galeriedeparis.fr\/afcc\/index.php?rest_route=%2Fwp%2Fv2%2Ftags&post=1994"}],"curies":[{"name":"wp","href":"https:\/\/api.w.org\/{rel}","templated":true}]}}