{"id":2027,"date":"2019-12-12T15:55:02","date_gmt":"2019-12-12T14:55:02","guid":{"rendered":"https:\/\/galeriedeparis.fr\/afcc\/?p=2027"},"modified":"2020-01-09T00:13:27","modified_gmt":"2020-01-08T23:13:27","slug":"festival-cultures-croisees-reunit-une-delegation-russe-au-sein-du-salon-du-dessin-et-peinture-a-leau","status":"publish","type":"post","link":"https:\/\/galeriedeparis.fr\/afcc\/?p=2027","title":{"rendered":"\u2013 Festival Cultures Crois\u00e9es r\u00e9unit une d\u00e9l\u00e9gation russe au sein du Salon du Dessin et peinture \u00e0 l\u2019eau 2020"},"content":{"rendered":"<p><strong><a href=\"http:\/\/www.peinturealeau.com\/page-d-accueil.html\" target=\"_blank\" rel=\"noopener\"><img loading=\"lazy\" class=\"alignnone size-full wp-image-2047\" src=\"https:\/\/galeriedeparis.fr\/afcc\/wp-content\/uploads\/2019\/12\/bandeau-salon-du-dessin_9593.jpg\" alt=\"\" width=\"748\" height=\"296\" srcset=\"https:\/\/galeriedeparis.fr\/afcc\/wp-content\/uploads\/2019\/12\/bandeau-salon-du-dessin_9593.jpg 748w, https:\/\/galeriedeparis.fr\/afcc\/wp-content\/uploads\/2019\/12\/bandeau-salon-du-dessin_9593-300x119.jpg 300w\" sizes=\"(max-width: 748px) 100vw, 748px\" \/><\/a><\/strong><\/p>\n<p><strong>Un des 4 salons dites \u00ab\u00a0historique\u00a0\u00bb :\u00a0 Salon\u00a0 \u00ab\u00a0Dessin et peinture \u00e0 l&rsquo;eau\u00a0\u00bb se tiendra du 11 au 16 f\u00e9vrier\u00a0 2020 au Grand Palais dans l\u2019exposition \u00ab\u00a0Art Capital\u00a0\u00bb <a href=\"https:\/\/galeriedeparis.fr\/afcc\/wp-content\/uploads\/2019\/12\/grand-palais-AF_9179.jpg\"><img loading=\"lazy\" class=\"alignnone size-full wp-image-2048\" src=\"https:\/\/galeriedeparis.fr\/afcc\/wp-content\/uploads\/2019\/12\/grand-palais-AF_9179.jpg\" alt=\"\" width=\"640\" height=\"394\" srcset=\"https:\/\/galeriedeparis.fr\/afcc\/wp-content\/uploads\/2019\/12\/grand-palais-AF_9179.jpg 640w, https:\/\/galeriedeparis.fr\/afcc\/wp-content\/uploads\/2019\/12\/grand-palais-AF_9179-300x185.jpg 300w\" sizes=\"(max-width: 640px) 100vw, 640px\" \/><\/a><br \/>\n<\/strong><\/p>\n<p><strong>Festival Cultures Crois\u00e9es r\u00e9unit une d\u00e9l\u00e9gation\u00a0 sous le titre \u00ab\u00a0L&rsquo;art graphique russe sans fronti\u00e8res\u00a0\u00bb\u00a0 qui pr\u00e9sentera 12 artistes russes\u00a0 travaillant dans des techniques et venant des pays des rr\u00e9sidences divers.<br \/>\nIls ont cependant en commun le fait d&rsquo;avoir fait leurs \u00e9tudes dans les plus grandes \u00e9coles d&rsquo;art de Russie ou de l&rsquo;ex-URSS.<br \/>\n<\/strong><\/p>\n<p><strong>Notre association remercie\u00a0 Catherine<\/strong> <strong>Gaillard-Perez responsable des d\u00e9l\u00e9gations \u00e9trang\u00e8res<\/strong> <strong>et\u00a0 Daniel Gallais, pr\u00e9sident du Salon\u00a0 du Dessin et peinture \u00e0 l&rsquo;eau ainsi que de l&rsquo;Exposition \u00ab\u00a0Art Capital\u00a0\u00bb, pour la possibilit\u00e9 de pr\u00e9senter notre groupe\u00a0:<\/strong><\/p>\n<p><strong>Alexandre Dodon,\u00a0 Alexandra Da Fonseca-Guguchkina ; La\u00efma Goda; Rustam Igamberdiev, Olga Litvinenko,\u00a0\u00a0 Elena Moroz,\u00a0 Marina Pospelova-Ezhevskaya,\u00a0 Irina Rebnitskaya, Svetlana Romanova,\u00a0 Alexandr Saikov, Tatyana Yassievich <\/strong>et moi-m\u00eame \u2013<strong> Anna Filimonova<\/strong><\/p>\n<p>D\u00e9couvrez les tableaux de la d\u00e9l\u00e9gation \u00e0 la fin de l&rsquo;article.<\/p>\n<p>Merci \u00e0 l\u2019entreprise russe, productrice de pinceaux au nom symbolique de <strong>Roubloff,<\/strong> pour son soutien. Les pinceaux Roubloff, labellis\u00e9s \u00ab\u00a0Les cent meilleurs produits de Russie\u00a0\u00bb. Nous sommes heureux d\u2019en faire la promotion aupr\u00e8s de nos coll\u00e8gues internationaux.<br \/>\n<a href=\"http:\/\/www.roubloff.ru\/\">www.roubloff.ru<\/a><\/p>\n<p><a href=\"https:\/\/galeriedeparis.fr\/afcc\/wp-content\/uploads\/2019\/12\/pinceau-noirroubloff.jpg\"><img loading=\"lazy\" class=\"alignnone wp-image-2050\" src=\"https:\/\/galeriedeparis.fr\/afcc\/wp-content\/uploads\/2019\/12\/pinceau-noirroubloff-1024x869.jpg\" alt=\"\" width=\"484\" height=\"411\" srcset=\"https:\/\/galeriedeparis.fr\/afcc\/wp-content\/uploads\/2019\/12\/pinceau-noirroubloff-1024x869.jpg 1024w, https:\/\/galeriedeparis.fr\/afcc\/wp-content\/uploads\/2019\/12\/pinceau-noirroubloff-300x255.jpg 300w, https:\/\/galeriedeparis.fr\/afcc\/wp-content\/uploads\/2019\/12\/pinceau-noirroubloff-768x652.jpg 768w\" sizes=\"(max-width: 484px) 100vw, 484px\" \/><\/a><\/p>\n<p><strong>D\u00e9couvrez leurs \u0153uvres qui seront pr\u00e9sent\u00e9es\u00a0 au Salon :<br \/>\n<\/strong><\/p>\n<p><strong>1.<\/strong><a href=\"http:\/\/www.filimonova.fr\" target=\"_blank\" rel=\"noopener\"><strong>Anna Filimonova ( Paris, Saint-P\u00e9tersbourg, Diplom\u00e9e de l&rsquo; Institut R\u00e9pine Saint-P\u00e9tersbourg)\u00a0<\/strong><\/a><\/p>\n<p><a href=\"https:\/\/galeriedeparis.fr\/afcc\/wp-content\/uploads\/2019\/12\/del-russe-filimonova-100X70.jpg\" target=\"_blank\" rel=\"noopener\"><img loading=\"lazy\" class=\"alignnone wp-image-2042\" src=\"https:\/\/galeriedeparis.fr\/afcc\/wp-content\/uploads\/2019\/12\/del-russe-filimonova-100X70-758x1024.jpg\" alt=\"\" width=\"376\" height=\"508\" srcset=\"https:\/\/galeriedeparis.fr\/afcc\/wp-content\/uploads\/2019\/12\/del-russe-filimonova-100X70-758x1024.jpg 758w, https:\/\/galeriedeparis.fr\/afcc\/wp-content\/uploads\/2019\/12\/del-russe-filimonova-100X70-222x300.jpg 222w, https:\/\/galeriedeparis.fr\/afcc\/wp-content\/uploads\/2019\/12\/del-russe-filimonova-100X70-768x1037.jpg 768w\" sizes=\"(max-width: 376px) 100vw, 376px\" \/><\/a><\/p>\n<p>&nbsp;<\/p>\n<p><a href=\"https:\/\/galeriedeparis.fr\/afcc\/wp-content\/uploads\/2019\/12\/del-russe-filimonova-100X70.jpg\">2. <\/a><a href=\"https:\/\/www.igamberdiev.com\" target=\"_blank\" rel=\"noopener\"><strong>Rustam\u00a0 Igamberdiev\u00a0 <\/strong><\/a><strong>(<\/strong><strong>Sa<\/strong><strong>int-P\u00e9ters<\/strong><strong>bourg,Dipom\u00e9 de l&rsquo; Institut R\u00e9pine, Saint-P\u00e9tersbourg)<\/strong><\/p>\n<p><a href=\"https:\/\/galeriedeparis.fr\/afcc\/wp-content\/uploads\/2019\/12\/del-russe-igamberdiev-59X35-dessin.jpg\" target=\"_blank\" rel=\"noopener\"><img loading=\"lazy\" class=\"alignnone wp-image-2040\" src=\"https:\/\/galeriedeparis.fr\/afcc\/wp-content\/uploads\/2019\/12\/del-russe-igamberdiev-59X35-dessin-619x1024.jpg\" alt=\"\" width=\"371\" height=\"614\" srcset=\"https:\/\/galeriedeparis.fr\/afcc\/wp-content\/uploads\/2019\/12\/del-russe-igamberdiev-59X35-dessin-619x1024.jpg 619w, https:\/\/galeriedeparis.fr\/afcc\/wp-content\/uploads\/2019\/12\/del-russe-igamberdiev-59X35-dessin-181x300.jpg 181w, https:\/\/galeriedeparis.fr\/afcc\/wp-content\/uploads\/2019\/12\/del-russe-igamberdiev-59X35-dessin-768x1271.jpg 768w, https:\/\/galeriedeparis.fr\/afcc\/wp-content\/uploads\/2019\/12\/del-russe-igamberdiev-59X35-dessin.jpg 1697w\" sizes=\"(max-width: 371px) 100vw, 371px\" \/><\/a><\/p>\n<p>&nbsp;<\/p>\n<p><a href=\"https:\/\/dodonart.wixsite.com\/visible\" target=\"_blank\" rel=\"noopener\"><strong>3.\u00a0<\/strong><\/a><a href=\"https:\/\/dodonart.wixsite.com\/visible\" target=\"_blank\" rel=\"noopener\"><strong>Alexander\u00a0 Dodon ( <\/strong><\/a><strong>Saint-P\u00e9tersbourg, Diplom\u00e9 Institut R\u00e9pine<a href=\"http:\/\/www.filimonova.fr\" target=\"_blank\" rel=\"noopener\">)<\/a><\/strong><\/p>\n<p><a href=\"https:\/\/galeriedeparis.fr\/afcc\/wp-content\/uploads\/2019\/12\/del-russe-dodon-Untitled-dessin.jpg\"><img loading=\"lazy\" class=\"alignnone wp-image-2044\" src=\"https:\/\/galeriedeparis.fr\/afcc\/wp-content\/uploads\/2019\/12\/del-russe-dodon-Untitled-dessin-784x1024.jpg\" alt=\"\" width=\"388\" height=\"507\" srcset=\"https:\/\/galeriedeparis.fr\/afcc\/wp-content\/uploads\/2019\/12\/del-russe-dodon-Untitled-dessin-784x1024.jpg 784w, https:\/\/galeriedeparis.fr\/afcc\/wp-content\/uploads\/2019\/12\/del-russe-dodon-Untitled-dessin-230x300.jpg 230w, https:\/\/galeriedeparis.fr\/afcc\/wp-content\/uploads\/2019\/12\/del-russe-dodon-Untitled-dessin-768x1003.jpg 768w, https:\/\/galeriedeparis.fr\/afcc\/wp-content\/uploads\/2019\/12\/del-russe-dodon-Untitled-dessin.jpg 1629w\" sizes=\"(max-width: 388px) 100vw, 388px\" \/><\/a><\/p>\n<p>&nbsp;<\/p>\n<p><strong>4.<a href=\"https:\/\/www.instagram.com\/alexda4nseca\/?hl=fr\" target=\"_blank\" rel=\"noopener\">Alexandra da Fonseca (Guguchkina )( France, Paris, Russie Krasnodar ,\u00a0 dipom\u00e9e de l\u2019institut de culture et arts de Krasnodar )<\/a><\/strong><\/p>\n<p><a href=\"https:\/\/galeriedeparis.fr\/afcc\/wp-content\/uploads\/2019\/12\/del-russe-guguchkina-da-fonseca-chapeau-magique-.jpg\"><img loading=\"lazy\" class=\"alignnone wp-image-2045\" src=\"https:\/\/galeriedeparis.fr\/afcc\/wp-content\/uploads\/2019\/12\/del-russe-guguchkina-da-fonseca-chapeau-magique--819x1024.jpg\" alt=\"\" width=\"376\" height=\"470\" srcset=\"https:\/\/galeriedeparis.fr\/afcc\/wp-content\/uploads\/2019\/12\/del-russe-guguchkina-da-fonseca-chapeau-magique--819x1024.jpg 819w, https:\/\/galeriedeparis.fr\/afcc\/wp-content\/uploads\/2019\/12\/del-russe-guguchkina-da-fonseca-chapeau-magique--240x300.jpg 240w, https:\/\/galeriedeparis.fr\/afcc\/wp-content\/uploads\/2019\/12\/del-russe-guguchkina-da-fonseca-chapeau-magique--768x960.jpg 768w\" sizes=\"(max-width: 376px) 100vw, 376px\" \/><\/a><\/p>\n<p>&nbsp;<\/p>\n<p><strong>5.Laima Goda ( Moscou, Russie, Dipl\u00f4m\u00e9e l\u2019Acad\u00e9mie des arts de Kichinev (Chi\u0219in\u0103u))<br \/>\n<\/strong><br \/>\n<a href=\"https:\/\/galeriedeparis.fr\/afcc\/wp-content\/uploads\/2019\/12\/del-russe-Chevelure_Laima_Goda70X100.jpg\" target=\"_blank\" rel=\"noopener\"><img loading=\"lazy\" class=\"alignnone wp-image-2053\" src=\"https:\/\/galeriedeparis.fr\/afcc\/wp-content\/uploads\/2019\/12\/del-russe-Chevelure_Laima_Goda70X100-717x1024.jpg\" alt=\"\" width=\"383\" height=\"547\" srcset=\"https:\/\/galeriedeparis.fr\/afcc\/wp-content\/uploads\/2019\/12\/del-russe-Chevelure_Laima_Goda70X100-717x1024.jpg 717w, https:\/\/galeriedeparis.fr\/afcc\/wp-content\/uploads\/2019\/12\/del-russe-Chevelure_Laima_Goda70X100-210x300.jpg 210w, https:\/\/galeriedeparis.fr\/afcc\/wp-content\/uploads\/2019\/12\/del-russe-Chevelure_Laima_Goda70X100-768x1097.jpg 768w, https:\/\/galeriedeparis.fr\/afcc\/wp-content\/uploads\/2019\/12\/del-russe-Chevelure_Laima_Goda70X100.jpg 2002w\" sizes=\"(max-width: 383px) 100vw, 383px\" \/><\/a><\/p>\n<p>&nbsp;<\/p>\n<p><a href=\"http:\/\/www.Litvinenkolga.com\" target=\"_blank\" rel=\"noopener\"><strong>6.Olga Litvinenko\u00a0\u00a0<\/strong><\/a><strong>( <\/strong><strong>Saint-P\u00e9tersbourg, diplom\u00e9e de l&rsquo;Institut R\u00e9pine, Saint-P\u00e9tersbourg )<\/strong><\/p>\n<p><a href=\"https:\/\/galeriedeparis.fr\/afcc\/wp-content\/uploads\/2019\/12\/del-russe_Olga-Litvinenko_Etude-nude-women_56-38.jpg\" target=\"_blank\" rel=\"noopener\"><img loading=\"lazy\" class=\"alignnone wp-image-2054\" src=\"https:\/\/galeriedeparis.fr\/afcc\/wp-content\/uploads\/2019\/12\/del-russe_Olga-Litvinenko_Etude-nude-women_56-38-721x1024.jpg\" alt=\"\" width=\"388\" height=\"551\" srcset=\"https:\/\/galeriedeparis.fr\/afcc\/wp-content\/uploads\/2019\/12\/del-russe_Olga-Litvinenko_Etude-nude-women_56-38-721x1024.jpg 721w, https:\/\/galeriedeparis.fr\/afcc\/wp-content\/uploads\/2019\/12\/del-russe_Olga-Litvinenko_Etude-nude-women_56-38-211x300.jpg 211w, https:\/\/galeriedeparis.fr\/afcc\/wp-content\/uploads\/2019\/12\/del-russe_Olga-Litvinenko_Etude-nude-women_56-38-768x1091.jpg 768w\" sizes=\"(max-width: 388px) 100vw, 388px\" \/><\/a><\/p>\n<p>&nbsp;<\/p>\n<p><a href=\"https:\/\/www.instagram.com\/ihappygirl\/?hl=fr\" target=\"_blank\" rel=\"noopener\"><strong>7. Elena Moroz<\/strong><\/a> ( France Meudon , Russie, Krasnodar, Ecole \u00ab\u00a0Figura\u00a0\u00bb)<\/p>\n<p><a href=\"https:\/\/galeriedeparis.fr\/afcc\/wp-content\/uploads\/2019\/12\/delegation-russe-Elena-Moroz-aqua60x100.jpg\"><img loading=\"lazy\" class=\"alignnone wp-image-2055\" src=\"https:\/\/galeriedeparis.fr\/afcc\/wp-content\/uploads\/2019\/12\/delegation-russe-Elena-Moroz-aqua60x100-565x1024.jpg\" alt=\"\" width=\"387\" height=\"702\" srcset=\"https:\/\/galeriedeparis.fr\/afcc\/wp-content\/uploads\/2019\/12\/delegation-russe-Elena-Moroz-aqua60x100-565x1024.jpg 565w, https:\/\/galeriedeparis.fr\/afcc\/wp-content\/uploads\/2019\/12\/delegation-russe-Elena-Moroz-aqua60x100-165x300.jpg 165w, https:\/\/galeriedeparis.fr\/afcc\/wp-content\/uploads\/2019\/12\/delegation-russe-Elena-Moroz-aqua60x100-768x1393.jpg 768w\" sizes=\"(max-width: 387px) 100vw, 387px\" \/><\/a><\/p>\n<p><strong><a href=\"http:\/\/www.marinart.de\/\" target=\"_blank\" rel=\"noopener\">8.Marina Pospelova Eshevskaya\u00a0 <\/a>(Allemagne Munich, Russie : Novossibirsk et Saint-P\u00e9tersbourg, dipl\u00f4m\u00e9e de l&rsquo;Institut R\u00e9pine)<\/strong><\/p>\n<p><a href=\"https:\/\/galeriedeparis.fr\/afcc\/wp-content\/uploads\/2019\/12\/Del-russe-_MarinaPospelova-Ezhevskaya-Bears-and-Butterflie-aquarelle-.jpg\"><img loading=\"lazy\" class=\"alignnone size-large wp-image-2059\" src=\"https:\/\/galeriedeparis.fr\/afcc\/wp-content\/uploads\/2019\/12\/Del-russe-_MarinaPospelova-Ezhevskaya-Bears-and-Butterflie-aquarelle--1024x690.jpg\" alt=\"\" width=\"640\" height=\"431\" srcset=\"https:\/\/galeriedeparis.fr\/afcc\/wp-content\/uploads\/2019\/12\/Del-russe-_MarinaPospelova-Ezhevskaya-Bears-and-Butterflie-aquarelle--1024x690.jpg 1024w, https:\/\/galeriedeparis.fr\/afcc\/wp-content\/uploads\/2019\/12\/Del-russe-_MarinaPospelova-Ezhevskaya-Bears-and-Butterflie-aquarelle--300x202.jpg 300w, https:\/\/galeriedeparis.fr\/afcc\/wp-content\/uploads\/2019\/12\/Del-russe-_MarinaPospelova-Ezhevskaya-Bears-and-Butterflie-aquarelle--768x517.jpg 768w\" sizes=\"(max-width: 640px) 100vw, 640px\" \/><\/a><\/p>\n<p><a href=\"http:\/\/www.irina-art.net\" target=\"_blank\" rel=\"noopener\"><strong>9. Irina Rebnitskaya\u00a0 (Finlande, Espoo , Russie, St Petersbourg dipl\u00f4m\u00e9e de\u00a0Aalto yliopisto en Finlande\u00a0 et de\u00a0 Academie<\/strong><\/a><strong><b> Stiglitz<\/b><\/strong><strong>\u00a0 <\/strong><a href=\"http:\/\/www.irina-art.net\" target=\"_blank\" rel=\"noopener\"><strong>St Petersbourg, )<\/strong><\/a><br \/>\n<a href=\"https:\/\/galeriedeparis.fr\/afcc\/wp-content\/uploads\/2019\/12\/del-russe_Irina-Rebnitskaya_Evening_58x76cm_2018.jpg\"><img loading=\"lazy\" class=\"alignnone size-large wp-image-2060\" src=\"https:\/\/galeriedeparis.fr\/afcc\/wp-content\/uploads\/2019\/12\/del-russe_Irina-Rebnitskaya_Evening_58x76cm_2018-1024x782.jpg\" alt=\"\" width=\"640\" height=\"489\" srcset=\"https:\/\/galeriedeparis.fr\/afcc\/wp-content\/uploads\/2019\/12\/del-russe_Irina-Rebnitskaya_Evening_58x76cm_2018-1024x782.jpg 1024w, https:\/\/galeriedeparis.fr\/afcc\/wp-content\/uploads\/2019\/12\/del-russe_Irina-Rebnitskaya_Evening_58x76cm_2018-300x229.jpg 300w, https:\/\/galeriedeparis.fr\/afcc\/wp-content\/uploads\/2019\/12\/del-russe_Irina-Rebnitskaya_Evening_58x76cm_2018-768x587.jpg 768w\" sizes=\"(max-width: 640px) 100vw, 640px\" \/><\/a><\/p>\n<p><strong>10. Svetlana Romanova Saint-P\u00e9tersbourg, Russie, dipl\u00f4m\u00e9e de l&rsquo; Acad\u00e9mie <b>Stiglitz<\/b><br \/>\n<\/strong><\/p>\n<p><a href=\"https:\/\/galeriedeparis.fr\/afcc\/wp-content\/uploads\/2019\/12\/Del-russeromanova-aquarelle-70X100.jpg\" target=\"_blank\" rel=\"noopener\"><img loading=\"lazy\" class=\"alignnone wp-image-2056\" src=\"https:\/\/galeriedeparis.fr\/afcc\/wp-content\/uploads\/2019\/12\/Del-russeromanova-aquarelle-70X100-718x1024.jpg\" alt=\"\" width=\"441\" height=\"629\" srcset=\"https:\/\/galeriedeparis.fr\/afcc\/wp-content\/uploads\/2019\/12\/Del-russeromanova-aquarelle-70X100-718x1024.jpg 718w, https:\/\/galeriedeparis.fr\/afcc\/wp-content\/uploads\/2019\/12\/Del-russeromanova-aquarelle-70X100-210x300.jpg 210w, https:\/\/galeriedeparis.fr\/afcc\/wp-content\/uploads\/2019\/12\/Del-russeromanova-aquarelle-70X100-768x1096.jpg 768w, https:\/\/galeriedeparis.fr\/afcc\/wp-content\/uploads\/2019\/12\/Del-russeromanova-aquarelle-70X100.jpg 1104w\" sizes=\"(max-width: 441px) 100vw, 441px\" \/><\/a><\/p>\n<p><strong>11. Alexandre Saikov\u00a0 (Saint-P\u00e9tersbourg, Dipl\u00f4m\u00e9 de l&rsquo; Institut R\u00e9pine \u00e0\u00a0 Saint-P\u00e9tersbourg)<\/strong><br \/>\n<a href=\"https:\/\/galeriedeparis.fr\/afcc\/wp-content\/uploads\/2019\/12\/del-russe-Saikov-100X70-aquarelle_3848.jpg\"><img loading=\"lazy\" class=\"alignnone wp-image-2057\" src=\"https:\/\/galeriedeparis.fr\/afcc\/wp-content\/uploads\/2019\/12\/del-russe-Saikov-100X70-aquarelle_3848-1024x719.jpg\" alt=\"\" width=\"607\" height=\"426\" srcset=\"https:\/\/galeriedeparis.fr\/afcc\/wp-content\/uploads\/2019\/12\/del-russe-Saikov-100X70-aquarelle_3848-1024x719.jpg 1024w, https:\/\/galeriedeparis.fr\/afcc\/wp-content\/uploads\/2019\/12\/del-russe-Saikov-100X70-aquarelle_3848-300x211.jpg 300w, https:\/\/galeriedeparis.fr\/afcc\/wp-content\/uploads\/2019\/12\/del-russe-Saikov-100X70-aquarelle_3848-768x539.jpg 768w\" sizes=\"(max-width: 607px) 100vw, 607px\" \/><\/a><\/p>\n<p><a href=\"http:\/\/www.tatyana-yassievich.com\" target=\"_blank\" rel=\"noopener\">12. Tatyana Yassievic<\/a>h ( Amsterdam, Pays Bas -Saint-Petersbourg, Acad\u00e9mie\u00a0\u00a0Stieglitz Saint-P\u00e9tersbourg et De Ateliers Amsterdam)<\/p>\n<p><a href=\"https:\/\/galeriedeparis.fr\/afcc\/wp-content\/uploads\/2019\/12\/del-russe-Yassievich-Rijksmuseum-Library-aquarelle.jpg\"><img loading=\"lazy\" class=\"alignnone wp-image-2058\" src=\"https:\/\/galeriedeparis.fr\/afcc\/wp-content\/uploads\/2019\/12\/del-russe-Yassievich-Rijksmuseum-Library-aquarelle-734x1024.jpg\" alt=\"\" width=\"429\" height=\"599\" srcset=\"https:\/\/galeriedeparis.fr\/afcc\/wp-content\/uploads\/2019\/12\/del-russe-Yassievich-Rijksmuseum-Library-aquarelle-734x1024.jpg 734w, https:\/\/galeriedeparis.fr\/afcc\/wp-content\/uploads\/2019\/12\/del-russe-Yassievich-Rijksmuseum-Library-aquarelle-215x300.jpg 215w, https:\/\/galeriedeparis.fr\/afcc\/wp-content\/uploads\/2019\/12\/del-russe-Yassievich-Rijksmuseum-Library-aquarelle-768x1071.jpg 768w\" sizes=\"(max-width: 429px) 100vw, 429px\" \/><\/a><\/p>\n<p>&nbsp;<\/p>\n<p>Nous vous proposerons ici tr\u00e8s prochainement tous les d\u00e9tails sur cette d\u00e9l\u00e9gation et les dates et lieux de rencontres avec les artistes.<\/p>\n<p>Il y aura \u00e9galement la possibilit\u00e9 de tester les pinceaux<a href=\"https:\/\/www.instagram.com\/brushesroubloff\" target=\"_blank\" rel=\"noopener\"> Roubloff,<\/a><br \/>\n<a href=\"https:\/\/galeriedeparis.fr\/afcc\/wp-content\/uploads\/2019\/12\/IMG_8744.jpg\"><img loading=\"lazy\" class=\"alignnone wp-image-2075\" src=\"https:\/\/galeriedeparis.fr\/afcc\/wp-content\/uploads\/2019\/12\/IMG_8744-1024x768.jpg\" alt=\"\" width=\"563\" height=\"422\" srcset=\"https:\/\/galeriedeparis.fr\/afcc\/wp-content\/uploads\/2019\/12\/IMG_8744-1024x768.jpg 1024w, https:\/\/galeriedeparis.fr\/afcc\/wp-content\/uploads\/2019\/12\/IMG_8744-300x225.jpg 300w, https:\/\/galeriedeparis.fr\/afcc\/wp-content\/uploads\/2019\/12\/IMG_8744-768x576.jpg 768w, https:\/\/galeriedeparis.fr\/afcc\/wp-content\/uploads\/2019\/12\/IMG_8744.jpg 2016w\" sizes=\"(max-width: 563px) 100vw, 563px\" \/><\/a><br \/>\n<a href=\"https:\/\/galeriedeparis.fr\/afcc\/wp-content\/uploads\/2019\/12\/IMG_8745-e1576431045827.jpg\"><img loading=\"lazy\" class=\"alignnone wp-image-2072\" src=\"https:\/\/galeriedeparis.fr\/afcc\/wp-content\/uploads\/2019\/12\/IMG_8745-e1576431045827-768x1024.jpg\" alt=\"\" width=\"567\" height=\"756\" srcset=\"https:\/\/galeriedeparis.fr\/afcc\/wp-content\/uploads\/2019\/12\/IMG_8745-e1576431045827-768x1024.jpg 768w, https:\/\/galeriedeparis.fr\/afcc\/wp-content\/uploads\/2019\/12\/IMG_8745-e1576431045827-225x300.jpg 225w, https:\/\/galeriedeparis.fr\/afcc\/wp-content\/uploads\/2019\/12\/IMG_8745-e1576431045827.jpg 1512w\" sizes=\"(max-width: 567px) 100vw, 567px\" \/><\/a><br \/>\nSuivez le profil instagram\u00a0 <a href=\"https:\/\/www.instagram.com\/annafilimonovaartist\/?hl=fr\" target=\"_blank\" rel=\"noopener\">d&rsquo;Anna Filimonova<\/a><\/p>\n<p>et de<a href=\"https:\/\/www.instagram.com\/olga1_litvinenko\" target=\"_blank\" rel=\"noopener\"> Olga Litvinenko<\/a> pour savoir plus sur les tests et qualit\u00e9s des pinceaux, et pour les acheter vous allez bientot \u00eatre diriger sur une vitrine du lancement des ventes en France.<\/p>\n<p>Pour tout savoir sur l&rsquo;exposition Art Capital et\u00a0 le site du Salon du Dessin et peinture \u00e0 l&rsquo;eau\u00a0 qui accueillera notre D\u00e9l\u00e9gation visiter le site officiel du Salon <a href=\"https:\/\/galeriedeparis.fr\/afcc\/wp-content\/uploads\/2019\/12\/bandeau-salon-du-dessin_9593.jpg\"><img loading=\"lazy\" class=\"alignnone size-full wp-image-2047\" src=\"https:\/\/galeriedeparis.fr\/afcc\/wp-content\/uploads\/2019\/12\/bandeau-salon-du-dessin_9593.jpg\" alt=\"\" width=\"748\" height=\"296\" srcset=\"https:\/\/galeriedeparis.fr\/afcc\/wp-content\/uploads\/2019\/12\/bandeau-salon-du-dessin_9593.jpg 748w, https:\/\/galeriedeparis.fr\/afcc\/wp-content\/uploads\/2019\/12\/bandeau-salon-du-dessin_9593-300x119.jpg 300w\" sizes=\"(max-width: 748px) 100vw, 748px\" \/><\/a><br \/>\n<a href=\"http:\/\/www.peinturealeau.com\/page-d-accueil.html\" target=\"_blank\" rel=\"noopener\">http:\/\/www.peinturealeau.com\/page-d-accueil.html<\/a><\/p>\n<table width=\"194\">\n<tbody>\n<tr>\n<td><\/td>\n<\/tr>\n<\/tbody>\n<\/table>\n<table width=\"194\">\n<tbody>\n<tr>\n<td><\/td>\n<\/tr>\n<\/tbody>\n<\/table>\n<table width=\"194\">\n<tbody>\n<tr>\n<td><\/td>\n<\/tr>\n<\/tbody>\n<\/table>\n<table width=\"194\">\n<tbody>\n<tr>\n<td>I<\/td>\n<\/tr>\n<\/tbody>\n<\/table>\n<table width=\"194\">\n<tbody>\n<tr>\n<td><\/td>\n<\/tr>\n<\/tbody>\n<\/table>\n<table style=\"height: 369px;\" width=\"596\">\n<tbody>\n<tr>\n<td width=\"132\"><\/td>\n<td width=\"62\"><\/td>\n<\/tr>\n<tr>\n<td><\/td>\n<td><\/td>\n<\/tr>\n<tr>\n<td><\/td>\n<td><\/td>\n<\/tr>\n<tr>\n<td><\/td>\n<td><\/td>\n<\/tr>\n<tr>\n<td><\/td>\n<td><\/td>\n<\/tr>\n<tr>\n<td><\/td>\n<td><\/td>\n<\/tr>\n<tr>\n<td><\/td>\n<td><\/td>\n<\/tr>\n<tr>\n<td><\/td>\n<td><\/td>\n<\/tr>\n<tr>\n<td><\/td>\n<td><\/td>\n<\/tr>\n<tr>\n<td><\/td>\n<td><\/td>\n<\/tr>\n<tr>\n<td><\/td>\n<td><\/td>\n<\/tr>\n<tr>\n<td><\/td>\n<td><\/td>\n<\/tr>\n<tr>\n<td><\/td>\n<td><\/td>\n<\/tr>\n<\/tbody>\n<\/table>\n<p>&nbsp;<\/p>\n","protected":false},"excerpt":{"rendered":"<p>Un des 4 salons dites \u00ab\u00a0historique\u00a0\u00bb :\u00a0 Salon\u00a0 \u00ab\u00a0Dessin et peinture \u00e0 l&rsquo;eau\u00a0\u00bb se tiendra du 11 au 16 f\u00e9vrier\u00a0 2020 au Grand Palais dans l\u2019exposition \u00ab\u00a0Art Capital\u00a0\u00bb Festival Cultures Crois\u00e9es r\u00e9unit une d\u00e9l\u00e9gation\u00a0 sous le titre \u00ab\u00a0L&rsquo;art graphique russe &hellip; <a href=\"https:\/\/galeriedeparis.fr\/afcc\/?p=2027\">Continuer la lecture <span class=\"meta-nav\">&rarr;<\/span><\/a><\/p>\n","protected":false},"author":2,"featured_media":2047,"comment_status":"closed","ping_status":"open","sticky":false,"template":"","format":"standard","meta":[],"categories":[213,1,241],"tags":[122,124],"_links":{"self":[{"href":"https:\/\/galeriedeparis.fr\/afcc\/index.php?rest_route=\/wp\/v2\/posts\/2027"}],"collection":[{"href":"https:\/\/galeriedeparis.fr\/afcc\/index.php?rest_route=\/wp\/v2\/posts"}],"about":[{"href":"https:\/\/galeriedeparis.fr\/afcc\/index.php?rest_route=\/wp\/v2\/types\/post"}],"author":[{"embeddable":true,"href":"https:\/\/galeriedeparis.fr\/afcc\/index.php?rest_route=\/wp\/v2\/users\/2"}],"replies":[{"embeddable":true,"href":"https:\/\/galeriedeparis.fr\/afcc\/index.php?rest_route=%2Fwp%2Fv2%2Fcomments&post=2027"}],"version-history":[{"count":43,"href":"https:\/\/galeriedeparis.fr\/afcc\/index.php?rest_route=\/wp\/v2\/posts\/2027\/revisions"}],"predecessor-version":[{"id":2030,"href":"https:\/\/galeriedeparis.fr\/afcc\/index.php?rest_route=\/wp\/v2\/posts\/2027\/revisions\/2030"}],"wp:featuredmedia":[{"embeddable":true,"href":"https:\/\/galeriedeparis.fr\/afcc\/index.php?rest_route=\/wp\/v2\/media\/2047"}],"wp:attachment":[{"href":"https:\/\/galeriedeparis.fr\/afcc\/index.php?rest_route=%2Fwp%2Fv2%2Fmedia&parent=2027"}],"wp:term":[{"taxonomy":"category","embeddable":true,"href":"https:\/\/galeriedeparis.fr\/afcc\/index.php?rest_route=%2Fwp%2Fv2%2Fcategories&post=2027"},{"taxonomy":"post_tag","embeddable":true,"href":"https:\/\/galeriedeparis.fr\/afcc\/index.php?rest_route=%2Fwp%2Fv2%2Ftags&post=2027"}],"curies":[{"name":"wp","href":"https:\/\/api.w.org\/{rel}","templated":true}]}}