{"id":2152,"date":"2020-06-20T11:03:19","date_gmt":"2020-06-20T10:03:19","guid":{"rendered":"https:\/\/galeriedeparis.fr\/afcc\/?p=2152"},"modified":"2021-07-07T16:33:52","modified_gmt":"2021-07-07T15:33:52","slug":"art-graphique-russe-sans-frontieres","status":"publish","type":"post","link":"https:\/\/galeriedeparis.fr\/afcc\/?p=2152","title":{"rendered":"L&rsquo;exposition \u00abArt graphique russe sans fronti\u00e8res\u00bb \u00e0 la Repr\u00e9sentation Commerciale de Russie, Paris"},"content":{"rendered":"<p>Forte de son succ\u00e8s \u00e0 l<strong>&lsquo;Art Capital 2020 o\u00f9 elle \u00e9tait pr\u00e9sent\u00e9e sous sa forme initiale en tant que la<a href=\"ttps:\/\/galeriedeparis.fr\/afcc\/?p=2027\" target=\"_blank\" rel=\"noopener\"> D\u00e9l\u00e9gation Russe au sein du Salon Historique du Dessin et peinture \u00e0 l&rsquo;eau,<\/a> cette exposition\u00a0 fut<\/strong> <strong>invit\u00e9e au Centre Spirituel et Culturel Orthodoxe Russe par son directeur L\u00e9onig Kadyshev \u00e0\u00a0 Paris pour l&rsquo;\u00e9t\u00e9 2020.<\/strong><\/p>\n<p><strong>Actuellement enrichie de nouvelles oeuvres l&rsquo; exposition \u00abArt graphique russe sans fronti\u00e8res\u00bb con\u00e7ue et mont\u00e9e par l&rsquo;association\u00a0 continue son periple \u00e0 Representation Commerciale de Russie, Paris au 49 rue de la Faisanderie 75016 Paris.<\/strong><br \/>\nIl est possible de la visiter sur rendez-vous ou lors des \u00e9v\u00e9nements ponctuels organis\u00e9s soit\u00a0 par l&rsquo;association ou par la R\u00e9pr\u00e9sentation Commerciale.<\/p>\n<p>Visite viruelle de moins d&rsquo;1 minutes &#8211; ici<\/p>\n<p><a href=\"https:\/\/galeriedeparis.fr\/afcc\/wp-content\/uploads\/2020\/06\/expo-a-la-trade-russe_8054.jpg\"><img loading=\"lazy\" class=\"alignnone size-large wp-image-2431\" src=\"https:\/\/galeriedeparis.fr\/afcc\/wp-content\/uploads\/2020\/06\/expo-a-la-trade-russe_8054-1024x768.jpg\" alt=\"\" width=\"640\" height=\"480\" srcset=\"https:\/\/galeriedeparis.fr\/afcc\/wp-content\/uploads\/2020\/06\/expo-a-la-trade-russe_8054-1024x768.jpg 1024w, https:\/\/galeriedeparis.fr\/afcc\/wp-content\/uploads\/2020\/06\/expo-a-la-trade-russe_8054-300x225.jpg 300w, https:\/\/galeriedeparis.fr\/afcc\/wp-content\/uploads\/2020\/06\/expo-a-la-trade-russe_8054-768x576.jpg 768w\" sizes=\"(max-width: 640px) 100vw, 640px\" \/><\/a><\/p>\n<p>Vous pouvez visionn\u00e9r le r\u00e9portage de la pr\u00e9sentation de cette exposition \u00e0 destination des diplomates russes par Anna Filimonova &#8211; <a href=\"https:\/\/www.youtube.com\/watch?v=cgAk5lvpjHk&amp;t=683s\" target=\"_blank\" rel=\"noopener\">vid\u00e9o en russe ici<\/a><\/p>\n<p>Ou voir les r\u00e9portages de ses \u00e9ditions pr\u00e9c\u00e9dentes\u00a0 au Centre Spirituel et Culturel Orthodoxe Russe<\/p>\n<h2>\u00a0Vous pouvez aussi faire une visite virtuelle de cette exposition telle qu&rsquo;elle \u00e9tait pr\u00e9sent\u00e9 au Centre 1 quai Branly- sur youtube<br \/>\nNous remercions\u00a0 <a href=\"https:\/\/www.youtube.com\/watch?v=jiybDSJOdAg&amp;feature=share&amp;fbclid=IwAR197nkp_Fxrbxk8SPlUGTUapIW715O86eYS1PdhkMJPGXSOTgl8HLGn35M\" target=\"_blank\" rel=\"noopener\">Svetlana Romanova, pour cette vid\u00e9o<\/a><\/h2>\n<h2><a href=\"https:\/\/www.youtube.com\/watch?v=jiybDSJOdAg&amp;feature=share&amp;fbclid=IwAR197nkp_Fxrbxk8SPlUGTUapIW715O86eYS1PdhkMJPGXSOTgl8HLGn35M\" target=\"_blank\" rel=\"noopener\"><img loading=\"lazy\" class=\"alignnone wp-image-2179\" src=\"https:\/\/galeriedeparis.fr\/afcc\/wp-content\/uploads\/2020\/02\/video-couverture-scor.jpg\" alt=\"\" width=\"374\" height=\"281\" srcset=\"https:\/\/galeriedeparis.fr\/afcc\/wp-content\/uploads\/2020\/02\/video-couverture-scor.jpg 487w, https:\/\/galeriedeparis.fr\/afcc\/wp-content\/uploads\/2020\/02\/video-couverture-scor-300x225.jpg 300w\" sizes=\"(max-width: 374px) 100vw, 374px\" \/><\/a><\/h2>\n<p>Quelques vues des oeuvres :<\/p>\n<table class=\"fiche\" style=\"height: 77px;\" width=\"484\">\n<tbody>\n<tr>\n<td>\n<table cellspacing=\"0\" cellpadding=\"0\">\n<tbody>\n<tr>\n<td>\n<table class=\"fiche\" style=\"height: 101px;\" width=\"36\">\n<tbody>\n<tr>\n<td><\/td>\n<\/tr>\n<tr>\n<td class=\"titrepartie_fiche\"><\/td>\n<\/tr>\n<tr>\n<td><\/td>\n<\/tr>\n<\/tbody>\n<\/table>\n<\/td>\n<td>\n<table>\n<tbody>\n<tr>\n<td><\/td>\n<\/tr>\n<tr>\n<td>\n<table cellspacing=\"0\">\n<tbody>\n<tr>\n<td><img src=\"http:\/\/www.parismoscou.info\/userfiles\/programmation\/expositions\/peintures\/249.jpeg\" \/><a href=\"https:\/\/galeriedeparis.fr\/afcc\/wp-content\/uploads\/2020\/02\/IMG_1304.jpg\"><img loading=\"lazy\" class=\"alignnone size-full wp-image-2242\" src=\"https:\/\/galeriedeparis.fr\/afcc\/wp-content\/uploads\/2020\/02\/IMG_1304.jpg\" alt=\"\" width=\"640\" height=\"480\" srcset=\"https:\/\/galeriedeparis.fr\/afcc\/wp-content\/uploads\/2020\/02\/IMG_1304.jpg 640w, https:\/\/galeriedeparis.fr\/afcc\/wp-content\/uploads\/2020\/02\/IMG_1304-300x225.jpg 300w\" sizes=\"(max-width: 640px) 100vw, 640px\" \/><\/a> <a href=\"https:\/\/galeriedeparis.fr\/afcc\/wp-content\/uploads\/2020\/02\/IMG_1305.jpg\"><img loading=\"lazy\" class=\"alignnone size-large wp-image-2243\" src=\"https:\/\/galeriedeparis.fr\/afcc\/wp-content\/uploads\/2020\/02\/IMG_1305.jpg\" alt=\"\" width=\"640\" height=\"480\" srcset=\"https:\/\/galeriedeparis.fr\/afcc\/wp-content\/uploads\/2020\/02\/IMG_1305.jpg 640w, https:\/\/galeriedeparis.fr\/afcc\/wp-content\/uploads\/2020\/02\/IMG_1305-300x225.jpg 300w\" sizes=\"(max-width: 640px) 100vw, 640px\" \/><\/a> <a href=\"https:\/\/galeriedeparis.fr\/afcc\/wp-content\/uploads\/2020\/02\/IMG_1306.jpg\"><img loading=\"lazy\" class=\"alignnone size-large wp-image-2244\" src=\"https:\/\/galeriedeparis.fr\/afcc\/wp-content\/uploads\/2020\/02\/IMG_1306.jpg\" alt=\"\" width=\"640\" height=\"480\" srcset=\"https:\/\/galeriedeparis.fr\/afcc\/wp-content\/uploads\/2020\/02\/IMG_1306.jpg 640w, https:\/\/galeriedeparis.fr\/afcc\/wp-content\/uploads\/2020\/02\/IMG_1306-300x225.jpg 300w\" sizes=\"(max-width: 640px) 100vw, 640px\" \/><\/a> <a href=\"https:\/\/galeriedeparis.fr\/afcc\/wp-content\/uploads\/2020\/02\/IMG_1307.jpg\"><img loading=\"lazy\" class=\"alignnone size-large wp-image-2245\" src=\"https:\/\/galeriedeparis.fr\/afcc\/wp-content\/uploads\/2020\/02\/IMG_1307.jpg\" alt=\"\" width=\"640\" height=\"480\" srcset=\"https:\/\/galeriedeparis.fr\/afcc\/wp-content\/uploads\/2020\/02\/IMG_1307.jpg 640w, https:\/\/galeriedeparis.fr\/afcc\/wp-content\/uploads\/2020\/02\/IMG_1307-300x225.jpg 300w\" sizes=\"(max-width: 640px) 100vw, 640px\" \/><\/a> <a href=\"https:\/\/galeriedeparis.fr\/afcc\/wp-content\/uploads\/2020\/02\/IMG_1310.jpg\"><img loading=\"lazy\" class=\"alignnone size-large wp-image-2246\" src=\"https:\/\/galeriedeparis.fr\/afcc\/wp-content\/uploads\/2020\/02\/IMG_1310.jpg\" alt=\"\" width=\"640\" height=\"480\" srcset=\"https:\/\/galeriedeparis.fr\/afcc\/wp-content\/uploads\/2020\/02\/IMG_1310.jpg 640w, https:\/\/galeriedeparis.fr\/afcc\/wp-content\/uploads\/2020\/02\/IMG_1310-300x225.jpg 300w\" sizes=\"(max-width: 640px) 100vw, 640px\" \/><\/a><\/td>\n<\/tr>\n<\/tbody>\n<\/table>\n<\/td>\n<\/tr>\n<\/tbody>\n<\/table>\n<\/td>\n<\/tr>\n<\/tbody>\n<\/table>\n<\/td>\n<\/tr>\n<tr>\n<td class=\"titrepartie_fiche\" colspan=\"2\"><\/td>\n<\/tr>\n<\/tbody>\n<\/table>\n<p>&nbsp;<\/p>\n<p>Forte de grand succ\u00e8s de cette d\u00e9l\u00e9gation russe le groupe a re\u00e7u l&rsquo;invitation du Centre Spirituel et Culturel Orthodoxe Russe d&rsquo;exposer dans ses salles d\u2019exposition mus\u00e9ales\u00a0 au 1er du Centre 1 quai Branly \u00e0 Paris<\/p>\n<p>Les artistes ont pu compl\u00e9ter leur pr\u00e9sentation par 2 -3 oeuvres suppl\u00e9mentaires\u00a0 et donner un\u00a0 image plus compl\u00e8te\u00a0 de leur talents.<\/p>\n<p>Toutes les \u0153uvres\u00a0expos\u00e9es quelle que soit leur technique appliqu\u00e9e visualisent les traits singuli\u00e8res de l\u2019\u00e9cole d\u2019art russe, qui est connu notamment pour son dessin solide et sa richesse \u00e9motionnelle. C\u2019est justement cette derni\u00e8re qualit\u00e9 qui unit \u00e9troitement l\u2019art russe avec l\u2019art fran\u00e7ais.<\/p>\n<p>Cette exposition\u00a0 fut inaugur\u00e9e le 19 f\u00e9vrier \u00e9tait pr\u00e9vue jusqu\u2019au au 12 mars 2020<br \/>\nelle fut ensuite prolong\u00e9e jusqu&rsquo;\u00e0 la fin de l&rsquo;\u00e9t\u00e9 2020<br \/>\nElle a re\u00e7u l&rsquo;invitation de Mikhail Mararov, Le Ministre Conseiller , le Repr\u00e9sentant Commercial de la F\u00e9d\u00e9ration de Russie et elle est expos\u00e9 depuis \u00e0\u00a0 la <a href=\"https:\/\/fra.minpromtorg.gov.ru\/\" target=\"_blank\" rel=\"noopener\">Repr\u00e9sentation Commerciale Russe<\/a><\/p>\n<p><strong>Il est possible de consulter la liste des prix en suivant le <a href=\"https:\/\/galeriedeparis.fr\/afcc\/?p=2158\" target=\"_blank\" rel=\"noopener\">lien <\/a><\/strong><\/p>\n<p><strong>ou en\u00a0 scannant le QuirkCode<\/strong><\/p>\n<p><a href=\"https:\/\/galeriedeparis.fr\/afcc\/wp-content\/uploads\/2020\/02\/page-prix.jpg\"><img loading=\"lazy\" class=\"wp-image-2167 alignright\" src=\"https:\/\/galeriedeparis.fr\/afcc\/wp-content\/uploads\/2020\/02\/page-prix.jpg\" alt=\"\" width=\"125\" height=\"125\" \/><\/a>\u0412\u0445\u043e\u0434 \u043d\u0430 \u0441\u0442\u0440\u0430\u043d\u0438\u0446\u0443 \u0441 \u0446\u0435\u043d\u0430\u043c\u0438 \u043f\u043e <a href=\"https:\/\/galeriedeparis.fr\/afcc\/?p=2158\" target=\"_blank\" rel=\"noopener\">\u0441\u0441\u044b\u043b\u043a\u0435<\/a> \u0438\u043b\u0438\u00a0 \u043f\u043e <strong>QuirkCode<\/strong><\/p>\n<p>&nbsp;<\/p>\n<p>&nbsp;<\/p>\n<h2><\/h2>\n<h2>\u00a0Vous pouvez faire une visite virtuelle sur youtube<br \/>\n( merci \u00e0 <a href=\"https:\/\/www.youtube.com\/watch?v=jiybDSJOdAg&amp;feature=share&amp;fbclid=IwAR197nkp_Fxrbxk8SPlUGTUapIW715O86eYS1PdhkMJPGXSOTgl8HLGn35M\" target=\"_blank\" rel=\"noopener\">Svetlana Romanova, <\/a><\/h2>\n<h2><a href=\"https:\/\/www.youtube.com\/watch?v=jiybDSJOdAg&amp;feature=share&amp;fbclid=IwAR197nkp_Fxrbxk8SPlUGTUapIW715O86eYS1PdhkMJPGXSOTgl8HLGn35M\" target=\"_blank\" rel=\"noopener\"><img loading=\"lazy\" class=\"alignnone wp-image-2179\" src=\"https:\/\/galeriedeparis.fr\/afcc\/wp-content\/uploads\/2020\/02\/video-couverture-scor.jpg\" alt=\"\" width=\"374\" height=\"281\" srcset=\"https:\/\/galeriedeparis.fr\/afcc\/wp-content\/uploads\/2020\/02\/video-couverture-scor.jpg 487w, https:\/\/galeriedeparis.fr\/afcc\/wp-content\/uploads\/2020\/02\/video-couverture-scor-300x225.jpg 300w\" sizes=\"(max-width: 374px) 100vw, 374px\" \/><\/a><\/h2>\n<p>Ou encore visionner le film du vernissage qui a eu lieu le 19 f\u00e9vrier 2020<\/p>\n<p><a href=\"https:\/\/www.youtube.com\/watch?v=x0mNlW79T_Q&amp;pbjreload=10\" target=\"_blank\" rel=\"noopener\"><img loading=\"lazy\" class=\"alignnone size-full wp-image-2183\" src=\"https:\/\/galeriedeparis.fr\/afcc\/wp-content\/uploads\/2020\/02\/vernissage-video.jpg\" alt=\"\" width=\"854\" height=\"518\" srcset=\"https:\/\/galeriedeparis.fr\/afcc\/wp-content\/uploads\/2020\/02\/vernissage-video.jpg 854w, https:\/\/galeriedeparis.fr\/afcc\/wp-content\/uploads\/2020\/02\/vernissage-video-300x182.jpg 300w, https:\/\/galeriedeparis.fr\/afcc\/wp-content\/uploads\/2020\/02\/vernissage-video-768x466.jpg 768w\" sizes=\"(max-width: 854px) 100vw, 854px\" \/><\/a><\/p>\n<h2><strong>Liste des artistes et concept de l&rsquo;exposition:<br \/>\n<\/strong><\/h2>\n<p>Anna Filimonova, une peintre franco-russe et pr\u00e9sidente de l&rsquo;association Festival Cultures Crois\u00e9es qui fut depuis plusieurs ann\u00e9e une participante active de l\u2019ART CAPITAL, a pris l\u2019initiative d\u2019organiser un groupe de peintres russes pour participer au \u201cSalon du dessin et de la peinture \u00e0 l&rsquo;eau\u201d. Elle a r\u00e9ussi \u00e0 r\u00e9unir ses coll\u00e8gues, peintres russes, qui tout en r\u00e9sidant dans de diff\u00e9rents pays d\u2019Europe, n\u00e9anmoins continuent \u00e0 faire vivre \u00e0 travers leurs \u0153uvres\u00a0les principes esth\u00e9tiques de l\u2019\u00e9cole artistique russe:<\/p>\n<p><strong>Anna Filimonova<\/strong>, dipl\u00f4m\u00e9e de l\u2019Institut R\u00e9pine (Acad\u00e9mie des beaux arts de Saint-P\u00e9tersbourg), et de l\u2019Universit\u00e9 Paris I, peintre, membre de la Maison des artistes, chef de la d\u00e9l\u00e9gation russe, habite Paris.<\/p>\n<p><strong>Alexandre Dodon<\/strong>, dipl\u00f4m\u00e9 de l\u2019Institut R\u00e9pine (Acad\u00e9mie des beaux arts de Saint-P\u00e9tersbourg), peintre, membre de l&rsquo;Union des artistes de Saint-P\u00e9tersbourg.<\/p>\n<p><strong>Alexandra Da Fonseca-Guguchkina<\/strong>, dipl\u00f4m\u00e9e de l\u2019Institut de la Culture et des Arts de Krasnodar, habite Paris.<\/p>\n<p><strong>La\u00efma Goda<\/strong>, dipl\u00f4m\u00e9e de l\u2019Acad\u00e9mie des arts de Kichinev (Chi\u0219in\u0103u), membre de l&rsquo;Union des artistes de la Russie, habite Moscou.<\/p>\n<p><strong>Rustam Igamberdiev<\/strong>, membre de l&rsquo;Union des artistes de Saint-P\u00e9tersbourg, sculpteur, dipl\u00f4m\u00e9 de l\u2019Institut R\u00e9pine (Acad\u00e9mie des beaux arts de Saint-P\u00e9tersbourg), habite Saint-P\u00e9tersbourg.<\/p>\n<p><strong>Olga Litvinenko<\/strong>, dipl\u00f4m\u00e9e de l\u2019Institut R\u00e9pine (Acad\u00e9mie des beaux arts de Saint-P\u00e9tersbourg), membre de la soci\u00e9t\u00e9 international \u201cMaitres d\u2019Aquarelle\u201d, aquarelliste, habite Saint-P\u00e9tersbourg.<\/p>\n<p><strong>Elena Moroz<\/strong>, diplom\u00e9e de l&rsquo;Institut de Stavropol, a \u00e9tudi\u00e9 \u00e0 Art Studio, aquarelliste, habite Paris.<\/p>\n<p><strong>Marina Pospelova-Ezhevskaya<\/strong>, dipl\u00f4m\u00e9e de l\u2019Institut R\u00e9pine (Acad\u00e9mie des beaux arts de Saint-P\u00e9tersbourg).<\/p>\n<p><strong>Irina Rebnitskaya<\/strong>, dipl\u00f4m\u00e9e de l&rsquo;Acad\u00e9mie des arts Stieglitz, chef de IWA de Findlande, habite Espoo (Finlande).<\/p>\n<p><strong>Svetlana Romanova<\/strong>, dipl\u00f4m\u00e9e de l&rsquo;Acad\u00e9mie Stieglitz, designer, habite Saint-P\u00e9tersbourg.<\/p>\n<p><strong>Alexandr Saikov<\/strong>, dipl\u00f4m\u00e9 de l\u2019Institut R\u00e9pine (Acad\u00e9mie des beaux arts de Saint-P\u00e9tersbourg), habite Saint-P\u00e9tersbourg.<\/p>\n<p><strong>Tatyana Yassievich<\/strong> a \u00e9tudi\u00e9 \u00e0 De Ateliers, (Amsterdam) et l\u2019Acad\u00e9mie Stieglitz, peintre, habite Amsterdam.<\/p>\n<p>L\u2019exposition pr\u00e9sente \u00e9galement les oeuvres de :<\/p>\n<p><strong>Luminitsa Taburtsa<\/strong>, dipl\u00f4m\u00e9e de l\u2019Institut R\u00e9pine (Acad\u00e9mie des beaux arts de Saint-P\u00e9tersbourg), peintre, habite Saint-P\u00e9tersbourg.<\/p>\n<hr \/>\n<h2><strong>\u00c9v\u00e9nement exceptionnel autour de l&rsquo;exposition<\/strong><\/h2>\n<p>avec <a href=\"https:\/\/galeriedeparis.fr\/afcc\/wp-content\/uploads\/2019\/12\/\u041b\u043e\u0433\u0442\u0438\u043f-\u0420\u0443\u0431\u043b\u0435\u0308\u0444\u0444-\u0447\u0435\u0440.png\"><img loading=\"lazy\" class=\"alignnone wp-image-2049\" src=\"https:\/\/galeriedeparis.fr\/afcc\/wp-content\/uploads\/2019\/12\/\u041b\u043e\u0433\u0442\u0438\u043f-\u0420\u0443\u0431\u043b\u0435\u0308\u0444\u0444-\u0447\u0435\u0440.png\" alt=\"\" width=\"281\" height=\"55\" srcset=\"https:\/\/galeriedeparis.fr\/afcc\/wp-content\/uploads\/2019\/12\/\u041b\u043e\u0433\u0442\u0438\u043f-\u0420\u0443\u0431\u043b\u0435\u0308\u0444\u0444-\u0447\u0435\u0440.png 520w, https:\/\/galeriedeparis.fr\/afcc\/wp-content\/uploads\/2019\/12\/\u041b\u043e\u0433\u0442\u0438\u043f-\u0420\u0443\u0431\u043b\u0435\u0308\u0444\u0444-\u0447\u0435\u0440-300x59.png 300w\" sizes=\"(max-width: 281px) 100vw, 281px\" \/><\/a><\/p>\n<p style=\"text-align: center;\">Anna Filimonova et l\u2019association \u201cFestival-cultures-crois\u00e9es\u201d qu\u2019elle pr\u00e9side organisent chaque ann\u00e9e un festival international de peinture en plein air \u201cIn the cradle of impressionism\u201d. Cette ann\u00e9e cette manifestation artistique aura lieu \u00e0 Paris \u00e0 la fin- ao\u00fbt.<\/p>\n<p style=\"text-align: center;\">En pr\u00e9parant cette rencontre annuelle et dans le cadre du partenariat avec une entreprise russe Roubloff, productrice des pinceaux d\u2019art figurant parmi<br \/>\n\u00abLes cent meilleurs produits de Russie\u00bb,<br \/>\nl\u2019association \u00abFestival-cultures-crois\u00e9es\u00bb invite tous les int\u00e9ress\u00e9s \u00e0 participer \u00e0 une journ\u00e9e de peinture en plein air, organis\u00e9<a href=\"https:\/\/galeriedeparis.fr\/afcc\/?p=2186\" target=\"_blank\" rel=\"noopener\"> <span style=\"color: #ff0000;\"><strong>le 8 mars 2020<\/strong> <strong>du 11h \u00e0 16h<\/strong> <\/span><\/a>aux alentours du Centre orthodoxe spirituel et culturel Russe couronn\u00e9e par une exposition improvis\u00e9e des participants dans le hall de l\u2019Amphith\u00e9\u00e2tre du Centre entre 16h et 18h. Inscription\u00a0 fut obligatoire pour toutes les personnes ayant l\u2019int\u00e9r\u00eat \u00e0 y prendre part sur <u>contact@frenchpleinairpainters.com<\/u>.<\/p>\n<div id=\"attachment_2193\" style=\"width: 650px\" class=\"wp-caption alignnone\"><a href=\"https:\/\/galeriedeparis.fr\/afcc\/?p=2186\" target=\"_blank\" rel=\"noopener\"><img aria-describedby=\"caption-attachment-2193\" loading=\"lazy\" class=\"wp-image-2193 size-large\" src=\"https:\/\/galeriedeparis.fr\/afcc\/wp-content\/uploads\/2020\/04\/\u00a9Boris-Guessel-expo-8-mars-2020_6015-1024x768.jpg\" alt=\"\" width=\"640\" height=\"480\" \/><\/a><p id=\"caption-attachment-2193\" class=\"wp-caption-text\">\u00a9 Boris Guessel<\/p><\/div>\n<p>D\u00e9couvrez le reportage\u00a0 de cette journ\u00e9e exceptionnelle :<\/p>\n<p><a href=\"https:\/\/galeriedeparis.fr\/afcc\/?p=2186\" target=\"_blank\" rel=\"noopener\">https:\/\/galeriedeparis.fr\/afcc\/?p=2186<\/a><\/p>\n<p>&nbsp;<\/p>\n<p>&nbsp;<\/p>\n","protected":false},"excerpt":{"rendered":"<p>Forte de son succ\u00e8s \u00e0 l&lsquo;Art Capital 2020 o\u00f9 elle \u00e9tait pr\u00e9sent\u00e9e sous sa forme initiale en tant que la D\u00e9l\u00e9gation Russe au sein du Salon Historique du Dessin et peinture \u00e0 l&rsquo;eau, cette exposition\u00a0 fut invit\u00e9e au Centre Spirituel &hellip; <a href=\"https:\/\/galeriedeparis.fr\/afcc\/?p=2152\">Continuer la lecture <span class=\"meta-nav\">&rarr;<\/span><\/a><\/p>\n","protected":false},"author":2,"featured_media":2286,"comment_status":"closed","ping_status":"open","sticky":false,"template":"","format":"standard","meta":[],"categories":[213,243,11,214,229,8],"tags":[232,43,36,122,124],"_links":{"self":[{"href":"https:\/\/galeriedeparis.fr\/afcc\/index.php?rest_route=\/wp\/v2\/posts\/2152"}],"collection":[{"href":"https:\/\/galeriedeparis.fr\/afcc\/index.php?rest_route=\/wp\/v2\/posts"}],"about":[{"href":"https:\/\/galeriedeparis.fr\/afcc\/index.php?rest_route=\/wp\/v2\/types\/post"}],"author":[{"embeddable":true,"href":"https:\/\/galeriedeparis.fr\/afcc\/index.php?rest_route=\/wp\/v2\/users\/2"}],"replies":[{"embeddable":true,"href":"https:\/\/galeriedeparis.fr\/afcc\/index.php?rest_route=%2Fwp%2Fv2%2Fcomments&post=2152"}],"version-history":[{"count":38,"href":"https:\/\/galeriedeparis.fr\/afcc\/index.php?rest_route=\/wp\/v2\/posts\/2152\/revisions"}],"predecessor-version":[{"id":2456,"href":"https:\/\/galeriedeparis.fr\/afcc\/index.php?rest_route=\/wp\/v2\/posts\/2152\/revisions\/2456"}],"wp:featuredmedia":[{"embeddable":true,"href":"https:\/\/galeriedeparis.fr\/afcc\/index.php?rest_route=\/wp\/v2\/media\/2286"}],"wp:attachment":[{"href":"https:\/\/galeriedeparis.fr\/afcc\/index.php?rest_route=%2Fwp%2Fv2%2Fmedia&parent=2152"}],"wp:term":[{"taxonomy":"category","embeddable":true,"href":"https:\/\/galeriedeparis.fr\/afcc\/index.php?rest_route=%2Fwp%2Fv2%2Fcategories&post=2152"},{"taxonomy":"post_tag","embeddable":true,"href":"https:\/\/galeriedeparis.fr\/afcc\/index.php?rest_route=%2Fwp%2Fv2%2Ftags&post=2152"}],"curies":[{"name":"wp","href":"https:\/\/api.w.org\/{rel}","templated":true}]}}