{"id":2186,"date":"2020-04-03T19:26:27","date_gmt":"2020-04-03T18:26:27","guid":{"rendered":"https:\/\/galeriedeparis.fr\/afcc\/?p=2186"},"modified":"2020-07-07T00:30:51","modified_gmt":"2020-07-06T23:30:51","slug":"la-journee-de-peinture-en-plein-air-a-loccasion-du-8-mars","status":"publish","type":"post","link":"https:\/\/galeriedeparis.fr\/afcc\/?p=2186","title":{"rendered":"La journ\u00e9e de peinture en plein air \u00e0 l&rsquo;occasion du 8 mars 2020"},"content":{"rendered":"<p><strong>L\u2019Association \u00ab Festival-Cultures Crois\u00e9es \u00bb a organis\u00e9 le 8 mars une journ\u00e9e de peinture en plein air en plein au c\u0153ur de Paris autour de <a href=\"ttps:\/\/galeriedeparis.fr\/afcc\/?p=2152\" target=\"_blank\" rel=\"noopener\">l&rsquo;exposition des peintres russes membres de la d\u00e9l\u00e9gation russe \u00e0\u00a0 l&rsquo;Art Capital. <\/a><\/strong><\/p>\n<p>L&rsquo;ambiance fleurie comme le veut la tradition russe pour la Journ\u00e9e Internationale des Femmes a \u00e9t\u00e9 joyeuse.<\/p>\n<div id=\"attachment_2193\" style=\"width: 650px\" class=\"wp-caption alignnone\"><a href=\"https:\/\/galeriedeparis.fr\/afcc\/wp-content\/uploads\/2020\/04\/\u00a9Boris-Guessel-expo-8-mars-2020_6015.jpg\"><img aria-describedby=\"caption-attachment-2193\" loading=\"lazy\" class=\"wp-image-2193 size-large\" src=\"https:\/\/galeriedeparis.fr\/afcc\/wp-content\/uploads\/2020\/04\/\u00a9Boris-Guessel-expo-8-mars-2020_6015-1024x768.jpg\" alt=\"\" width=\"640\" height=\"480\" \/><\/a><p id=\"caption-attachment-2193\" class=\"wp-caption-text\">\u00a9 Boris Guessel, exposition finale dans le foyer d&rsquo;auditorium du Centre Spirituel et Culturel Orthodoxe Russe<\/p><\/div>\n<p><strong>C&rsquo;est le Centre Spirituel et Culturel Orthodoxe Russe 1 quai Branly 75007 \u00e0 \u00a0 Paris qui nous a permis de nous r\u00e9unir apr\u00e8s cette s\u00e9ance exceptionnelle &lsquo;on remercie vivement pour son hospitalit\u00e9. <\/strong><\/p>\n<p><strong> Le sujet de peinture \u00e9tait\u00a0 libre\u00a0\u00a0\u2014 sur le quai Branly, sur le Pont d&rsquo;Alma ,\u00a0 ou encore la vue du Centre Spirituel et Culturel Orthodoxe Russe\u00a0 .\u00a0 <a href=\"https:\/\/galeriedeparis.fr\/afcc\/wp-content\/uploads\/2020\/04\/scor-logo-petit-1.jpg\"><img loading=\"lazy\" class=\"alignnone size-full wp-image-2221\" src=\"https:\/\/galeriedeparis.fr\/afcc\/wp-content\/uploads\/2020\/04\/scor-logo-petit-1.jpg\" alt=\"\" width=\"300\" height=\"185\" \/><\/a>(\u0153uvre architecturale tr\u00e8s originale de\u00a0 de Jean-Michel Wilmotte)<br \/>\n<\/strong><\/p>\n<p><strong>Les artistes ont bien aim\u00e9 l&rsquo;ambiance malgr\u00e9 la m\u00e9t\u00e9o qu&rsquo;on ne pouvait pas qualifier comme cl\u00e9mente, Toutefois leurs venue et efforts ont \u00e9t\u00e9<\/strong><strong>\u00a0r\u00e9compens\u00e9 par\u00a0 un cadeau du fabriquant russe des pinceaux beaux arts<\/strong> <a href=\"https:\/\/galeriedeparis.fr\/afcc\/wp-content\/uploads\/2019\/12\/\u041b\u043e\u0433\u0442\u0438\u043f-\u0420\u0443\u0431\u043b\u0435\u0308\u0444\u0444-\u0447\u0435\u0440.png\"><img loading=\"lazy\" class=\"alignnone wp-image-2049\" src=\"https:\/\/galeriedeparis.fr\/afcc\/wp-content\/uploads\/2019\/12\/\u041b\u043e\u0433\u0442\u0438\u043f-\u0420\u0443\u0431\u043b\u0435\u0308\u0444\u0444-\u0447\u0435\u0440.png\" alt=\"\" width=\"276\" height=\"54\" srcset=\"https:\/\/galeriedeparis.fr\/afcc\/wp-content\/uploads\/2019\/12\/\u041b\u043e\u0433\u0442\u0438\u043f-\u0420\u0443\u0431\u043b\u0435\u0308\u0444\u0444-\u0447\u0435\u0440.png 520w, https:\/\/galeriedeparis.fr\/afcc\/wp-content\/uploads\/2019\/12\/\u041b\u043e\u0433\u0442\u0438\u043f-\u0420\u0443\u0431\u043b\u0435\u0308\u0444\u0444-\u0447\u0435\u0440-300x59.png 300w\" sizes=\"(max-width: 276px) 100vw, 276px\" \/><\/a><a href=\"https:\/\/galeriedeparis.fr\/afcc\/wp-content\/uploads\/2020\/04\/Capture-d\u2019e\u0301cran-2020-03-09-a\u0300-20.19.04-e1586021296593.jpg\"><img loading=\"lazy\" class=\" wp-image-2192 alignright\" src=\"https:\/\/galeriedeparis.fr\/afcc\/wp-content\/uploads\/2020\/04\/Capture-d\u2019e\u0301cran-2020-03-09-a\u0300-20.19.04-1024x642.jpg\" alt=\"\" width=\"339\" height=\"213\" \/><\/a><\/p>\n<div id=\"attachment_2206\" style=\"width: 162px\" class=\"wp-caption alignnone\"><a href=\"https:\/\/galeriedeparis.fr\/afcc\/wp-content\/uploads\/2020\/04\/roubloff-rebnitskaay_5473.jpg\"><img aria-describedby=\"caption-attachment-2206\" loading=\"lazy\" class=\"wp-image-2206\" src=\"https:\/\/galeriedeparis.fr\/afcc\/wp-content\/uploads\/2020\/04\/roubloff-rebnitskaay_5473.jpg\" alt=\"\" width=\"152\" height=\"194\" srcset=\"https:\/\/galeriedeparis.fr\/afcc\/wp-content\/uploads\/2020\/04\/roubloff-rebnitskaay_5473.jpg 640w, https:\/\/galeriedeparis.fr\/afcc\/wp-content\/uploads\/2020\/04\/roubloff-rebnitskaay_5473-234x300.jpg 234w\" sizes=\"(max-width: 152px) 100vw, 152px\" \/><\/a><p id=\"caption-attachment-2206\" class=\"wp-caption-text\">\u00a9 Irina Rebnitskaya<\/p><\/div>\n<p><strong>Nous avons le plaisir de vous montrer cette journ\u00e9e et son exposition finale gr\u00e2ce \u00e0 des magnifiques photos de\u00a0 \u00a9 Boris Guessel\u00a0 que nous publions ici et qui illustrent \u00e9galement l&rsquo;article du l&rsquo;Observateur russe cit\u00e9 en bas de page<\/strong><\/p>\n<p><strong>Pour suivre nos journ\u00e9es de peinture en plein air nous vous invitons \u00e0 vous inscrire au <a href=\"https:\/\/frenchpleinairpainters.com\/\" target=\"_blank\" rel=\"noopener\">https:\/\/frenchpleinairpainters.com\/<\/a><\/strong><\/p>\n<p>Photos de <a href=\"http:\/\/rusoch.fr\/fr\/mond\/tak-v-parizhe-vstretili-8-marta.html\" target=\"_blank\" rel=\"noopener\">Boris Guessel<\/a><\/p>\n<p><a href=\"https:\/\/galeriedeparis.fr\/afcc\/wp-content\/uploads\/2020\/04\/\u00a9Boris-Guessel-8-mAR-MARIEFEDEL.jpg\"><img loading=\"lazy\" class=\"alignnone size-full wp-image-2194\" src=\"https:\/\/galeriedeparis.fr\/afcc\/wp-content\/uploads\/2020\/04\/\u00a9Boris-Guessel-8-mAR-MARIEFEDEL.jpg\" alt=\"\" width=\"909\" height=\"675\" srcset=\"https:\/\/galeriedeparis.fr\/afcc\/wp-content\/uploads\/2020\/04\/\u00a9Boris-Guessel-8-mAR-MARIEFEDEL.jpg 909w, https:\/\/galeriedeparis.fr\/afcc\/wp-content\/uploads\/2020\/04\/\u00a9Boris-Guessel-8-mAR-MARIEFEDEL-300x223.jpg 300w, https:\/\/galeriedeparis.fr\/afcc\/wp-content\/uploads\/2020\/04\/\u00a9Boris-Guessel-8-mAR-MARIEFEDEL-768x570.jpg 768w\" sizes=\"(max-width: 909px) 100vw, 909px\" \/><\/a> <a href=\"https:\/\/galeriedeparis.fr\/afcc\/wp-content\/uploads\/2020\/04\/\u00a9Boris-GuesselCyril-Maurette-8-mars.jpg\"><img loading=\"lazy\" class=\"alignnone size-large wp-image-2195\" src=\"https:\/\/galeriedeparis.fr\/afcc\/wp-content\/uploads\/2020\/04\/\u00a9Boris-GuesselCyril-Maurette-8-mars.jpg\" alt=\"\" width=\"640\" height=\"424\" srcset=\"https:\/\/galeriedeparis.fr\/afcc\/wp-content\/uploads\/2020\/04\/\u00a9Boris-GuesselCyril-Maurette-8-mars.jpg 923w, https:\/\/galeriedeparis.fr\/afcc\/wp-content\/uploads\/2020\/04\/\u00a9Boris-GuesselCyril-Maurette-8-mars-300x199.jpg 300w, https:\/\/galeriedeparis.fr\/afcc\/wp-content\/uploads\/2020\/04\/\u00a9Boris-GuesselCyril-Maurette-8-mars-768x508.jpg 768w\" sizes=\"(max-width: 640px) 100vw, 640px\" \/><\/a> <a href=\"https:\/\/galeriedeparis.fr\/afcc\/wp-content\/uploads\/2020\/04\/Capture-d\u2019e\u0301cran-2020-03-09-a\u0300-20.09.04.jpg\"><img loading=\"lazy\" class=\"alignnone size-large wp-image-2189\" src=\"https:\/\/galeriedeparis.fr\/afcc\/wp-content\/uploads\/2020\/04\/Capture-d\u2019e\u0301cran-2020-03-09-a\u0300-20.09.04.jpg\" alt=\"\" width=\"534\" height=\"843\" srcset=\"https:\/\/galeriedeparis.fr\/afcc\/wp-content\/uploads\/2020\/04\/Capture-d\u2019e\u0301cran-2020-03-09-a\u0300-20.09.04.jpg 534w, https:\/\/galeriedeparis.fr\/afcc\/wp-content\/uploads\/2020\/04\/Capture-d\u2019e\u0301cran-2020-03-09-a\u0300-20.09.04-190x300.jpg 190w\" sizes=\"(max-width: 534px) 100vw, 534px\" \/><\/a>\u00a0<a href=\"https:\/\/galeriedeparis.fr\/afcc\/wp-content\/uploads\/2020\/04\/Capture-d\u2019e\u0301cran-2020-03-09-a\u0300-20.19.04.jpg\"><img loading=\"lazy\" class=\"alignnone size-large wp-image-2192\" src=\"https:\/\/galeriedeparis.fr\/afcc\/wp-content\/uploads\/2020\/04\/Capture-d\u2019e\u0301cran-2020-03-09-a\u0300-20.19.04-1024x642.jpg\" alt=\"\" width=\"640\" height=\"401\" \/><\/a> <a href=\"https:\/\/galeriedeparis.fr\/afcc\/wp-content\/uploads\/2020\/04\/IMG_8959.jpeg\"><img loading=\"lazy\" class=\"alignnone size-large wp-image-2191\" src=\"https:\/\/galeriedeparis.fr\/afcc\/wp-content\/uploads\/2020\/04\/IMG_8959-786x1024.jpeg\" alt=\"\" width=\"640\" height=\"834\" srcset=\"https:\/\/galeriedeparis.fr\/afcc\/wp-content\/uploads\/2020\/04\/IMG_8959-786x1024.jpeg 786w, https:\/\/galeriedeparis.fr\/afcc\/wp-content\/uploads\/2020\/04\/IMG_8959-230x300.jpeg 230w, https:\/\/galeriedeparis.fr\/afcc\/wp-content\/uploads\/2020\/04\/IMG_8959-768x1001.jpeg 768w\" sizes=\"(max-width: 640px) 100vw, 640px\" \/><\/a><\/p>\n<p><a href=\"http:\/\/rusoch.fr\/fr\/mond\/tak-v-parizhe-vstretili-8-marta.html\" target=\"_blank\" rel=\"noopener\">http:\/\/rusoch.fr\/fr\/mond\/tak-v-parizhe-vstretili-8-marta.html<\/a><\/p>\n","protected":false},"excerpt":{"rendered":"<p>L\u2019Association \u00ab Festival-Cultures Crois\u00e9es \u00bb a organis\u00e9 le 8 mars une journ\u00e9e de peinture en plein air en plein au c\u0153ur de Paris autour de l&rsquo;exposition des peintres russes membres de la d\u00e9l\u00e9gation russe \u00e0\u00a0 l&rsquo;Art Capital. L&rsquo;ambiance fleurie comme &hellip; <a href=\"https:\/\/galeriedeparis.fr\/afcc\/?p=2186\">Continuer la lecture <span class=\"meta-nav\">&rarr;<\/span><\/a><\/p>\n","protected":false},"author":2,"featured_media":2193,"comment_status":"closed","ping_status":"open","sticky":false,"template":"","format":"standard","meta":[],"categories":[243,11,8,1,191],"tags":[46,34,61],"_links":{"self":[{"href":"https:\/\/galeriedeparis.fr\/afcc\/index.php?rest_route=\/wp\/v2\/posts\/2186"}],"collection":[{"href":"https:\/\/galeriedeparis.fr\/afcc\/index.php?rest_route=\/wp\/v2\/posts"}],"about":[{"href":"https:\/\/galeriedeparis.fr\/afcc\/index.php?rest_route=\/wp\/v2\/types\/post"}],"author":[{"embeddable":true,"href":"https:\/\/galeriedeparis.fr\/afcc\/index.php?rest_route=\/wp\/v2\/users\/2"}],"replies":[{"embeddable":true,"href":"https:\/\/galeriedeparis.fr\/afcc\/index.php?rest_route=%2Fwp%2Fv2%2Fcomments&post=2186"}],"version-history":[{"count":11,"href":"https:\/\/galeriedeparis.fr\/afcc\/index.php?rest_route=\/wp\/v2\/posts\/2186\/revisions"}],"predecessor-version":[{"id":2198,"href":"https:\/\/galeriedeparis.fr\/afcc\/index.php?rest_route=\/wp\/v2\/posts\/2186\/revisions\/2198"}],"wp:featuredmedia":[{"embeddable":true,"href":"https:\/\/galeriedeparis.fr\/afcc\/index.php?rest_route=\/wp\/v2\/media\/2193"}],"wp:attachment":[{"href":"https:\/\/galeriedeparis.fr\/afcc\/index.php?rest_route=%2Fwp%2Fv2%2Fmedia&parent=2186"}],"wp:term":[{"taxonomy":"category","embeddable":true,"href":"https:\/\/galeriedeparis.fr\/afcc\/index.php?rest_route=%2Fwp%2Fv2%2Fcategories&post=2186"},{"taxonomy":"post_tag","embeddable":true,"href":"https:\/\/galeriedeparis.fr\/afcc\/index.php?rest_route=%2Fwp%2Fv2%2Ftags&post=2186"}],"curies":[{"name":"wp","href":"https:\/\/api.w.org\/{rel}","templated":true}]}}