{"id":228,"date":"2014-08-28T15:54:04","date_gmt":"2014-08-28T14:54:04","guid":{"rendered":"http:\/\/galeriedeparis.fr\/afcc\/?p=228"},"modified":"2018-08-15T20:36:56","modified_gmt":"2018-08-15T19:36:56","slug":"compte-rendu-du-ii-eme-concours-de-fourges","status":"publish","type":"post","link":"https:\/\/galeriedeparis.fr\/afcc\/?p=228","title":{"rendered":"Compte rendu du IIeme Concours de Fourges"},"content":{"rendered":"<p>Pour sa deuxi\u00e8me \u00e9dition, le Grand Prix de Fourges 2014 a frapp\u00e9 fort en attirant plus de 60 artistes tant professionnels qu\u2019amateurs, venus peindre les paysages fleuris du Pays du Vexin Normand.<br \/>\nCe concours international, organis\u00e9 par l\u2019Association Festival Cultures Crois\u00e9es et sa pr\u00e9sidente Anna Filimonova, s\u2019est d\u00e9roul\u00e9 sous les yeux d\u2019un public curieux et nombreux. Il est difficile d\u2019estimer le nombre exact, mais ils \u00e9taient sans doute plus de 1000 \u00e0 observer les artistes au travail et l\u2019exposition de fin journ\u00e9e, le dimanche 15 juin attir\u00e9s par le biais de Radio bleue, Paris Normandie ou encore le D\u00e9mocrate vernonnais.<br \/>\nOn comptait \u00e9galement de nombreux \u00ab fans \u00bb, invit\u00e9s par la communaut\u00e9 des artistes. Nous estimons \u00e0 2500 le nombre total des spectateurs touch\u00e9s par le Concours sur la semaine de la pr\u00e9sence des artistes.<br \/>\nLa taille de l\u2019\u0153uvre \u00e0 r\u00e9aliser (1m\u00b2 minimum), \u00e9tait impos\u00e9e par les organisateurs, toute technique restant possible. Pour pr\u00e9server l\u2019esprit de comp\u00e9tition de tous les participants, les \u0153uvres \u00e9taient r\u00e9cup\u00e9r\u00e9es chaque soir et redonn\u00e9es le lendemain.<br \/>\nLors de la c\u00e9r\u00e9monie de remise des prix, environ 400 personnes se sont inscrites pour le vote du prix du public. La veine impressionniste de ce concours a beaucoup plu, ce qui montre l\u2019int\u00e9r\u00eat toujours actuel pour ce courant pictural du XIXe si\u00e8cle. La proximit\u00e9 avec la maison de Claude Monet \u00e0 Giverny a pu enchanter tant le public que les peintres.<br \/>\nLes diverses cat\u00e9gories (\u00ab artiste professionnel \u00bb, \u00ab amateur \u00bb et \u00ab jeune \u00bb) \u00e9taient chacune r\u00e9compens\u00e9es, gr\u00e2ce aux partenaires publics et priv\u00e9s du concours qui ont apport\u00e9s leur soutien \u00e0 cette manifestation. La d\u00e9lib\u00e9ration s\u2019est faite par un jury comp\u00e9tent et international, compos\u00e9 de quatre membres : M. Patrice de la Perri\u00e8re, r\u00e9dacteur en chef du magazine Univers des Arts; Mme Th\u00e9r\u00e8se Josset, directrice de la publication ; M. Eric Boulatov, peintre russe reconnu ; M. Diego Candil, directeur du Mus\u00e9e des Impressionnistes de Giverny<br \/>\nLe Prix dot\u00e9 du lot le plus attractif, cr\u00e9\u00e9 par le Groupe \u00ab Les Escales \u00bb (4 nuits pour 2 personnes dans les h\u00f4tels du groupe aux bords de Seine) a \u00e9t\u00e9 attribu\u00e9 \u00e0 l\u2019artiste rouennais Michel Abdou<br \/>\n( \u211656), qui a tourn\u00e9 le dos au c\u00e9l\u00e8bre Moulin de Fourges et a choisi de brosser les stands des b\u00e9n\u00e9voles, dress\u00e9s \u00e0 l\u2019entr\u00e9e de la ville. Du c\u00f4t\u00e9 des peintres amateurs, Richard Ri\u00e8ge et son lavoir normand ont largement \u00e9t\u00e9 pl\u00e9biscit\u00e9s, avec le plus grand nombre de voix du public \u2013 31\/400 pr\u00e9cis\u00e9ment. Dans la cat\u00e9gorie \u00ab jeunes entre 16 et 26 ans \u00bb, la Londonienne Maria Shepard s\u2019est distingu\u00e9e en remportant le Prix de la Municipalit\u00e9 de Fourges, choisissant de repr\u00e9senter une maison typique de la r\u00e9gion, couverte de roses grimpantes.<br \/>\nLa Liste des laur\u00e9ats :<\/p>\n<p>Prix de la Commune de Fourges (pro) : Anna Polikarpova \u2013 Paris et Moscou Prix de la Commune de Fourges (amateur) : Richard Ri\u00e8ge \u2013 Guyancourt (78)<br \/>\nPrix de la Municipalit\u00e9 de Fourges (jeune) : Maria Shepard \u2013 Londres, Royaume-Uni<br \/>\nPrix du groupes Les \u00ab Escales \u00bb (4 nuits pour 2 dans les h\u00f4tels du groupe situ\u00e9s au bord de Seine) : Michel Abdou \u2013 Rouen (76)<br \/>\nPrix du Vexin Normand : Antonina Federova \u2013 Saint-P\u00e9tersbourg, Russie<br \/>\nPrix du Cr\u00e9dit Agricole ( 300 \u20ac) : Bernard Lunel \u2013 Saint-Marcel (commune de Vernon, 27)<br \/>\nPrix de la soci\u00e9t\u00e9 TVS (300 \u20ac): Katia Shepard \u2013 Londres, Royaume-Uni<br \/>\nPrix de la commune d\u2019Ecos : Nikon Bratanyuk \u2013 Saint-P\u00e9tersbourg, Russie<br \/>\nPrix de l\u2019Univers des Arts (Article) : Natalia Nicolaeva \u2013 R\u00e9publique autonome de Yakoutie (Russie)<br \/>\nPrix du G\u00e9ant-des-Beaux-Arts (150\u20ac bons d\u2019achat) : Pierre Monnet (10) &#8211; France<br \/>\nPrix du G\u00e9ant-des-Beaux-Arts (100\u20ac bons d\u2019achat) : Manon Iasci \u2013 Porcheville (78) &#8211; France<br \/>\nPrix du bateau atelier de Vernon (un apr\u00e8s-midi pour 6 ) : Akim Elman \u2013 Rouen (76) &#8211; France<br \/>\nPrix du Moulin de Fourges (diner pour 2) : Larissa Kovbenko \u2013 Saint-P\u00e9tersbourg, Russie<\/p>\n<p>Le succ\u00e8s \u00e9tait au rendez-vous, l\u2019assistance a \u00e9cout\u00e9 l\u2019intervention de Ma\u00eetre Michel Jouyet, pr\u00e9sident de la Communaut\u00e9 des Communes Epte-Vexin-Seine et conseiller g\u00e9n\u00e9ral de l\u2019Eure ; M. Thierry Plouvier, pr\u00e9sident du Pays du Vexin Normand et Maire de Lyons-La-Foret ; M. Frantz Brengarth, directeur de la soci\u00e9t\u00e9 TVS (Transport de Val de Seine) ; Mme. Evelyne Guerrin, repr\u00e9sentante de la Caisse du Cr\u00e9dit Agricole Normandie-Seine ; Mme. Christ\u00e8le Grosse, repr\u00e9sentante du G\u00e9ant des Beaux-Arts ; Bertrand de Vautibault \u2013 pr\u00e9sident de l\u2019association du Bateau-Atelier du Vernon qui a \u00e9galement offert un prix ; M. Ren\u00e9 Duntz, maire par int\u00e9rim de Fourges ; M. Renald Delalain, adjoint au maire de Fourges. L\u2019int\u00e9r\u00eat qu\u2019ils ont port\u00e9 au projet a sans conteste permis \u00e0 sa diffusion et sa r\u00e9ussite. Tout l\u2019auditoire a eu une pens\u00e9e \u00e9mue pour Denis Regnier, maire de Fourges, emport\u00e9 le 15 mai dernier par une crise cardiaque. Il aurait \u00e9t\u00e9 fier de cet \u00e9v\u00e8nement initi\u00e9 par lui suite \u00e0 sa rencontre avec Anna Filimonova en 2011.<br \/>\nNous remercions chacun des artistes pr\u00e9sents, venus partager leur passion et leur talent ; chacun des b\u00e9n\u00e9voles, dont le d\u00e9vouement et l\u2019enthousiasme ont assur\u00e9 le succ\u00e8s de cette deuxi\u00e8me \u00e9dition ; la commune de Fourges et tous nos partenaires sans qui cette manifestation n\u2019aurait pas \u00e9t\u00e9 possible ; enfin Michel Cribelier pour le pr\u00eat des chevalets.<br \/>\nNombreux commentaires sur facebook sur les 3 pages de l\u2019\u00e9v\u00e8nement mentionnent la bonne ambiance et le plaisir des artistes et du public. Alors :<br \/>\nRendez-vous est pris les 19, 20 et 21 juin 2015<br \/>\npour la 3e \u00e9dition du Grand Prix de Fourges !<br \/>\nTexte : M\u00e9lanie GUESSARD \u2013 charg\u00e9e de mission, stagiaire, photos \u00a9 Christine Guillon<br \/>\nContact : Anna Filimonova \u2013 pr\u00e9sidente de l\u2019Association Festival Cultures Crois\u00e9es, tel. 06.61.91.23.98.<br \/>\nwww.festival-cultures-croisees.eu &#8211; \u00e0 Fourges, avec Annick Dufils et 18 autres personnes.<\/p>\n","protected":false},"excerpt":{"rendered":"<p>Pour sa deuxi\u00e8me \u00e9dition, le Grand Prix de Fourges 2014 a frapp\u00e9 fort en attirant plus de 60 artistes tant professionnels qu\u2019amateurs, venus peindre les paysages fleuris du Pays du Vexin Normand. Ce concours international, organis\u00e9 par l\u2019Association Festival Cultures &hellip; <a href=\"https:\/\/galeriedeparis.fr\/afcc\/?p=228\">Continuer la lecture <span class=\"meta-nav\">&rarr;<\/span><\/a><\/p>\n","protected":false},"author":1,"featured_media":0,"comment_status":"closed","ping_status":"open","sticky":false,"template":"","format":"standard","meta":[],"categories":[218,162],"tags":[],"_links":{"self":[{"href":"https:\/\/galeriedeparis.fr\/afcc\/index.php?rest_route=\/wp\/v2\/posts\/228"}],"collection":[{"href":"https:\/\/galeriedeparis.fr\/afcc\/index.php?rest_route=\/wp\/v2\/posts"}],"about":[{"href":"https:\/\/galeriedeparis.fr\/afcc\/index.php?rest_route=\/wp\/v2\/types\/post"}],"author":[{"embeddable":true,"href":"https:\/\/galeriedeparis.fr\/afcc\/index.php?rest_route=\/wp\/v2\/users\/1"}],"replies":[{"embeddable":true,"href":"https:\/\/galeriedeparis.fr\/afcc\/index.php?rest_route=%2Fwp%2Fv2%2Fcomments&post=228"}],"version-history":[{"count":2,"href":"https:\/\/galeriedeparis.fr\/afcc\/index.php?rest_route=\/wp\/v2\/posts\/228\/revisions"}],"predecessor-version":[{"id":230,"href":"https:\/\/galeriedeparis.fr\/afcc\/index.php?rest_route=\/wp\/v2\/posts\/228\/revisions\/230"}],"wp:attachment":[{"href":"https:\/\/galeriedeparis.fr\/afcc\/index.php?rest_route=%2Fwp%2Fv2%2Fmedia&parent=228"}],"wp:term":[{"taxonomy":"category","embeddable":true,"href":"https:\/\/galeriedeparis.fr\/afcc\/index.php?rest_route=%2Fwp%2Fv2%2Fcategories&post=228"},{"taxonomy":"post_tag","embeddable":true,"href":"https:\/\/galeriedeparis.fr\/afcc\/index.php?rest_route=%2Fwp%2Fv2%2Ftags&post=228"}],"curies":[{"name":"wp","href":"https:\/\/api.w.org\/{rel}","templated":true}]}}