{"id":2383,"date":"2021-01-31T23:28:12","date_gmt":"2021-01-31T22:28:12","guid":{"rendered":"https:\/\/galeriedeparis.fr\/afcc\/?p=2383"},"modified":"2022-10-26T09:50:49","modified_gmt":"2022-10-26T08:50:49","slug":"bonne-annee-2021-restons-unis-courageux-resiliants","status":"publish","type":"post","link":"https:\/\/galeriedeparis.fr\/afcc\/?p=2383","title":{"rendered":"Bonne Ann\u00e9e 2021 ! Restons unis, courageux, resiliants !"},"content":{"rendered":"<h2 style=\"text-align: center;\">Toute l&rsquo;\u00e9quipe de l&rsquo;association Festival Cultures Crois\u00e9es<br \/>\nvous pr\u00e9sente ses meilleurs voeux !<\/h2>\n<p>La p\u00e9riode n&rsquo;est pas simple, mais nous restons \u00e9ternels optimistes et continuons \u00e0 vous pr\u00e9parer des surprises, travaillons sur nos projets de longues dates, croyons dans l&rsquo;avenir meilleur.<br \/>\nPlus que jamais la communication avec vous, nos lecteurs\u00a0 reste importante et la culture avec toute la richesse des amiti\u00e9s internationales et ses \u00e9changes toujours fertiles bien qu&rsquo;ils sont tous renvoy\u00e9s dans la sph\u00e8re virtuelle..<\/p>\n<h2 style=\"text-align: center;\">Regardez Anna Filimonova en vid\u00e9o\u00a0 sur notre ch\u00e2ine<a href=\"https:\/\/www.youtube.com\/watch?v=LzsZj2EtIcM\" target=\"_blank\" rel=\"noopener\"><img loading=\"lazy\" class=\"wp-image-2384 aligncenter\" src=\"https:\/\/galeriedeparis.fr\/afcc\/wp-content\/uploads\/2021\/01\/ANNA-2021-VOEUX--680x1024.jpg\" alt=\"\" width=\"477\" height=\"718\" srcset=\"https:\/\/galeriedeparis.fr\/afcc\/wp-content\/uploads\/2021\/01\/ANNA-2021-VOEUX--680x1024.jpg 680w, https:\/\/galeriedeparis.fr\/afcc\/wp-content\/uploads\/2021\/01\/ANNA-2021-VOEUX--199x300.jpg 199w, https:\/\/galeriedeparis.fr\/afcc\/wp-content\/uploads\/2021\/01\/ANNA-2021-VOEUX-.jpg 750w\" sizes=\"(max-width: 477px) 100vw, 477px\" \/><\/a><\/h2>\n<p>En cette p\u00e9riode il nous parait important de partager cet article de la Tribune de l&rsquo;Art<br \/>\nL&rsquo;opinion publique a encore le pouvoir de changer les choses malgr\u00e9 tout dictat m\u00e9dical partant sans doute de bonnes intentions.<\/p>\n<p>Tant que les d\u00e9bats existent et sont encore permis dans la presse d\u00e9mocratique soutenons-la, partagez donc cet article au plus vite et autant que possible, si vous \u00eates de m\u00eame avis.<\/p>\n<p><a href=\"https:\/\/www.latribunedelart.com\/ouvrir-les-musees-une-question-essentielle\" target=\"_blank\" rel=\"noopener\">https:\/\/www.latribunedelart.com\/ouvrir-les-musees-une-question-essentielle<\/a><\/p>\n<p>&nbsp;<\/p>\n","protected":false},"excerpt":{"rendered":"<p>Toute l&rsquo;\u00e9quipe de l&rsquo;association Festival Cultures Crois\u00e9es vous pr\u00e9sente ses meilleurs voeux ! La p\u00e9riode n&rsquo;est pas simple, mais nous restons \u00e9ternels optimistes et continuons \u00e0 vous pr\u00e9parer des surprises, travaillons sur nos projets de longues dates, croyons dans l&rsquo;avenir &hellip; <a href=\"https:\/\/galeriedeparis.fr\/afcc\/?p=2383\">Continuer la lecture <span class=\"meta-nav\">&rarr;<\/span><\/a><\/p>\n","protected":false},"author":2,"featured_media":0,"comment_status":"closed","ping_status":"open","sticky":false,"template":"","format":"standard","meta":[],"categories":[22],"tags":[32,254],"_links":{"self":[{"href":"https:\/\/galeriedeparis.fr\/afcc\/index.php?rest_route=\/wp\/v2\/posts\/2383"}],"collection":[{"href":"https:\/\/galeriedeparis.fr\/afcc\/index.php?rest_route=\/wp\/v2\/posts"}],"about":[{"href":"https:\/\/galeriedeparis.fr\/afcc\/index.php?rest_route=\/wp\/v2\/types\/post"}],"author":[{"embeddable":true,"href":"https:\/\/galeriedeparis.fr\/afcc\/index.php?rest_route=\/wp\/v2\/users\/2"}],"replies":[{"embeddable":true,"href":"https:\/\/galeriedeparis.fr\/afcc\/index.php?rest_route=%2Fwp%2Fv2%2Fcomments&post=2383"}],"version-history":[{"count":6,"href":"https:\/\/galeriedeparis.fr\/afcc\/index.php?rest_route=\/wp\/v2\/posts\/2383\/revisions"}],"predecessor-version":[{"id":2391,"href":"https:\/\/galeriedeparis.fr\/afcc\/index.php?rest_route=\/wp\/v2\/posts\/2383\/revisions\/2391"}],"wp:attachment":[{"href":"https:\/\/galeriedeparis.fr\/afcc\/index.php?rest_route=%2Fwp%2Fv2%2Fmedia&parent=2383"}],"wp:term":[{"taxonomy":"category","embeddable":true,"href":"https:\/\/galeriedeparis.fr\/afcc\/index.php?rest_route=%2Fwp%2Fv2%2Fcategories&post=2383"},{"taxonomy":"post_tag","embeddable":true,"href":"https:\/\/galeriedeparis.fr\/afcc\/index.php?rest_route=%2Fwp%2Fv2%2Ftags&post=2383"}],"curies":[{"name":"wp","href":"https:\/\/api.w.org\/{rel}","templated":true}]}}