{"id":24,"date":"2010-05-17T11:25:50","date_gmt":"2010-05-17T10:25:50","guid":{"rendered":"http:\/\/galeriedeparis.fr\/afcc\/?p=24"},"modified":"2010-05-17T11:25:50","modified_gmt":"2010-05-17T10:25:50","slug":"exposition-de-tuman-zhumabaev-a-chartres","status":"publish","type":"post","link":"https:\/\/galeriedeparis.fr\/afcc\/?p=24","title":{"rendered":"Exposition de TUMAN Zhumabaev \u00e0 Chartres"},"content":{"rendered":"<p style=\"text-align: center;\"><strong>TUMAN ZHUMABAEV <\/strong><\/p>\n<p style=\"text-align: center;\"><strong><img src=\"images\/stories\/  3.jpg\" alt=\"tuman Zhumabaev avec le portrait de G\u00e9rard Depardieu\" width=\"400\" \/><\/strong><\/p>\n<p style=\"text-align: center;\">\u00a0<\/p>\n<p style=\"text-align: center;\"><strong>EXPOSITION DE TUMAN ZHUMABAEV <br \/><\/strong><\/p>\n<div style=\"text-align: center;\"><\/div>\n<p style=\"text-align: center;\"><strong>se deroulera lors\u00a0 <br \/>DES JOURN\u00c9ES CULTURELLES MUSICALES RUSSES<br \/>\u00c0 CHARTRES DU 26 AU 29 MAI 2010<\/strong><\/p>\n<p style=\"text-align: center;\">Cette manifestation est organis\u00e9e par l&rsquo;association Dialogues 28<\/p>\n<p>Appr\u00e9ciant tout particuli\u00e8rement le talent de cet artiste extraordinaire, nous sommes heureux de vous pr\u00e9senter <br \/>Tuman Zhumabaev, qui vient en France pour la premi\u00e8re fois avec sa toute nouvelle s\u00e9rie \u00ab\u00a0Portraits de Stars de Cin\u00e9ma Fran\u00e7ais\u00a0\u00bb<\/p>\n<p><img src=\"images\/stories\/tuman-portrait.jpg\" width=\"200\" \/> <img src=\"images\/stories\/01-tuman.jpg\" alt=\"louis de Funes\" width=\"200\" \/> <img src=\"images\/stories\/07-tuman.jpg\" width=\"216\" \/><\/p>\n<p>\u00a0<\/p>\n<p>Ce peintre d&rsquo;origine Kirghiz, issu de la Grande Ecole d&rsquo;art de Saint-P\u00e9tersbourg Acad\u00e9mie Ilya Repine, est devenu <br \/>un v\u00e9ritable star dans sa ville d&rsquo;adoption. Apr\u00e8s ses \u00e9tudes dans l&rsquo;atelier de Yri Neprintzev, il reste \u00e0 Saint-P\u00e9tersbourg <br \/>et s&rsquo;inscrit\u00a0 tr\u00e8s vite dans la cohorte d&rsquo;artistes les plus remarqu\u00e9s de sa g\u00e9n\u00e9ration.<\/p>\n<p>D\u00e9j\u00e0 bien connu au sein de trio \u00ab\u00a0Argonautes\u00a0\u00bb, Tuman manifeste ces derni\u00e8res ann\u00e9es une personnalit\u00e9 forte, tr\u00e8s affirm\u00e9e,<br \/> sa palette de d\u00e9veloppe, les couleurs chatoyantes sont pleines de finesses, le toucher de pinceaux est libre et sensuel.<\/p>\n<p>D&rsquo;abord connu comme in\u00e9mitable ma\u00eetre de peinture des fleurs, dont vous verrez un petit aper\u00e7u, <br \/>Tuman d\u00e9v\u00e9loppe son prpore style\u00a0 qui bien que marqu\u00e9 par le r\u00e9alisme assum\u00e9 se pr\u00e9sente aussi comme\u00a0 tr\u00e8s contemporain de par ses th\u00e8mes parfois inattendus et pas faciles.<\/p>\n<p>Tel\u00a0 \u00e9tait son defi en 2009\u00a0 lanc\u00e9 \u00e0 <a target=\"_blank\" href=\"http:\/\/www.tumanart.ru\/video\/rembr.wmv\">Rembrandt,<\/a> <br \/>ou la s\u00e9rie\u00a0 \u00e0 la fronti\u00e8re entre le r\u00e9alisme et l&rsquo;art conceptuel <a target=\"_blank\" href=\"http:\/\/www.tumanart.ru\/gallery.php\">\u00ab\u00a0Passions du Hareng\u00a0\u00bb<\/a><\/p>\n<p>Fr\u00e9quemment invit\u00e9 aux grandes manifestations musicales comme par exemple\u00a0 des concerts de c\u00e9l\u00e8brissime <br \/>soprano russe\u00a0 <a target=\"_blank\" href=\"http:\/\/www.tumanart.ru\/viewone.php\">Elena Obraztsova,<\/a> ou encore des \u00e9venements organis\u00e9s par l&rsquo;Acad\u00e9mie de Jeunes Chanteurs,<br \/> cr\u00e9e par <a target=\"_blank\" href=\"http:\/\/www.tumanart.ru\/viewone.php\">Larisa Guerguiev,<\/a> sa pr\u00e9sence au Festival Musical Russe \u00e0 Chartres est une suite logique dans sa demarche.<\/p>\n<p>\u00a0<\/p>\n<p>Nous souhaitons un bon d\u00e9part \u00e0 la carri\u00e8re en France de ce peintre r\u00e9marquable\u00a0 !<br \/>Nous ne doutons pas une seconde\u00a0 que vous aller encore entre parler de lui .<\/p>\n<p>Pour en savoir plus\u00a0 visiter son site officiel, il a des articles, des vid\u00e9o, un texte de c\u00e9l\u00e8bre critique d&rsquo;art russe Mikhail Guerman,<\/p>\n<p>.<a target=\"_blank\" title=\"site officiel de Tuman ZHumabaev\" href=\"http:\/\/www.tumanart.ru\/\">http:\/\/www.tumanart.ru\/<\/a><\/p>\n<p style=\"text-align: center;\"><span style=\"font-size: 12pt;\"><strong> \u00e0 Chartres, <\/strong><\/span><\/p>\n<p style=\"text-align: center;\"><span style=\"font-size: 14pt;\"><strong> Vernissage\u00a0 le\u00a0 25 mai, \u00e0 18 heures, <\/strong><\/span><\/p>\n<p style=\"text-align: center;\"><span style=\"font-size: 12pt;\"><strong>\u00e0 l&rsquo;Agence du Cr\u00e9dit Agricole \u00ab\u00a0Les Halles\u00a0\u00bb. <\/strong><\/span><\/p>\n<p style=\"text-align: center;\">adresse : 1 rue Daniel Boutet -Chartres<strong> <\/strong><\/p>\n<p style=\"text-align: center;\"><strong>T\u00e9l.: pour information Ludmila Solovieva <\/strong>+06 60 82 49 40<\/p>\n<p style=\"text-align: center;\">\u00a0<\/p>\n<div style=\"text-align: center;\"><\/div>\n<p style=\"text-align: center;\"><strong><span style=\"font-size: 14pt;\">Autres\u00a0 \u00e9v\u00e9nements\u00a0 des journ\u00e9es russes de Ch\u00e2rtres :<\/span><br \/><\/strong><\/p>\n<div style=\"text-align: center;\"><\/div>\n<p style=\"text-align: center;\">\u00a0<\/p>\n<div style=\"text-align: center;\"><\/div>\n<p style=\"text-align: center;\"><img src=\"images\/stories\/listovka_fin.jpg\" width=\"400\" \/><\/p>\n<p>\u00a0<\/p>\n","protected":false},"excerpt":{"rendered":"<p>TUMAN ZHUMABAEV \u00a0 EXPOSITION DE TUMAN ZHUMABAEV se deroulera lors\u00a0 DES JOURN\u00c9ES CULTURELLES MUSICALES RUSSES\u00c0 CHARTRES DU 26 AU 29 MAI 2010 Cette manifestation est organis\u00e9e par l&rsquo;association Dialogues 28 Appr\u00e9ciant tout particuli\u00e8rement le talent de cet artiste extraordinaire, nous &hellip; <a href=\"https:\/\/galeriedeparis.fr\/afcc\/?p=24\">Continuer la lecture <span class=\"meta-nav\">&rarr;<\/span><\/a><\/p>\n","protected":false},"author":1,"featured_media":0,"comment_status":"open","ping_status":"open","sticky":false,"template":"","format":"standard","meta":[],"categories":[1],"tags":[],"_links":{"self":[{"href":"https:\/\/galeriedeparis.fr\/afcc\/index.php?rest_route=\/wp\/v2\/posts\/24"}],"collection":[{"href":"https:\/\/galeriedeparis.fr\/afcc\/index.php?rest_route=\/wp\/v2\/posts"}],"about":[{"href":"https:\/\/galeriedeparis.fr\/afcc\/index.php?rest_route=\/wp\/v2\/types\/post"}],"author":[{"embeddable":true,"href":"https:\/\/galeriedeparis.fr\/afcc\/index.php?rest_route=\/wp\/v2\/users\/1"}],"replies":[{"embeddable":true,"href":"https:\/\/galeriedeparis.fr\/afcc\/index.php?rest_route=%2Fwp%2Fv2%2Fcomments&post=24"}],"version-history":[{"count":0,"href":"https:\/\/galeriedeparis.fr\/afcc\/index.php?rest_route=\/wp\/v2\/posts\/24\/revisions"}],"wp:attachment":[{"href":"https:\/\/galeriedeparis.fr\/afcc\/index.php?rest_route=%2Fwp%2Fv2%2Fmedia&parent=24"}],"wp:term":[{"taxonomy":"category","embeddable":true,"href":"https:\/\/galeriedeparis.fr\/afcc\/index.php?rest_route=%2Fwp%2Fv2%2Fcategories&post=24"},{"taxonomy":"post_tag","embeddable":true,"href":"https:\/\/galeriedeparis.fr\/afcc\/index.php?rest_route=%2Fwp%2Fv2%2Ftags&post=24"}],"curies":[{"name":"wp","href":"https:\/\/api.w.org\/{rel}","templated":true}]}}