{"id":2623,"date":"2022-01-24T11:58:42","date_gmt":"2022-01-24T10:58:42","guid":{"rendered":"https:\/\/galeriedeparis.fr\/afcc\/?p=2623"},"modified":"2022-02-12T21:16:06","modified_gmt":"2022-02-12T20:16:06","slug":"la-russie-comme-source-dinspiration","status":"publish","type":"post","link":"https:\/\/galeriedeparis.fr\/afcc\/?p=2623","title":{"rendered":"\u00ab La Russie comme source d\u2019inspiration \u00bb"},"content":{"rendered":"<h2><span class=\"VIiyi\" lang=\"fr\"><span class=\"JLqJ4b ChMk0b\" data-language-for-alternatives=\"fr\" data-language-to-translate-into=\"ru\" data-phrase-index=\"0\" data-number-of-phrases=\"1\"><strong>Exposition<\/strong> <strong>\u00abLa Russie comme source d&rsquo;inspiration\u00bb<\/strong><br \/>\n<\/span><\/span><span class=\"VIiyi\" lang=\"fr\"><span class=\"JLqJ4b ChMk0b\" data-language-for-alternatives=\"fr\" data-language-to-translate-into=\"ru\" data-phrase-index=\"0\" data-number-of-phrases=\"1\">au Centre spirituel et culturel orthodoxe russe du Quai Branly \u00e0 Paris du 25 janvier au 13 f\u00e9vrier 2022<\/span><\/span><\/h2>\n<h3><strong>Exposition des artistes-peintres contemporains russes install\u00e9s en France et fran\u00e7ais qui ont eu l\u2019occasion de visiter la Russie<\/strong><\/h3>\n<p>Le vernissage a eu lieu le 4 f\u00e9vrrier -ci-apr\u00e8s le r\u00e9portage visible sur <a href=\"https:\/\/www.instagram.com\/tv\/CZkF7ZCDokn\/\" target=\"_blank\" rel=\"noopener\"><img loading=\"lazy\" class=\"alignnone wp-image-2653\" src=\"https:\/\/galeriedeparis.fr\/afcc\/wp-content\/uploads\/2022\/02\/Instagram_logo_2016.jpeg\" alt=\"\" width=\"98\" height=\"98\" srcset=\"https:\/\/galeriedeparis.fr\/afcc\/wp-content\/uploads\/2022\/02\/Instagram_logo_2016.jpeg 220w, https:\/\/galeriedeparis.fr\/afcc\/wp-content\/uploads\/2022\/02\/Instagram_logo_2016-150x150.jpeg 150w\" sizes=\"(max-width: 98px) 100vw, 98px\" \/> du Centre <\/a><span class=\"VIiyi\" lang=\"fr\"><span class=\"JLqJ4b ChMk0b\" data-language-for-alternatives=\"fr\" data-language-to-translate-into=\"ru\" data-phrase-index=\"0\" data-number-of-phrases=\"1\">spirituel et culturel orthodoxe russe <\/span><\/span><\/p>\n<h3><strong>Organisateur \u2013 Anna Filimonova, pr\u00e9sidente de l\u2019association Festival <\/strong><strong>\u00abCultures crois\u00e9es\u00bb<\/strong><\/h3>\n<p><a href=\"https:\/\/galeriedeparis.fr\/afcc\/?p=2607\" target=\"_blank\" rel=\"noopener\">\u043f\u043e-\u0440\u0443\u0441\u0441\u043a\u0438 \u0437\u0434\u0435\u0441\u044c<\/a><\/p>\n<p><!--more--><\/p>\n<p><a href=\"https:\/\/galeriedeparis.fr\/afcc\/wp-content\/uploads\/2022\/01\/affiche-Filimonova-25-janvier.jpeg\"><img loading=\"lazy\" class=\"alignnone size-large wp-image-2616\" src=\"https:\/\/galeriedeparis.fr\/afcc\/wp-content\/uploads\/2022\/01\/affiche-Filimonova-25-janvier-724x1024.jpeg\" alt=\"\" width=\"640\" height=\"905\" srcset=\"https:\/\/galeriedeparis.fr\/afcc\/wp-content\/uploads\/2022\/01\/affiche-Filimonova-25-janvier-724x1024.jpeg 724w, https:\/\/galeriedeparis.fr\/afcc\/wp-content\/uploads\/2022\/01\/affiche-Filimonova-25-janvier-212x300.jpeg 212w, https:\/\/galeriedeparis.fr\/afcc\/wp-content\/uploads\/2022\/01\/affiche-Filimonova-25-janvier-768x1086.jpeg 768w, https:\/\/galeriedeparis.fr\/afcc\/wp-content\/uploads\/2022\/01\/affiche-Filimonova-25-janvier-1087x1536.jpeg 1087w, https:\/\/galeriedeparis.fr\/afcc\/wp-content\/uploads\/2022\/01\/affiche-Filimonova-25-janvier.jpeg 1190w\" sizes=\"(max-width: 640px) 100vw, 640px\" \/><\/a><\/p>\n<p style=\"text-align: left;\">Pendant plusieurs ann\u00e9es, Anna Filimonova &#8211; l\u2019artiste russe ayant une formation acad\u00e9mique et vivant en France depuis longtemps \u2013 s\u2019int\u00e9resse \u00e0 la probl\u00e9matique de<br \/>\nl\u2019influence du lieu d\u2019origine et de la culture nationale sur la carri\u00e8re d\u2019un peintre<br \/>\ncontemporain. De son point de vue, le regard de l\u2019artiste reste toujours influenc\u00e9 et<br \/>\n\u00e9troitement li\u00e9 avec le lieu de sa naissance et surtout avec le lieu o\u00f9 il a grandi et \u00e9tudi\u00e9.<br \/>\nQuand les champs et les for\u00eats \u00e0 perte de vue &#8211; des paysages lyriques typiquement russes<br \/>\n&#8211; n\u2019entourent plus le peintre et ne repr\u00e9sentent plus pour lui des sources directes d\u2019inspiration, de nombreux artistes russes continuent de reproduire dans leurs \u0153uvres<br \/>\nl\u2019h\u00e9ritage culturel et historique de la Russie. De tels tableaux sont r\u00e9unis \u00e0 cette exposition: des toiles avec des sujets plus profonds et inattendus que de simples motifs folkloriques russes. Quels sont, donc, les composantes de la vie russe qui restent ch\u00e8res \u00e0 nos compatriotes ayant fait leur carri\u00e8re en France, se trouvant ici par la force du destin ou par l\u2019obligation professionnelle ? Comment les peintres fran\u00e7ais ont-t-ils vu la Russie lors de leurs voyages dans ce grand pays ? L\u2019exposition \u00ab La Russie comme source de l\u2019inspiration \u00bb vous aidera \u00e0 r\u00e9pondre \u00e0 ces questions. Vous verrez toute une multitude de genres et de sujets : la nature et les paysages (par Pavlova, de Marliave, Font et Sorokina-<br \/>\nClaude) ; la musique russe (par Filimonova) ; les bateaux russes (par Kataeva Rocheford) ; le cin\u00e9ma russe (par Bitman) ; la po\u00e9sie russe (par Bogatova), l\u2019architecture russe (par Lysak) et aussi la cuisine russe. Et ne nous d\u00eetes pas : \u00ab Oh, encore ce caviar ! \u00bb*&#8230; Le caviar c\u2019est mieux que les airelles, n\u2019est-ce pas ?<\/p>\n<p><em>* Cette phrase fait sourire toute personne ayant n\u00e9e en URSS et ayant vu le film \u00ab Le Soleil blanc du d\u00e9sert \u00bb, dans <\/em><em>l\u2019une des sc\u00e8nes duquel l\u2019un des personnages mange le caviar \u00e0 la louche et n\u2019en peut plus&#8230; Dans le contexte de <\/em><em>notre exposition cette phrase prend un sens satirique et humoristique. Voil\u00e0 pourquoi : si l\u2019un des tableaux repr\u00e9sente <\/em><em>le caviar en tant que le symbole de la cuisine russe, les organisateurs ont \u00e9vit\u00e9 de montrer des \u00ab airelles \u00bb. Dans l\u2019argot <\/em><em>des artistes-peintres russes de formation classique on appelle des \u00ab airelles \u00bb des sujets \u00ab \u00e0 la russe \u00bb facilement <\/em><em>indentifiables et banalis\u00e9s (comme si on repr\u00e9senterait l\u2019image de la France uniquement \u00e0 travers le b\u00e9ret, le vin rouge <\/em><em>et la baguette). Or, comme la France n\u2019est pas qu\u2019un b\u00e9ret, un verre de vin et une baguette, la Russie, elle aussi, en <\/em><em>tant que source d\u2019inspiration est beaucoup plus profonde et fascinante que de traditionnels matriochkas et \u00ab berezkas \u00bb <\/em><em>(des bouleaux). Les organisateurs et les participants \u00e0 l\u2019exposition esp\u00e8rent qu\u2019elle donnera envie aux visiteurs <\/em><em>d\u2019apprendre davantage sur cet \u00e9norme pays, sur son histoire et son pr\u00e9sent.<\/em><\/p>\n<p><strong>.<\/strong><\/p>\n<p><strong>A l\u2019exposition sont pr\u00e9sent\u00e9es les \u0153uvres de :<\/strong><\/p>\n<p>1. <strong>Anna Filimonova<\/strong> \u2013 curatrice, membre de la Maison des artistes de France<br \/>\n2.<strong> Igor Bitman<\/strong> &#8211; membre de la Maison des artistes de France<br \/>\n3. <strong>Youlia Bogatova<\/strong> &#8211; membre de la Maison des artistes de France<br \/>\n4.<strong> Elena Kadysheva<\/strong> \u2013 membre de l\u2019Union des artistes de la r\u00e9gion de Moscou<br \/>\n5. <strong>Olga Kataeva-Rocheford<\/strong> &#8211; membre de la Maison des artistes de France<br \/>\n6. <strong>Tatyana Lysak-Poluchuk<\/strong> &#8211; membre de la Maison des artistes de France<br \/>\n7. <strong>Irina Malachkina<\/strong> &#8211; membre de la Maison des artistes de France<br \/>\n8.<strong> Laurence de Marliave<\/strong> &#8211; membre de la Maison des artistes de France<br \/>\n9.<strong> Anna Pavlova<\/strong> &#8211; membre de l\u2019Union des artistes de la Hollande<br \/>\n10. <strong>Svetlana Sorokina-Claude<\/strong> \u2013 membre de l\u2019Union des historiens d\u2019art<br \/>\n11. <strong>Svetlana Font<\/strong> \u2013 membre de l\u2019Union des artistes de Moscou<\/p>\n","protected":false},"excerpt":{"rendered":"<p>Exposition \u00abLa Russie comme source d&rsquo;inspiration\u00bb au Centre spirituel et culturel orthodoxe russe du Quai Branly \u00e0 Paris du 25 janvier au 13 f\u00e9vrier 2022 Exposition des artistes-peintres contemporains russes install\u00e9s en France et fran\u00e7ais qui ont eu l\u2019occasion de &hellip; <a href=\"https:\/\/galeriedeparis.fr\/afcc\/?p=2623\">Continuer la lecture <span class=\"meta-nav\">&rarr;<\/span><\/a><\/p>\n","protected":false},"author":2,"featured_media":2616,"comment_status":"closed","ping_status":"open","sticky":false,"template":"","format":"standard","meta":[],"categories":[1],"tags":[],"_links":{"self":[{"href":"https:\/\/galeriedeparis.fr\/afcc\/index.php?rest_route=\/wp\/v2\/posts\/2623"}],"collection":[{"href":"https:\/\/galeriedeparis.fr\/afcc\/index.php?rest_route=\/wp\/v2\/posts"}],"about":[{"href":"https:\/\/galeriedeparis.fr\/afcc\/index.php?rest_route=\/wp\/v2\/types\/post"}],"author":[{"embeddable":true,"href":"https:\/\/galeriedeparis.fr\/afcc\/index.php?rest_route=\/wp\/v2\/users\/2"}],"replies":[{"embeddable":true,"href":"https:\/\/galeriedeparis.fr\/afcc\/index.php?rest_route=%2Fwp%2Fv2%2Fcomments&post=2623"}],"version-history":[{"count":5,"href":"https:\/\/galeriedeparis.fr\/afcc\/index.php?rest_route=\/wp\/v2\/posts\/2623\/revisions"}],"predecessor-version":[{"id":2680,"href":"https:\/\/galeriedeparis.fr\/afcc\/index.php?rest_route=\/wp\/v2\/posts\/2623\/revisions\/2680"}],"wp:featuredmedia":[{"embeddable":true,"href":"https:\/\/galeriedeparis.fr\/afcc\/index.php?rest_route=\/wp\/v2\/media\/2616"}],"wp:attachment":[{"href":"https:\/\/galeriedeparis.fr\/afcc\/index.php?rest_route=%2Fwp%2Fv2%2Fmedia&parent=2623"}],"wp:term":[{"taxonomy":"category","embeddable":true,"href":"https:\/\/galeriedeparis.fr\/afcc\/index.php?rest_route=%2Fwp%2Fv2%2Fcategories&post=2623"},{"taxonomy":"post_tag","embeddable":true,"href":"https:\/\/galeriedeparis.fr\/afcc\/index.php?rest_route=%2Fwp%2Fv2%2Ftags&post=2623"}],"curies":[{"name":"wp","href":"https:\/\/api.w.org\/{rel}","templated":true}]}}