{"id":2915,"date":"2026-03-10T00:51:02","date_gmt":"2026-03-09T23:51:02","guid":{"rendered":"https:\/\/galeriedeparis.fr\/afcc\/?p=2915"},"modified":"2026-03-10T01:09:01","modified_gmt":"2026-03-10T00:09:01","slug":"festival-2026-aura-lieu-dans-une-nouvelle-ville-suspens","status":"publish","type":"post","link":"https:\/\/galeriedeparis.fr\/afcc\/?p=2915","title":{"rendered":"Festival 2026 aura lieu dans une nouvelle ville \u2026. Suspens !"},"content":{"rendered":"<p>Bonne Nouvelle 2026\u00a0 ! L&rsquo;ann\u00e9e g\u00e9n\u00e9ralement sans festival ( le Festival aux Andelys est biennale) nous allons devoiler un nouveau lieu impressionniste en R\u00e9gion Parisienne! Vous pourrez le rejoindre en metro parisien !<\/p>\n<p>Suivez nos informations, le Festival 2026 aura lieu dans une nouvelle ville \u2026<\/p>\n<p>L\u2019information est \u00e0 venir bient\u00f4t<\/p>\n<p>Gardez vos dates: du 25 au 28 juin une grande surtprise vous attend : rendez-vous sur les site du<a href=\"https:\/\/frenchpleinairpainters.com\/index.php\/2026\/03\/03\/festival-2026-aura-lieu-dans-une-nouvelle-ville\/\"> Festival\u00a0<\/a><\/p>\n<p><a href=\"https:\/\/galeriedeparis.fr\/afcc\/wp-content\/uploads\/2026\/03\/1annonce-teasing-festival-francais-2026.png\"><img loading=\"lazy\" class=\"alignnone size-large wp-image-2918\" src=\"https:\/\/galeriedeparis.fr\/afcc\/wp-content\/uploads\/2026\/03\/1annonce-teasing-festival-francais-2026-1024x1024.png\" alt=\"\" width=\"640\" height=\"640\" srcset=\"https:\/\/galeriedeparis.fr\/afcc\/wp-content\/uploads\/2026\/03\/1annonce-teasing-festival-francais-2026-1024x1024.png 1024w, https:\/\/galeriedeparis.fr\/afcc\/wp-content\/uploads\/2026\/03\/1annonce-teasing-festival-francais-2026-300x300.png 300w, https:\/\/galeriedeparis.fr\/afcc\/wp-content\/uploads\/2026\/03\/1annonce-teasing-festival-francais-2026-150x150.png 150w, https:\/\/galeriedeparis.fr\/afcc\/wp-content\/uploads\/2026\/03\/1annonce-teasing-festival-francais-2026-768x768.png 768w, https:\/\/galeriedeparis.fr\/afcc\/wp-content\/uploads\/2026\/03\/1annonce-teasing-festival-francais-2026-1536x1536.png 1536w, https:\/\/galeriedeparis.fr\/afcc\/wp-content\/uploads\/2026\/03\/1annonce-teasing-festival-francais-2026.png 1795w\" sizes=\"(max-width: 640px) 100vw, 640px\" \/><\/a><\/p>\n<p>&nbsp;<\/p>\n","protected":false},"excerpt":{"rendered":"<p>Bonne Nouvelle 2026\u00a0 ! L&rsquo;ann\u00e9e g\u00e9n\u00e9ralement sans festival ( le Festival aux Andelys est biennale) nous allons devoiler un nouveau lieu impressionniste en R\u00e9gion Parisienne! Vous pourrez le rejoindre en metro parisien ! Suivez nos informations, le Festival 2026 aura &hellip; <a href=\"https:\/\/galeriedeparis.fr\/afcc\/?p=2915\">Continuer la lecture <span class=\"meta-nav\">&rarr;<\/span><\/a><\/p>\n","protected":false},"author":12,"featured_media":2918,"comment_status":"closed","ping_status":"open","sticky":true,"template":"","format":"standard","meta":[],"categories":[22,221],"tags":[27,146,108],"_links":{"self":[{"href":"https:\/\/galeriedeparis.fr\/afcc\/index.php?rest_route=\/wp\/v2\/posts\/2915"}],"collection":[{"href":"https:\/\/galeriedeparis.fr\/afcc\/index.php?rest_route=\/wp\/v2\/posts"}],"about":[{"href":"https:\/\/galeriedeparis.fr\/afcc\/index.php?rest_route=\/wp\/v2\/types\/post"}],"author":[{"embeddable":true,"href":"https:\/\/galeriedeparis.fr\/afcc\/index.php?rest_route=\/wp\/v2\/users\/12"}],"replies":[{"embeddable":true,"href":"https:\/\/galeriedeparis.fr\/afcc\/index.php?rest_route=%2Fwp%2Fv2%2Fcomments&post=2915"}],"version-history":[{"count":3,"href":"https:\/\/galeriedeparis.fr\/afcc\/index.php?rest_route=\/wp\/v2\/posts\/2915\/revisions"}],"predecessor-version":[{"id":2924,"href":"https:\/\/galeriedeparis.fr\/afcc\/index.php?rest_route=\/wp\/v2\/posts\/2915\/revisions\/2924"}],"wp:featuredmedia":[{"embeddable":true,"href":"https:\/\/galeriedeparis.fr\/afcc\/index.php?rest_route=\/wp\/v2\/media\/2918"}],"wp:attachment":[{"href":"https:\/\/galeriedeparis.fr\/afcc\/index.php?rest_route=%2Fwp%2Fv2%2Fmedia&parent=2915"}],"wp:term":[{"taxonomy":"category","embeddable":true,"href":"https:\/\/galeriedeparis.fr\/afcc\/index.php?rest_route=%2Fwp%2Fv2%2Fcategories&post=2915"},{"taxonomy":"post_tag","embeddable":true,"href":"https:\/\/galeriedeparis.fr\/afcc\/index.php?rest_route=%2Fwp%2Fv2%2Ftags&post=2915"}],"curies":[{"name":"wp","href":"https:\/\/api.w.org\/{rel}","templated":true}]}}