{"id":33,"date":"2010-09-18T20:07:33","date_gmt":"2010-09-18T19:07:33","guid":{"rendered":"http:\/\/galeriedeparis.fr\/afcc\/?p=33"},"modified":"2010-09-18T20:07:33","modified_gmt":"2010-09-18T19:07:33","slug":"anna-filimonova","status":"publish","type":"post","link":"https:\/\/galeriedeparis.fr\/afcc\/?p=33","title":{"rendered":"Anna Filimonova"},"content":{"rendered":"<p><img src=\"images\/stories\/filimonova-image4.jpg\" width=\"400\" \/> <\/p>\n<p>Artiste-Peintre\u00a0 n\u00e9e \u00e0 Saint-P\u00e9tersbourg,\u00a0 diplom\u00e9e de l&rsquo;Acad\u00e9mie des Beaux Arts de Saint-P\u00e9tersbourg,vit et travaille en France depuis 1992,17 expositions personnelles en France et en Russie, participante r\u00e9guli\u00e8re des Grands Salons Fran\u00e7ais\u00a0 Art en Capital, SNBA, membre de l&rsquo;Union des Artistes de Russie, Membre Associ\u00e9 de SNBA, ses eouvres se trouvent dans plusieurs collections publiques, notamment dans l&rsquo;Acad\u00e9mie de Danse Vaganova, Mus\u00e9e de l&rsquo;Acad\u00e9mie des Beaux Arts de Saint-P\u00e9tersbourg, Mairie de Gardanne, Mairie de Pont de Claix, Mairie de S\u00e8te.<\/p>\n<p>Anna Filimonova est \u00e0 l&rsquo;origine de l&rsquo;Edition franco-russe du Salon \u00ab\u00a0Grandes Signatures-Petits Formats\u00a0\u00bb, qu&rsquo;elle a propos\u00e9 \u00e0 Jean-Marie Zacchi. Commissaire de nombreuses expositions organis\u00e9 sous l&rsquo;\u00e9gide de l&rsquo;Association \u00ab\u00a0Festival Cultures Crois\u00e9es\u00a0\u00bb ou ind\u00e9pendemment, Anna Filimonova developpe les actions en faveur de la peinture figurative et les rencontres entre les arts.<\/p>\n<p>Elle dirige la <a target=\"_blank\" title=\"site de la Galerie de Paris\" href=\"..\/\/\">Galerie de Paris <\/a>qu&rsquo;elle a cr\u00e9e avec son mari Jean-Luc Masson en 2004<\/p>\n","protected":false},"excerpt":{"rendered":"<p>Artiste-Peintre\u00a0 n\u00e9e \u00e0 Saint-P\u00e9tersbourg,\u00a0 diplom\u00e9e de l&rsquo;Acad\u00e9mie des Beaux Arts de Saint-P\u00e9tersbourg,vit et travaille en France depuis 1992,17 expositions personnelles en France et en Russie, participante r\u00e9guli\u00e8re des Grands Salons Fran\u00e7ais\u00a0 Art en Capital, SNBA, membre de l&rsquo;Union des Artistes &hellip; <a href=\"https:\/\/galeriedeparis.fr\/afcc\/?p=33\">Continuer la lecture <span class=\"meta-nav\">&rarr;<\/span><\/a><\/p>\n","protected":false},"author":1,"featured_media":0,"comment_status":"open","ping_status":"open","sticky":false,"template":"","format":"standard","meta":[],"categories":[11],"tags":[],"_links":{"self":[{"href":"https:\/\/galeriedeparis.fr\/afcc\/index.php?rest_route=\/wp\/v2\/posts\/33"}],"collection":[{"href":"https:\/\/galeriedeparis.fr\/afcc\/index.php?rest_route=\/wp\/v2\/posts"}],"about":[{"href":"https:\/\/galeriedeparis.fr\/afcc\/index.php?rest_route=\/wp\/v2\/types\/post"}],"author":[{"embeddable":true,"href":"https:\/\/galeriedeparis.fr\/afcc\/index.php?rest_route=\/wp\/v2\/users\/1"}],"replies":[{"embeddable":true,"href":"https:\/\/galeriedeparis.fr\/afcc\/index.php?rest_route=%2Fwp%2Fv2%2Fcomments&post=33"}],"version-history":[{"count":0,"href":"https:\/\/galeriedeparis.fr\/afcc\/index.php?rest_route=\/wp\/v2\/posts\/33\/revisions"}],"wp:attachment":[{"href":"https:\/\/galeriedeparis.fr\/afcc\/index.php?rest_route=%2Fwp%2Fv2%2Fmedia&parent=33"}],"wp:term":[{"taxonomy":"category","embeddable":true,"href":"https:\/\/galeriedeparis.fr\/afcc\/index.php?rest_route=%2Fwp%2Fv2%2Fcategories&post=33"},{"taxonomy":"post_tag","embeddable":true,"href":"https:\/\/galeriedeparis.fr\/afcc\/index.php?rest_route=%2Fwp%2Fv2%2Ftags&post=33"}],"curies":[{"name":"wp","href":"https:\/\/api.w.org\/{rel}","templated":true}]}}