{"id":35,"date":"2010-09-18T21:56:10","date_gmt":"2010-09-18T20:56:10","guid":{"rendered":"http:\/\/galeriedeparis.fr\/afcc\/?p=35"},"modified":"2010-09-18T21:56:10","modified_gmt":"2010-09-18T20:56:10","slug":"l-r","status":"publish","type":"post","link":"https:\/\/galeriedeparis.fr\/afcc\/?p=35","title":{"rendered":"Soir\u00e9e en honneur de Pavlik de Bennigsen 4 octobre 2010"},"content":{"rendered":"<p align=\"center\"><strong> <\/strong><\/p>\n<p align=\"center\"><strong> <\/strong><\/p>\n<p align=\"center\"><strong> <\/strong><\/p>\n<p align=\"center\"><strong>Le 4 octobre \u00e0 19h 30 dans\u00a0 la Salle Rossini <\/strong><\/p>\n<p align=\"center\"><strong>Mairie du 9e<\/strong><\/p>\n<p align=\"center\"><strong><br \/><\/strong><\/p>\n<p align=\"center\"><span style=\"color: #ff0000;\"><strong>Soir\u00e9e en honneur de <\/strong><\/span><\/p>\n<p align=\"center\"><span style=\"color: #ff0000;\"><strong>PAVLIK\u00a0 de BENNIGSEN <\/strong><\/span><\/p>\n<p align=\"center\">Le Baron Russe de Paris ami d\u2019artistes russess<\/p>\n<p align=\"center\">de toutes les vagues et g\u00e9n\u00e9rations, po\u00e8te et musicien<\/p>\n<p align=\"center\">Avec la participation de chanteurs russes de Paris<\/p>\n<p> <\/p>\n<p align=\"center\">\u00a0<\/p>\n<p align=\"center\"><span style=\"text-decoration: underline;\">A cette occasion l\u2019exposition\u00a0 \u00ab\u00a0Grandes Signatures-Petits Formats\u00a0\u00bb resta\u00a0 ouverte jusqu\u2019au 19H 30<\/span><\/p>\n<p align=\"center\"><span style=\"text-decoration: underline;\"><a target=\"_blank\" title=\"extrait de la soir\u00e9e de Pavlik de Bennigsen \u00e0 l'exposition \" Signatures\"\"=\"Signatures\"\"\" href=\"http:\/\/www.youtube.com\/watch?v=4fuvw_3eEYw\">r\u00e9portages photos\u00a0 et vid\u00e9o<\/a><br \/><\/span><\/p>\n<p align=\"center\">\u00a0<\/p>\n<p align=\"center\"><strong>\u0412 \u0440\u0430\u043c\u043a\u0430\u0445 \u0432\u044b\u0441\u0442\u0430\u0432\u043a\u0438 <br \/> <span style=\"color: #ff0000;\">\u00ab\u0411\u043e\u043b\u044c\u0448\u0438\u0435 \u0418\u043c\u0435\u043d\u0430 \u2013 \u041c\u0430\u043b\u0435\u043d\u044c\u043a\u0438\u0439 \u0424\u043e\u0440\u043c\u0430\u0442\u00bb <\/span><\/strong><\/p>\n<p align=\"center\"><strong> <\/strong><\/p>\n<p align=\"center\"><strong>\u0410\u043d\u043d\u0430 \u0424\u0438\u043b\u0438\u043c\u043e\u043d\u043e\u0432\u0430 \u0438 \u0424\u0435\u0441\u0442\u0438\u0432\u0430\u043b\u044c \u041a\u0443\u043b\u044c\u0442\u0443\u0440\u043d\u044b\u0439 \u041f\u0435\u0440\u0435\u043a\u0440\u0451\u0441\u0442\u043e\u043a<br \/> \u043f\u0440\u0438\u0433\u043b\u0430\u0448\u0430\u044e\u0442 \u0412\u0430\u0441 \u043d\u0430 \u0432\u0435\u0447\u0435\u0440, <br \/>\u043f\u043e\u0441\u0432\u044f\u0449\u0435\u043d\u043d\u044b\u0439 <br \/> <\/strong><span style=\"font-size: 12pt;\"><span style=\"color: #ff0000;\"><strong>\u041f\u0430\u0432\u043b\u0438\u043a\u0443 \u0444\u043e\u043d \u0411\u0435\u043d\u043d\u0438\u0433\u0441\u0435\u043d\u0443<\/strong><\/span><\/span><\/p>\n<p align=\"center\"><strong>\u0410\u0432\u0442\u043e\u0440\u0443 \u2013 \u0438\u0441\u043f\u043e\u043b\u043d\u0438\u0442\u0435\u043b\u044e \u0438 \u0434\u0440\u0443\u0433\u0443 \u043c\u043d\u043e\u0433\u0438\u0445 \u043f\u043e\u043a\u043e\u043b\u0435\u043d\u0438\u0439 \u0445\u0443\u0434\u043e\u0436\u043d\u0438\u043a\u043e\u0432<br \/> \u0438 \u0430\u0440\u0442\u0438\u0441\u0442\u043e\u0432 \u0440\u0443\u0441\u0441\u043a\u043e\u0439 \u0434\u0438\u0430\u0441\u043f\u043e\u0440\u044b<\/strong><\/p>\n<p><strong> <\/strong><\/p>\n<p align=\"center\"><strong>\u041f\u0435\u0441\u043d\u0438 \u0438 \u0441\u0442\u0438\u0445\u0438 \u041f\u0430\u0432\u043b\u0438\u043a\u0430 \u043f\u0440\u043e\u0437\u0432\u0443\u0447\u0430\u0442\u0442 \u0432 \u0435\u0433\u043e \u0441\u043e\u0431\u0441\u0442\u0432\u0435\u043d\u043d\u043e\u043c \u00a0\u0438\u0441\u043f\u043e\u043b\u043d\u0435\u043d\u0438\u0438,<br \/> \u0430 \u0442\u0430\u043a\u0436\u0435 \u0432 \u0438\u0441\u043f\u043e\u043b\u043d\u0435\u043d\u0438\u0438 \u043c\u043d\u043e\u0433\u0438\u0445 \u043c\u0443\u0437\u044b\u043a\u0430\u043d\u0442\u043e\u0432 \u0420\u0443\u0441\u0441\u043a\u043e\u0433\u043e \u041f\u0430\u0440\u0438\u0436\u0430.<\/strong><\/p>\n<p align=\"center\"><strong> <\/strong><\/p>\n<p align=\"center\"><strong><br \/><\/strong><\/p>\n<p align=\"center\"><strong> <\/strong><\/p>\n<p align=\"center\"><span style=\"color: #ff0000;\"><span style=\"text-decoration: underline;\"><strong>\u041f\u043e \u0441\u043b\u0443\u0447\u0430\u044e \u043a\u043e\u043d\u0446\u0435\u0440\u0442\u0430 <br \/> <\/strong><strong>\u0432\u044b\u0441\u0442\u0430\u0432\u043a\u0430 <\/strong><strong> \u00ab\u0411\u043e\u043b\u044c\u0448\u0438\u0435 \u0418\u043c\u0435\u043d\u0430 \u2013 \u041c\u0430\u043b\u0435\u043d\u044c\u043a\u0438\u0439 \u0424\u043e\u0440\u043c\u0430\u0442\u00bb<\/strong><\/span><\/span><strong> <\/strong><\/p>\n<p align=\"center\"><strong> \u043e\u0442\u043a\u0440\u044b\u0442\u0430 \u0434\u043e 19 \u0447 30<\/strong><\/p>\n<p align=\"center\"><a target=\"_blank\" title=\"\u0440\u0435\u043f\u043e\u0440\u0442\u0430\u0436 \u0441 \u0411\u0435\u043d\u0435\u0444\u0438\u0441\u0430 \u041f\u0430\u0432\u043b\u0438\u043a\u0430 \u0424\u043e\u043d \u0411\u0435\u043d\u043d\u0438\u0433\u0441\u0435\u043d\u0430\" href=\"http:\/\/www.youtube.com\/watch?v=4fuvw_3eEYw\"><strong>\u0420\u0435\u043f\u043e\u0440\u0442\u0430\u0436 \u0441 \u043a\u043e\u043d\u0446\u0435\u0440\u0442\u0430 \u043d\u0430 you tube <\/strong><span style=\"text-decoration: underline;\"><a target=\"_blank\" title=\"extrait de la soir\u00e9e de Pavlik de Bennigsen \u00e0 l'exposition \" Signatures\"\"=\"Signatures\"\"\">r\u00e9portages photos\u00a0 et vid\u00e9o<\/a><\/span><\/a><\/p>\n<p align=\"center\"><strong><br \/><\/strong><\/p>\n<p align=\"center\"><strong> <\/strong><\/p>\n<p align=\"center\">\u00a0<\/p>\n","protected":false},"excerpt":{"rendered":"<p>Le 4 octobre \u00e0 19h 30 dans\u00a0 la Salle Rossini Mairie du 9e Soir\u00e9e en honneur de PAVLIK\u00a0 de BENNIGSEN Le Baron Russe de Paris ami d\u2019artistes russess de toutes les vagues et g\u00e9n\u00e9rations, po\u00e8te et musicien Avec la participation &hellip; <a href=\"https:\/\/galeriedeparis.fr\/afcc\/?p=35\">Continuer la lecture <span class=\"meta-nav\">&rarr;<\/span><\/a><\/p>\n","protected":false},"author":1,"featured_media":0,"comment_status":"open","ping_status":"open","sticky":false,"template":"","format":"standard","meta":[],"categories":[1],"tags":[],"_links":{"self":[{"href":"https:\/\/galeriedeparis.fr\/afcc\/index.php?rest_route=\/wp\/v2\/posts\/35"}],"collection":[{"href":"https:\/\/galeriedeparis.fr\/afcc\/index.php?rest_route=\/wp\/v2\/posts"}],"about":[{"href":"https:\/\/galeriedeparis.fr\/afcc\/index.php?rest_route=\/wp\/v2\/types\/post"}],"author":[{"embeddable":true,"href":"https:\/\/galeriedeparis.fr\/afcc\/index.php?rest_route=\/wp\/v2\/users\/1"}],"replies":[{"embeddable":true,"href":"https:\/\/galeriedeparis.fr\/afcc\/index.php?rest_route=%2Fwp%2Fv2%2Fcomments&post=35"}],"version-history":[{"count":0,"href":"https:\/\/galeriedeparis.fr\/afcc\/index.php?rest_route=\/wp\/v2\/posts\/35\/revisions"}],"wp:attachment":[{"href":"https:\/\/galeriedeparis.fr\/afcc\/index.php?rest_route=%2Fwp%2Fv2%2Fmedia&parent=35"}],"wp:term":[{"taxonomy":"category","embeddable":true,"href":"https:\/\/galeriedeparis.fr\/afcc\/index.php?rest_route=%2Fwp%2Fv2%2Fcategories&post=35"},{"taxonomy":"post_tag","embeddable":true,"href":"https:\/\/galeriedeparis.fr\/afcc\/index.php?rest_route=%2Fwp%2Fv2%2Ftags&post=35"}],"curies":[{"name":"wp","href":"https:\/\/api.w.org\/{rel}","templated":true}]}}