{"id":40,"date":"2010-10-22T07:51:16","date_gmt":"2010-10-22T06:51:16","guid":{"rendered":"http:\/\/galeriedeparis.fr\/afcc\/?p=40"},"modified":"2016-08-14T22:03:16","modified_gmt":"2016-08-14T21:03:16","slug":"presentation-du-dernier-livre-d-henri-troyat-qui-vient-de-paraitre-a-moscou-en-russe-directement","status":"publish","type":"post","link":"https:\/\/galeriedeparis.fr\/afcc\/?p=40","title":{"rendered":"Pr\u00e9sentation du dernier ouvrage d&rsquo; Henri Troyat paru en russe directement"},"content":{"rendered":"<h3 style=\"text-align: center;\"><\/h3>\n<h3 style=\"text-align: center;\"><span style=\"font-size: 18pt;\"><span style=\"color: #333399;\"><span style=\"font-family: Candara;\">Dans le cadre de l&rsquo;ann\u00e9e France-Russie <\/span><\/span><\/span><\/h3>\n<h3 style=\"text-align: center;\"><span style=\"font-size: 18pt;\"><span style=\"color: #333399;\"><span style=\"font-family: Candara;\">et \u00e0 l&rsquo;occasion de la parution du livre in\u00e9dit <\/span><\/span><\/span><\/h3>\n<h3 style=\"text-align: center;\"><span style=\"font-size: 18pt;\"><span style=\"color: #333399;\"><span style=\"font-family: Candara;\">d\u2019<span style=\"color: #993366;\">Henri Troyat<\/span><\/span><\/span><\/span><\/h3>\n<h3 style=\"text-align: center;\"><span style=\"color: #993366;\"><span style=\"font-size: 18pt;\"><span style=\"font-family: Candara;\"> \u00ab\u00a0L\u2019Amour long comme une vie\u00a0\u00bb <\/span><\/span><\/span><\/h3>\n<p><span style=\"font-size: 18pt;\"><span style=\"color: #333399;\"><span style=\"font-family: Candara;\"> <\/span><\/span><\/span><span style=\"font-size: 12pt;\"><a href=\"http:\/\/www.ozon.ru\/context\/detail\/id\/5469796\/?sms_ss=facebook&#038;at_xt=4cc04605fbe51a33%2C0\" target=\"_blank\" rel=\"nofollow\"><\/a><\/span><\/p>\n<p style=\"text-align: center;\"><img loading=\"lazy\" src=\"http:\/\/external.ak.fbcdn.net\/safe_image.php?d=6876c11db31e9ab719d521322c046f78&#038;w=90&#038;h=90&#038;url=http%3A%2F%2Fwww.ozon.ru%2Fmultimedia%2Fbooks_covers%2F1001935900.jpg\" height=\"148\" width=\"88\" \/><\/p>\n<p>\u00a0<\/p>\n<p style=\"text-align: center;\"><span style=\"font-family: arial,helvetica,sans-serif;\"><span style=\"font-size: 12pt;\"><span style=\"color: #333399;\">Nous sommes heureux de vous inviter\u00a0 \u00e0<br \/><\/span><\/span><\/span><\/p>\n<p style=\"text-align: center;\"><span style=\"font-family: arial,helvetica,sans-serif;\"><span style=\"font-size: 12pt;\"><span style=\"color: #333399;\">d\u00e9couvrir et acqu\u00e9rir cet in\u00e9dit d&rsquo;Henri Troyat.<\/span><\/span><\/span><\/p>\n<p><span style=\"font-family: arial,helvetica,sans-serif;\"><span style=\"font-size: 12pt;\"><span style=\"color: #333399;\"> <\/span><\/span><\/span><\/p>\n<p style=\"text-align: center;\"><span style=\"font-family: arial,helvetica,sans-serif;\"><span style=\"font-size: 12pt;\"><span style=\"color: #333399;\">au\u00a0 <a target=\"_blank\" title=\"site officiel du Centre Culturel de Russie\" href=\"http:\/\/www.russiefrance.org\/\">Centre Culturel de Russie <\/a>au 61 rue Boissi\u00e8re 75016 Paris<\/span><span style=\"color: #333399;\"> <\/span><\/span><\/span><\/p>\n<p style=\"text-align: center;\"><span style=\"font-family: arial,helvetica,sans-serif;\"><span style=\"font-size: 12pt;\"><span style=\"color: #333399;\">lors du Salon de livre russe qui <br \/><\/span><\/span><\/span><\/p>\n<p style=\"text-align: center;\"><span style=\"font-family: arial,helvetica,sans-serif;\"><span style=\"font-size: 12pt;\"><span style=\"color: #333399;\">s&rsquo;y deroulera tout le week-end du 30 et 31 octobre 2010<br \/><\/span><\/span><\/span><\/p>\n<p> <span style=\"font-size: 12pt;\"><br \/><\/span> <\/p>\n<h3 style=\"text-align: center;\"><span style=\"font-size: 12pt;\"><span style=\"color: #993366;\">Le 30 octobre 2010 \u00e0 14h15<\/span><\/span><\/h3>\n<h3 style=\"text-align: center;\"><span style=\"font-size: 12pt;\"><span style=\"color: #333399;\"><span style=\"color: #993366;\"> aura lieu la pr\u00e9sentation officielle du livre;<\/span> <br \/><\/span><\/span><\/h3>\n<p style=\"text-align: center;\"><span style=\"font-size: 12pt;\"><span style=\"color: #333399;\"><strong><span style=\"font-family: Candara;\">avec la participation<\/span><\/strong><\/span><\/span><\/p>\n<p style=\"text-align: center;\"><span style=\"font-size: 12pt;\"><span style=\"color: #333399;\"><strong><span style=\"font-family: Candara;\"> d\u2019Ekaterina GUENIEVA, directrice de la Bilblioth\u00e8que<\/span><\/strong><\/span><\/span><\/p>\n<p style=\"text-align: center;\"><span style=\"font-size: 12pt;\"><span style=\"color: #333399;\"><strong><span style=\"font-family: Candara;\"> nationale de la\u00a0 litt\u00e9rature \u00e9trang\u00e8re \u00e0 Moscou, <\/span><\/strong><\/span><\/span><\/p>\n<p style=\"text-align: center;\"><span style=\"font-size: 12pt;\"><span style=\"color: #333399;\"><strong><span style=\"font-family: Candara;\"> Mich\u00e8le Troyat &#8211; fille de l&rsquo;\u00e9crivain, <\/span><\/strong><\/span><\/span><\/p>\n<p style=\"text-align: center;\"><span style=\"font-size: 12pt;\"><span style=\"color: #333399;\"><strong><span style=\"font-family: Candara;\">Anna Filimonova &#8211; artiste, auteur de la maquette <br \/>et illustratrice<\/span><\/strong><\/span><span style=\"font-family: Candara;\"><span style=\"color: #333399;\"><strong> du livre.<\/strong><\/span><\/span><\/span><\/p>\n<p style=\"text-align: center;\"><a target=\"_blank\" title=\"\u0441\u0442\u0430\u0442\u044c\u044f \u0432 \u0420\u0443\u0441\u0441\u043a\u043e\u043c \u041e\u0447\u0435\u0432\u0438\u0434\u0446\u0435 - \u041f\u0430\u0440\u0438\u0436\" href=\"http:\/\/rusoch.fr\/guests\/drugoj-lev.html#more-3504\"><span style=\"font-size: 12pt;\"><span style=\"font-family: Candara;\"><span style=\"color: #333399;\"><strong>Lire un r\u00e9portage dans l&rsquo;Observateur Russe &#8211;<span style=\"color: #800000;\">\u0447\u0438\u0442\u0430\u0442\u044c \u0432 \u0420\u0443\u0441\u0441\u043a\u043e\u043c \u041e\u0447\u0435\u0432\u0438\u0434\u0446\u0435<\/span> <br \/><\/strong><\/span><\/span><\/span><\/a><\/p>\n<p style=\"text-align: center;\"><span style=\"font-size: 12pt;\"><span style=\"font-family: Candara;\"><span style=\"color: #333399;\"><strong><br \/><\/strong><\/span><\/span><\/span><\/p>\n<p style=\"text-align: justify;\"><span style=\"font-size: 10pt;\"><span style=\"color: #0000ff;\"><span style=\"background-color: #ffffff;\"><em>Ce livre est\u00a0 toute derni\u00e8re oeuvre\u00a0 \u00e9crite\u00a0 par Henri Troyat\u00a0 pendant les derniers<\/em><\/span><\/span><em><span style=\"color: #0000ff;\"><span style=\"background-color: #ffffff;\"> mois de sa longue vie, <\/span><\/span><\/em><\/span><\/p>\n<div style=\"text-align: justify;\"><\/div>\n<div style=\"text-align: justify;\"><\/div>\n<div style=\"text-align: justify;\"><\/div>\n<p style=\"text-align: justify;\"><span style=\"font-size: 10pt;\"><em><span style=\"color: #0000ff;\"><span style=\"background-color: #ffffff;\">Selon sa volont\u00e9 et la d\u00e9cision de sa fille\u00a0 pour lapremi\u00e8re fois<\/span> dans l&rsquo;histoire de son oeuvre Il a parut directement en russe<span style=\"background-color: #ffffff;\"><span style=\"color: #0000ff;\"> <\/span> avant m\u00eame d&rsquo;\u00eatre \u00e9dit\u00e9 en fran\u00e7ais <br \/><\/span><\/span><\/em><\/span><\/p>\n<div style=\"text-align: justify;\"><\/div>\n<p style=\"text-align: justify;\"><span style=\"font-size: 10pt;\"><em><span style=\"color: #0000ff;\"><span style=\"background-color: #ffffff;\"><br \/><\/span><\/span><\/em><\/span><\/p>\n<div style=\"text-align: justify;\"><\/div>\n<div style=\"text-align: justify;\"><\/div>\n<div style=\"text-align: justify;\"><\/div>\n<div style=\"text-align: justify;\"><\/div>\n<div style=\"text-align: justify;\"><\/div>\n<div style=\"text-align: justify;\"><\/div>\n<p><span style=\"font-size: 10pt;\"><em><span style=\"color: #0000ff;\"><span style=\"background-color: #ffffff;\">Le fruit de travail de toute une \u00e9quipe franco-russe,\u00a0 long de plus de 2 ans, r\u00e9alis\u00e9 sur l&rsquo;initiative d&rsquo;Anna Filimonova &#8211; pr\u00e9sidente du Festival Cultures Crois\u00e9es\u00a0 et de Igor Shpynov &#8211; Directeur du Centre Culturel de\u00a0 Russie suite au don \u00e0 l&rsquo;Etat\u00a0 Russe de la biblioth\u00e8que russe de l&rsquo;\u00e9crivain et de certains manuscrits d&rsquo;auteurs par la fille de l&rsquo;\u00e9crivain Mich\u00e8le Troyat. Au plaisir de vous y accueillir&#8230;<\/span><\/span><\/em><\/span><\/p>\n<div style=\"text-align: justify;\"><\/div>\n<div style=\"text-align: justify;\"><\/div>\n<div style=\"text-align: justify;\"><\/div>\n<p style=\"text-align: justify;\"><span style=\"font-size: 10pt;\"><em><span style=\"color: #0000ff;\"><span style=\"background-color: #ffffff;\">Le livre est\u00a0 galement disponible par l&rsquo;achat sur <strong>Ozon.ru &#8211;<\/strong> le site que beaucoupd&rsquo;amis russes recommandent pour son efficacit\u00e9et envoi des livres russes en France&#8230;<\/span><\/span><\/em><\/span><\/p>\n<div style=\"text-align: center;\"><em><span style=\"color: #0000ff;\"><span style=\"background-color: #ffffff;\"><strong><span style=\"font-size: 12pt;\"><a><br \/><\/a><\/span><\/strong><\/span><\/span><\/em><\/div>\n<div><em><span style=\"color: #0000ff;\"><span style=\"font-size: 14pt;\"> <\/span><\/span><\/em> <\/p>\n<div><em><span style=\"color: #333399;\"><span style=\"font-size: 14pt;\"><a title=\"\u043a\u0443\u043f\u0438\u0442\u044c \u043a\u043d\u0438\u0433\u0443 \u0410\u043d\u0440\u0438 \u0422\u0440\u0443\u0430\u0439\u044f  \u043d\u0430 \u0441\u0430\u0439\u0442\u0435 \u041e\u0437\u043e\u043d\" href=\"http:\/\/www.ozon.ru\/?context=search&#038;text=%eb%fe%e1%ee%e2%fc+%e4%eb%e8%ed%ee%fe+%e2+%e6%e8%e7%ed%fc\" target=\"_blank\" rel=\"nofollow\"><span style=\"color: #0000ff;\">OZ<\/span>ON.ru &#8211; \u041a\u043d\u0438\u0433\u0438 | \u041b\u044e\u0431\u043e\u0432\u044c \u0434\u043b\u0438\u043d\u043e\u044e \u0432 \u0436\u0438\u0437\u043d\u044c | \u0410\u043d\u0440\u0438 \u0422\u0440\u0443\u0430\u0439\u044f | \u041a\u0443\u043f\u0438\u0442\u044c \u043a\u043d\u0438\u0433\u0438:<\/a><\/span><\/span><\/em><\/div>\n<\/p><\/div>\n<p style=\"text-align: center;\"><em><img src=\"http:\/\/external.ak.fbcdn.net\/safe_image.php?d=6876c11db31e9ab719d521322c046f78&#038;w=90&#038;h=90&#038;url=http%3A%2F%2Fwww.ozon.ru%2Fmultimedia%2Fbooks_covers%2F1001935900.jpg\" \/><\/em><\/p>\n","protected":false},"excerpt":{"rendered":"<p>Dans le cadre de l&rsquo;ann\u00e9e France-Russie et \u00e0 l&rsquo;occasion de la parution du livre in\u00e9dit d\u2019Henri Troyat \u00ab\u00a0L\u2019Amour long comme une vie\u00a0\u00bb \u00a0 Nous sommes heureux de vous inviter\u00a0 \u00e0 d\u00e9couvrir et acqu\u00e9rir cet in\u00e9dit d&rsquo;Henri Troyat. au\u00a0 Centre Culturel &hellip; <a href=\"https:\/\/galeriedeparis.fr\/afcc\/?p=40\">Continuer la lecture <span class=\"meta-nav\">&rarr;<\/span><\/a><\/p>\n","protected":false},"author":1,"featured_media":0,"comment_status":"open","ping_status":"open","sticky":false,"template":"","format":"standard","meta":[],"categories":[8],"tags":[],"_links":{"self":[{"href":"https:\/\/galeriedeparis.fr\/afcc\/index.php?rest_route=\/wp\/v2\/posts\/40"}],"collection":[{"href":"https:\/\/galeriedeparis.fr\/afcc\/index.php?rest_route=\/wp\/v2\/posts"}],"about":[{"href":"https:\/\/galeriedeparis.fr\/afcc\/index.php?rest_route=\/wp\/v2\/types\/post"}],"author":[{"embeddable":true,"href":"https:\/\/galeriedeparis.fr\/afcc\/index.php?rest_route=\/wp\/v2\/users\/1"}],"replies":[{"embeddable":true,"href":"https:\/\/galeriedeparis.fr\/afcc\/index.php?rest_route=%2Fwp%2Fv2%2Fcomments&post=40"}],"version-history":[{"count":1,"href":"https:\/\/galeriedeparis.fr\/afcc\/index.php?rest_route=\/wp\/v2\/posts\/40\/revisions"}],"predecessor-version":[{"id":436,"href":"https:\/\/galeriedeparis.fr\/afcc\/index.php?rest_route=\/wp\/v2\/posts\/40\/revisions\/436"}],"wp:attachment":[{"href":"https:\/\/galeriedeparis.fr\/afcc\/index.php?rest_route=%2Fwp%2Fv2%2Fmedia&parent=40"}],"wp:term":[{"taxonomy":"category","embeddable":true,"href":"https:\/\/galeriedeparis.fr\/afcc\/index.php?rest_route=%2Fwp%2Fv2%2Fcategories&post=40"},{"taxonomy":"post_tag","embeddable":true,"href":"https:\/\/galeriedeparis.fr\/afcc\/index.php?rest_route=%2Fwp%2Fv2%2Ftags&post=40"}],"curies":[{"name":"wp","href":"https:\/\/api.w.org\/{rel}","templated":true}]}}