{"id":43,"date":"2010-12-02T10:49:13","date_gmt":"2010-12-02T09:49:13","guid":{"rendered":"http:\/\/galeriedeparis.fr\/afcc\/?p=43"},"modified":"2016-12-03T18:56:38","modified_gmt":"2016-12-03T17:56:38","slug":"salon-de-la-snba-au-carrousel-du-louvre-2010","status":"publish","type":"post","link":"https:\/\/galeriedeparis.fr\/afcc\/?p=43","title":{"rendered":"Anna Filimonova &#038; Kojiro Akagi seront pr\u00e9sents au Salon de la SNBA au Carrousel du Louvre 2010"},"content":{"rendered":"<p style=\"text-align: center;\"><span style=\"font-size: 14pt;\">Salon de la Soci\u00e9t\u00e9 Nationale des Beaux-Arts<br \/>\nau Carrousel du Louvre<\/span><\/p>\n<p style=\"text-align: center;\"><span style=\"font-size: 14pt;\">Salle\u00a0 \u00ab\u00a0Le N\u00f4tre\u00a0\u00bb<\/span><\/p>\n<p style=\"text-align: center;\">\n<p style=\"text-align: center;\"><span style=\"font-size: 12pt;\">Du 16 au 19 d\u00e9cembre 2010<\/span><\/p>\n<p style=\"text-align: center;\"><span style=\"font-size: 12pt;\">de 10h \u00e0 20h , nocturne le samedi 18 d\u00e9cembre jusqu&rsquo;au 22h<\/span><\/p>\n<p style=\"text-align: center;\"><span style=\"font-size: 12pt;\">Vernissage le\u00a0 jeudi 16 d\u00e9cembre de 18h\u00e0 22h<\/span><\/p>\n<p style=\"text-align: center;\">\n<p style=\"text-align: center;\"><span style=\"font-size: 12pt;\"><span style=\"text-decoration: underline;\">Artistes pr\u00e9sent\u00e9s par Festival Cultures Crois\u00e9es :<br \/>\n<\/span><\/span><\/p>\n<p style=\"text-align: center;\">\n<p style=\"text-align: center;\"><a title=\"biographie d'Anna Filimonova\" href=\"..\/gdp2009\/index.php?option=com_content&amp;view=article&amp;id=68:biographie-danna-filimonova&amp;catid=39:biographies-des-artistes&amp;Itemid=60\" target=\"_blank\"><span style=\"font-size: 12pt;\"><strong>Anna Filimonova, <\/strong><\/span><\/a><\/p>\n<p style=\"text-align: center;\">\n<p style=\"text-align: center;\"><a title=\"biographie de Kojiro Akagi\" href=\"..\/gdp2009\/index.php?option=com_content&amp;view=article&amp;id=67:biographie-dakagi-kojiro&amp;catid=39:biographies-des-artistes&amp;Itemid=59\" target=\"_blank\"><span style=\"font-size: 12pt;\"><strong>Kojiro Akagi,<\/strong><\/span><\/a><\/p>\n<p><span style=\"font-size: 12pt;\">\u00a0<\/span><\/p>\n<p style=\"text-align: center;\"><span style=\"font-size: 12pt;\">seront participants de ce pr\u00e9stigieux \u00e9v\u00e9nement.<\/span><\/p>\n<p style=\"text-align: center;\">Pour recevoir l&rsquo;invitation au Vernissage :<\/p>\n<p style=\"text-align: center;\">\u00e9crivez-nous <a title=\"contact\" href=\"index.php?option=com_contact&amp;view=category&amp;id=12:contacts\">a<\/a> fesitval@crossline.com<\/p>\n<p style=\"text-align: center;\">\n<p style=\"text-align: center;\"><span style=\"font-size: 12pt;\">Festival Cultures Crois\u00e9es a \u00e9galement\u00a0 le plaisir de signaler que <\/span><\/p>\n<p style=\"text-align: center;\"><span style=\"font-size: 12pt;\"><br \/>\n<strong>c\u00e9l\u00e8bre graveur Jean-Michel Mathieu-Marie <\/strong><\/span><\/p>\n<p style=\"text-align: center;\"><span style=\"font-size: 12pt;\"><strong>pr\u00e9sent\u00e9 en permanence par notre partenaire <a title=\"Mathieux-marie sur Galerie de Paris\" href=\"..\/gdp2009\/index.php?option=com_phocagallery&amp;view=category&amp;id=19&amp;Itemid=76\" target=\"_blank\">Galerie de Paris <\/a><br \/>\n<\/strong><\/span><\/p>\n<p style=\"text-align: center;\"><span style=\"font-size: 12pt;\"><strong>\u00a0<\/strong><\/span><\/p>\n<div style=\"text-align: center;\"><span style=\"font-size: 12pt;\">sera Invit\u00e9 d&rsquo;Honneur de la section \u00ab\u00a0Gravure\u00a0\u00bb<\/span><\/div>\n<div style=\"text-align: center;\">Plus d&rsquo;information :<\/div>\n<div style=\"text-align: center;\"><\/div>\n<div style=\"text-align: center;\">tel.: 33 (0)6 61 91 23 98<\/div>\n","protected":false},"excerpt":{"rendered":"<p>Salon de la Soci\u00e9t\u00e9 Nationale des Beaux-Arts au Carrousel du Louvre Salle\u00a0 \u00ab\u00a0Le N\u00f4tre\u00a0\u00bb Du 16 au 19 d\u00e9cembre 2010 de 10h \u00e0 20h , nocturne le samedi 18 d\u00e9cembre jusqu&rsquo;au 22h Vernissage le\u00a0 jeudi 16 d\u00e9cembre de 18h\u00e0 22h &hellip; <a href=\"https:\/\/galeriedeparis.fr\/afcc\/?p=43\">Continuer la lecture <span class=\"meta-nav\">&rarr;<\/span><\/a><\/p>\n","protected":false},"author":1,"featured_media":0,"comment_status":"open","ping_status":"open","sticky":false,"template":"","format":"standard","meta":[],"categories":[11],"tags":[32,194,201],"_links":{"self":[{"href":"https:\/\/galeriedeparis.fr\/afcc\/index.php?rest_route=\/wp\/v2\/posts\/43"}],"collection":[{"href":"https:\/\/galeriedeparis.fr\/afcc\/index.php?rest_route=\/wp\/v2\/posts"}],"about":[{"href":"https:\/\/galeriedeparis.fr\/afcc\/index.php?rest_route=\/wp\/v2\/types\/post"}],"author":[{"embeddable":true,"href":"https:\/\/galeriedeparis.fr\/afcc\/index.php?rest_route=\/wp\/v2\/users\/1"}],"replies":[{"embeddable":true,"href":"https:\/\/galeriedeparis.fr\/afcc\/index.php?rest_route=%2Fwp%2Fv2%2Fcomments&post=43"}],"version-history":[{"count":2,"href":"https:\/\/galeriedeparis.fr\/afcc\/index.php?rest_route=\/wp\/v2\/posts\/43\/revisions"}],"predecessor-version":[{"id":507,"href":"https:\/\/galeriedeparis.fr\/afcc\/index.php?rest_route=\/wp\/v2\/posts\/43\/revisions\/507"}],"wp:attachment":[{"href":"https:\/\/galeriedeparis.fr\/afcc\/index.php?rest_route=%2Fwp%2Fv2%2Fmedia&parent=43"}],"wp:term":[{"taxonomy":"category","embeddable":true,"href":"https:\/\/galeriedeparis.fr\/afcc\/index.php?rest_route=%2Fwp%2Fv2%2Fcategories&post=43"},{"taxonomy":"post_tag","embeddable":true,"href":"https:\/\/galeriedeparis.fr\/afcc\/index.php?rest_route=%2Fwp%2Fv2%2Ftags&post=43"}],"curies":[{"name":"wp","href":"https:\/\/api.w.org\/{rel}","templated":true}]}}