{"id":50,"date":"2011-09-08T16:51:41","date_gmt":"2011-09-08T15:51:41","guid":{"rendered":"http:\/\/galeriedeparis.fr\/afcc\/?p=50"},"modified":"2011-09-08T16:51:41","modified_gmt":"2011-09-08T15:51:41","slug":"exposition-en-russie-dans-la-presse","status":"publish","type":"post","link":"https:\/\/galeriedeparis.fr\/afcc\/?p=50","title":{"rendered":"Expositions en Russie en 2011 dans la presse"},"content":{"rendered":"<p><strong><br \/><\/strong><\/p>\n<p><strong>La presse de Saint-P\u00e9tersbourg a vivement salu\u00e9 les expositions que Festival Cultures Crois\u00e9es avait emmen\u00e9 aux bords de la Neva lors de l&rsquo;\u00e9t\u00e9 2011.<\/strong><\/p>\n<p>\u00a0<\/p>\n<p>Voici quelques r\u00e9portages de la Ch\u00e2ine 100 de Saint-P\u00e9tersbourg :<\/p>\n<p><a target=\"_blank\" href=\"http:\/\/www.tv100.ru\/news\/Vyhodnye-s-francuzskim-flerom-43120\/\">Extrait du reportage sur l&rsquo;ouverture de l&rsquo;exposition \u00a0\u00bb Week-end \u00e0 Paris\u00a0\u00bb<\/a><\/p>\n<p>\u00a0<\/p>\n<p>Extrait du reportage sur l&rsquo;ouverture de l&rsquo;exposition : <a target=\"_blank\" title=\"t\u00e9l\u00e9 russe chaine 100 reportage Anna Filimonova raconte les jardins fran\u00e7ais\" href=\"http:\/\/www.tv100.ru\/news\/V-Peterburge-predstavili-francuzskie-sady-43275\/\">\u00ab\u00a0Jardins fran\u00e7ais le 21 juillet 2011\u00a0\u00bb<\/a><\/p>\n","protected":false},"excerpt":{"rendered":"<p>La presse de Saint-P\u00e9tersbourg a vivement salu\u00e9 les expositions que Festival Cultures Crois\u00e9es avait emmen\u00e9 aux bords de la Neva lors de l&rsquo;\u00e9t\u00e9 2011. \u00a0 Voici quelques r\u00e9portages de la Ch\u00e2ine 100 de Saint-P\u00e9tersbourg : Extrait du reportage sur l&rsquo;ouverture &hellip; <a href=\"https:\/\/galeriedeparis.fr\/afcc\/?p=50\">Continuer la lecture <span class=\"meta-nav\">&rarr;<\/span><\/a><\/p>\n","protected":false},"author":1,"featured_media":0,"comment_status":"open","ping_status":"open","sticky":false,"template":"","format":"standard","meta":[],"categories":[22],"tags":[],"_links":{"self":[{"href":"https:\/\/galeriedeparis.fr\/afcc\/index.php?rest_route=\/wp\/v2\/posts\/50"}],"collection":[{"href":"https:\/\/galeriedeparis.fr\/afcc\/index.php?rest_route=\/wp\/v2\/posts"}],"about":[{"href":"https:\/\/galeriedeparis.fr\/afcc\/index.php?rest_route=\/wp\/v2\/types\/post"}],"author":[{"embeddable":true,"href":"https:\/\/galeriedeparis.fr\/afcc\/index.php?rest_route=\/wp\/v2\/users\/1"}],"replies":[{"embeddable":true,"href":"https:\/\/galeriedeparis.fr\/afcc\/index.php?rest_route=%2Fwp%2Fv2%2Fcomments&post=50"}],"version-history":[{"count":0,"href":"https:\/\/galeriedeparis.fr\/afcc\/index.php?rest_route=\/wp\/v2\/posts\/50\/revisions"}],"wp:attachment":[{"href":"https:\/\/galeriedeparis.fr\/afcc\/index.php?rest_route=%2Fwp%2Fv2%2Fmedia&parent=50"}],"wp:term":[{"taxonomy":"category","embeddable":true,"href":"https:\/\/galeriedeparis.fr\/afcc\/index.php?rest_route=%2Fwp%2Fv2%2Fcategories&post=50"},{"taxonomy":"post_tag","embeddable":true,"href":"https:\/\/galeriedeparis.fr\/afcc\/index.php?rest_route=%2Fwp%2Fv2%2Ftags&post=50"}],"curies":[{"name":"wp","href":"https:\/\/api.w.org\/{rel}","templated":true}]}}