{"id":54,"date":"2011-12-22T13:59:17","date_gmt":"2011-12-22T12:59:17","guid":{"rendered":"http:\/\/galeriedeparis.fr\/afcc\/?p=54"},"modified":"2011-12-22T13:59:17","modified_gmt":"2011-12-22T12:59:17","slug":"merry-christmas","status":"publish","type":"post","link":"https:\/\/galeriedeparis.fr\/afcc\/?p=54","title":{"rendered":"Greetings !"},"content":{"rendered":"<p style=\"text-align: center;\"><span style=\"font-size: 12pt;\"><strong><span style=\"color: #ff6600;\"><span style=\"background-color: #ffffff;\">Anna Filimonova, la pr\u00e9sidente de l&rsquo;association<\/span><\/span><\/strong><\/span><\/p>\n<p style=\"text-align: center;\"><span style=\"font-size: 12pt;\"><strong><span style=\"color: #ff6600;\"><span style=\"background-color: #ffffff;\"><img loading=\"lazy\" src=\"images\/stories\/2013 af jlm voeux 2013.jpg\" height=\"475\" width=\"677\" \/><\/span><\/span><\/strong><\/span><\/p>\n<p style=\"text-align: center;\"><span style=\"font-size: 12pt;\"><strong><span style=\"color: #ff6600;\"><span style=\"background-color: #ffffff;\">et <\/span><\/span><span style=\"color: #ff6600;\"><span style=\"background-color: #ffffff;\">les b\u00e9n\u00e9voles du \u00ab\u00a0Festival Cultures Crois\u00e9es\u00a0\u00bb <\/span><\/span><\/strong><\/span><\/p>\n<p style=\"text-align: center;\"><span style=\"font-size: 12pt;\"><strong><span style=\"color: #ff6600;\"><span style=\"background-color: #ffffff;\">vous souhaitent <\/span><\/span><\/strong><\/span><\/p>\n<p style=\"text-align: center;\"><span style=\"color: #ff6600;\"><span style=\"background-color: #ffffff;\"><span style=\"font-size: 12pt;\"><strong>Bonne Ann\u00e9e 2013 !<\/strong><\/span><br \/><\/span><\/span><\/p>\n<p style=\"text-align: center;\"><span style=\"font-size: 10pt;\"><em><span style=\"color: #ff6600;\"><span style=\"background-color: #ffffff;\">Bonne visite sur nos pages !<\/span><\/span><\/em><\/span><\/p>\n<p style=\"text-align: center;\"><span style=\"font-size: 10pt;\"><em><span style=\"color: #ff6600;\"><span style=\"background-color: #ffffff;\">n&rsquo;hesitez pas \u00e0 vous inscrire pour recevoir nos newsletters.<\/span><\/span><\/em><\/span><\/p>\n<p style=\"text-align: center;\"><a target=\"_self\" title=\"Cours de de peinture en atelier de Paris et de Fourges\/Giverny,  s\u00e9ances de plein air\" href=\"index.php?option=com_content&#038;view=article&#038;id=87:peinture-en-plein-air&#038;catid=41&#038;Itemid=65\"><strong><span style=\"font-size: 10pt;\"><em><span style=\"color: #ff6600;\"><span style=\"background-color: #ffffff;\"><span style=\"color: #ff0000;\">Actualit\u00e9\u00a0 :<\/span> <span style=\"color: #666699;\">Cours de peinture \u00e0 l&rsquo;eau et visites virtuelles \u00e0 travers<br \/> les collections du Mus\u00e9e Nationale Russe<\/span><\/span><\/span><\/em><\/span><\/strong><\/a><a target=\"_blank\" title=\"Cours de de peinture en atelier de Paris et de Fourges\/Giverny,  s\u00e9ances de plein air\" href=\"index.php?option=com_content&#038;view=article&#038;id=63:seances-peinture-en-plein-air-sous-la-directtion-dartistes-peintre-de-lecole-russe-&#038;catid=1&#038;Itemid=68\"><\/a><\/p>\n<p style=\"text-align: center;\"><a target=\"_self\" title=\"Cours de de peinture en atelier de Paris et de Fourges\/Giverny,  s\u00e9ances de plein air\" href=\"index.php?option=com_content&#038;view=article&#038;id=87:peinture-en-plein-air&#038;catid=41&#038;Itemid=65\"><span style=\"color: #666699;\"><span style=\"font-size: 10pt;\"><em><span style=\"background-color: #ffffff;\">fr\u00e9quance : hebdomadaire<\/span><\/em><\/span><\/span><\/a><a target=\"_blank\" title=\"Cours de de peinture en atelier de Paris et de Fourges\/Giverny,  s\u00e9ances de plein air\" href=\"index.php?option=com_content&#038;view=article&#038;id=63:seances-peinture-en-plein-air-sous-la-directtion-dartistes-peintre-de-lecole-russe-&#038;catid=1&#038;Itemid=68\"><\/a><\/p>\n<p style=\"text-align: center;\"><a target=\"_self\" title=\"Cours de de peinture en atelier de Paris et de Fourges\/Giverny,  s\u00e9ances de plein air\" href=\"index.php?option=com_content&#038;view=article&#038;id=87:peinture-en-plein-air&#038;catid=41&#038;Itemid=65\"><span style=\"color: #666699;\"><span style=\"font-size: 10pt;\"><em><span style=\"background-color: #ffffff;\">Adresse :\u00a0 32+34 rue de Chateaudun 75009 Paris, (Nouveau local municipal)<\/span><\/em><\/span><\/span><\/a><a target=\"_blank\" title=\"Cours de de peinture en atelier de Paris et de Fourges\/Giverny,  s\u00e9ances de plein air\" href=\"index.php?option=com_content&#038;view=article&#038;id=63:seances-peinture-en-plein-air-sous-la-directtion-dartistes-peintre-de-lecole-russe-&#038;catid=1&#038;Itemid=68\"><\/a><\/p>\n<p style=\"text-align: center;\"><a target=\"_self\" title=\"Cours de de peinture en atelier de Paris et de Fourges\/Giverny,  s\u00e9ances de plein air\" href=\"index.php?option=com_content&#038;view=article&#038;id=87:peinture-en-plein-air&#038;catid=41&#038;Itemid=65\"><span style=\"color: #666699;\"><span style=\"font-size: 10pt;\"><em><span style=\"background-color: #ffffff;\">Contactez-nous<\/span><\/em><\/span><\/span><\/a><a target=\"_blank\" title=\"Cours de de peinture en atelier de Paris et de Fourges\/Giverny,  s\u00e9ances de plein air\" href=\"index.php?option=com_content&#038;view=article&#038;id=63:seances-peinture-en-plein-air-sous-la-directtion-dartistes-peintre-de-lecole-russe-&#038;catid=1&#038;Itemid=68\"><\/a> ;<\/p>\n<p style=\"text-align: center;\"><a target=\"_self\" title=\"Cours de de peinture en atelier de Paris et de Fourges\/Giverny,  s\u00e9ances de plein air\" href=\"index.php?option=com_content&#038;view=article&#038;id=87:peinture-en-plein-air&#038;catid=41&#038;Itemid=65\"><span style=\"font-size: 10pt;\"><em><span style=\"color: #ff6600;\"><span style=\"background-color: #ffffff;\"> <\/span><\/span><\/em><\/span><\/a><em><a target=\"_blank\" title=\"Cours de de peinture en atelier de Paris et de Fourges\/Giverny,  s\u00e9ances de plein air\" href=\"index.php?option=com_content&#038;view=article&#038;id=63:seances-peinture-en-plein-air-sous-la-directtion-dartistes-peintre-de-lecole-russe-&#038;catid=1&#038;Itemid=68\"><span style=\"color: #666699;\">num\u00e9ro du mobile : 661912398 <br \/>ou consultez la page en lien<\/span><\/a><\/em><\/p>\n<p style=\"text-align: center;\">\u00a0<\/p>\n<p style=\"text-align: center;\"><span style=\"font-size: 14pt;\"><span style=\"color: #ff0000;\"><em>Prochainement :<br \/><\/em><\/span><\/span><\/p>\n<p style=\"text-align: center;\"><em><span style=\"color: #666699;\"><span style=\"font-size: 14pt;\"><span style=\"color: #0000ff;\">Du 18 mars au 7 avril 2013 Exposition personnelle de notre pr\u00e9sidente<\/span><\/span><\/span><\/em><\/p>\n<p style=\"text-align: center;\"><em><span style=\"color: #666699;\"><span style=\"font-size: 14pt;\"><span style=\"color: #0000ff;\">Anna Filimonova \u00e0<a name=\"http:\/\/www.i-gallery.fr\/\"><\/a> <a target=\"_self\" title=\"I-Gallery  \u00e0 Montmartre \" href=\"http:\/\/www.i-gallery.fr\/\">I-Gallery<\/a><br \/><\/span><\/span><\/span><\/em><\/p>\n<p style=\"text-align: center;\">\u00a0<\/p>\n<p style=\"text-align: center;\"><a target=\"_self\" title=\"monde de la Culture\" href=\"http:\/\/www.worldculture.ru \"><span style=\"color: #0000ff;\"><span style=\"font-size: 14pt;\"><em>Du 25-29 mars 2013\u00a0 \u00ab\u00a0Printemps Russe \u00e0 Paris\u00a0\u00bb<\/em><\/span><\/span><\/a><\/p>\n<p style=\"text-align: center;\"><em><span style=\"color: #666699;\"><br \/><\/span><\/em><\/p>\n<p> <a target=\"_self\" title=\"Cours de de peinture en atelier de Paris et de Fourges\/Giverny,  s\u00e9ances de plein air\" href=\"index.php?option=com_content&#038;view=article&#038;id=87:peinture-en-plein-air&#038;catid=41&#038;Itemid=65\"> <\/a> <\/p>\n<p style=\"text-align: center;\">\u00a0<\/p>\n","protected":false},"excerpt":{"rendered":"<p>Anna Filimonova, la pr\u00e9sidente de l&rsquo;association et les b\u00e9n\u00e9voles du \u00ab\u00a0Festival Cultures Crois\u00e9es\u00a0\u00bb vous souhaitent Bonne Ann\u00e9e 2013 ! Bonne visite sur nos pages ! n&rsquo;hesitez pas \u00e0 vous inscrire pour recevoir nos newsletters. Actualit\u00e9\u00a0 : Cours de peinture \u00e0 &hellip; <a href=\"https:\/\/galeriedeparis.fr\/afcc\/?p=54\">Continuer la lecture <span class=\"meta-nav\">&rarr;<\/span><\/a><\/p>\n","protected":false},"author":1,"featured_media":0,"comment_status":"open","ping_status":"open","sticky":false,"template":"","format":"standard","meta":[],"categories":[1],"tags":[108],"_links":{"self":[{"href":"https:\/\/galeriedeparis.fr\/afcc\/index.php?rest_route=\/wp\/v2\/posts\/54"}],"collection":[{"href":"https:\/\/galeriedeparis.fr\/afcc\/index.php?rest_route=\/wp\/v2\/posts"}],"about":[{"href":"https:\/\/galeriedeparis.fr\/afcc\/index.php?rest_route=\/wp\/v2\/types\/post"}],"author":[{"embeddable":true,"href":"https:\/\/galeriedeparis.fr\/afcc\/index.php?rest_route=\/wp\/v2\/users\/1"}],"replies":[{"embeddable":true,"href":"https:\/\/galeriedeparis.fr\/afcc\/index.php?rest_route=%2Fwp%2Fv2%2Fcomments&post=54"}],"version-history":[{"count":0,"href":"https:\/\/galeriedeparis.fr\/afcc\/index.php?rest_route=\/wp\/v2\/posts\/54\/revisions"}],"wp:attachment":[{"href":"https:\/\/galeriedeparis.fr\/afcc\/index.php?rest_route=%2Fwp%2Fv2%2Fmedia&parent=54"}],"wp:term":[{"taxonomy":"category","embeddable":true,"href":"https:\/\/galeriedeparis.fr\/afcc\/index.php?rest_route=%2Fwp%2Fv2%2Fcategories&post=54"},{"taxonomy":"post_tag","embeddable":true,"href":"https:\/\/galeriedeparis.fr\/afcc\/index.php?rest_route=%2Fwp%2Fv2%2Ftags&post=54"}],"curies":[{"name":"wp","href":"https:\/\/api.w.org\/{rel}","templated":true}]}}