{"id":55,"date":"2012-03-09T14:35:27","date_gmt":"2012-03-09T13:35:27","guid":{"rendered":"http:\/\/galeriedeparis.fr\/afcc\/?p=55"},"modified":"2016-08-14T22:02:23","modified_gmt":"2016-08-14T21:02:23","slug":"17eme-rencontre-dart-contemporain-de-calvi","status":"publish","type":"post","link":"https:\/\/galeriedeparis.fr\/afcc\/?p=55","title":{"rendered":"17\u00e8me Rencontre d\u2019Art Contemporain de Calvi"},"content":{"rendered":"<p style=\"text-align: center;\"><img loading=\"lazy\" alt=\"anna en corse\" src=\"images\/stories\/anna en corse.jpg\" height=\"929\" width=\"716\" \/><\/p>\n<p style=\"text-align: center;\">La 17eme Rencontre d&rsquo;Art Contemporaine pr\u00e9sid\u00e9e par Anna Filimonova, a eu lieu\u00a0 du <strong>9<\/strong> <strong>juin<\/strong> au <strong>31 ao\u00fbt\u00a0 2012<\/strong><\/p>\n<p style=\"text-align: center;\">\u00a0<\/p>\n<p style=\"text-align: center;\"><strong> <\/strong><\/p>\n<p style=\"text-align: center;\"><strong> Pays \u00e0 l\u2019honneur\u00a0: La Russie<\/strong><\/p>\n<p style=\"text-align: center;\"><strong> <\/strong><\/p>\n<p style=\"text-align: center;\"><span style=\"text-decoration: underline;\">Th\u00e8me<\/span> : <strong><em>\u00ab Corsica-Russia, Cultures Crois\u00e9es\u00bb<\/em><\/strong><\/p>\n<p style=\"text-align: center;\"><strong><em><a target=\"_blank\" title=\"site officiel de la Rencontre d'Art Contemporain de Calvi\" href=\"http:\/\/art-contemporain-calvi.jimdo.com\/\">Visitez le site officiel de l&rsquo;\u00e9venement : ici<\/a><br \/><\/em><\/strong><\/p>\n<p style=\"text-align: center;\"><strong><em>Visionner le r\u00e9portage de la premi\u00e8re <a target=\"_blank\" title=\"\u0420\u043e\u0441\u0441\u0438\u044f -\u0440\u0443\u0441\u0441\u043a\u0438\u0439 \u0434\u0435\u0441\u0430\u043d\u0442 \u043d\u0430 \u041a\u043e\u0440\u0441\u0438\u043a\u0435\" href=\"http:\/\/petersburg.rfn.ru\/region\/rnews.html?id=1822501&#038;rid=43&#038;iid=1354655\">chaine Russe <strong>\u00ab\u00a0<\/strong>\u0420\u041e\u0421\u0421\u0418\u042f\u00a0\u00bb <\/a> <br \/><\/em><\/strong><\/p>\n<p style=\"text-align: center;\"><a target=\"_blank\" title=\"reportage Tv Corse\" href=\"http:\/\/www.telepaese.tv\/Nutiziale\/Nutiziale\/Nutiziale_du_12_Juin_2012-S3VdhqFPCq\"><strong><em>Visioner le r\u00e9portage de la TV\u00a0 Corse <\/em><\/strong><\/a><\/p>\n<p style=\"text-align: center;\">Voir l&rsquo;album-photo sur facebook en acc\u00e8s ouvert ( sans avoir le compte)<\/p>\n<div style=\"text-align: center;\"><a target=\"_blank\" title=\"album photo de la Corse, exposition \u00e0 Calvi\" href=\"http:\/\/www.facebook.com\/media\/set\/?set=a.10150955538463291.444380.695023290&#038;type=3&#038;l=5deb166c1b\">http:\/\/www.facebook.com\/media\/set\/?set=a.10150955538463291.444380.695023290&#038;type=3&#038;l=5deb166c1b<\/a><\/div>\n<p style=\"text-align: center;\"><strong><em><br \/><\/em><\/strong><\/p>\n<p style=\"text-align: left;\"><strong><em>Extrait d&rsquo;invitation \u00e0dress\u00e9e \u00e0 notre pr\u00e9sidente Anna Filimonova<\/em><\/strong><\/p>\n<p style=\"text-align: left;\">\u00a0<\/p>\n<p style=\"text-align: left;\">\u00a0<\/p>\n<p style=\"text-align: left;\">Calvi, le 29 f\u00e9vrier 2012<\/p>\n<p>Ch\u00e8re Madame,<\/p>\n<p style=\"text-align: center;\"><strong><em><br \/><\/em><\/strong><\/p>\n<p>La <strong>Rencontre d\u2019Art Contemporain de Calvi<\/strong>,<strong> l\u2019unique salon d\u2019arts plastiques de la Corse<\/strong>, confirme, cette ann\u00e9e encore, <strong>sa dimension internationale<\/strong> \u00e0 travers un nouvel invit\u00e9\u00a0: <strong>la Russie<\/strong>.<\/p>\n<p>Le rapprochement de notre \u00cele avec cette terre de culture nous a sembl\u00e9 opportun pour conf\u00e9rer \u00e0 cette nouvelle \u00e9dition une qualit\u00e9 artistique sans pr\u00e9c\u00e9dent.<\/p>\n<p>Connaissant votre intime attachement \u00e0 ce pays, et comme vous l\u2019avez largement \u00e9voqu\u00e9 lors de votre derni\u00e8re entrevue \u00e0 Paris avec Marie-Jos\u00e9e Santini, Directrice Artistique de la Rencontre, et Patrice de la Perri\u00e8re, je vous confirme officiellement mon souhait de<strong> vous confier la pr\u00e9sidence de l\u2019\u00e9dition 2012<\/strong>, plac\u00e9e sous le th\u00e8me,<strong> \u00ab\u00a0Corsica-Russia, Cultures Crois\u00e9es\u00bb&#8230;<\/strong><\/p>\n<p>Aux c\u00f4t\u00e9s de la Russie, figurera une s\u00e9lection d\u2019une <strong>dizaine d\u2019artistes corses<\/strong>, ceci en vue de proposer au public le th\u00e8me du rapprochement et de l\u2019\u00e9change artistiques de ces deux terres de culture.<\/p>\n<p>\u00a0<\/p>\n<p>Certain\u00a0 que cette <strong>17<sup>\u00e8me<\/sup> Rencontre<\/strong> remportera un franc succ\u00e8s, et dans l\u2019attente de vous y accueillir, je vous transmets, Ch\u00e8re Madame, mes plus chaleureuses salutations.<\/p>\n<p><strong> <\/strong><\/p>\n<p style=\"text-align: left;\"><strong> Ange SANTINI,<\/strong><\/p>\n<p style=\"text-align: left;\"><strong><em> Maire de la Ville de Calvi, <\/em><\/strong><\/p>\n<p style=\"text-align: left;\"><strong><em> Pr\u00e9sident d\u2019Honneur des Rencontres,<\/em><\/strong><\/p>\n<p style=\"text-align: left;\"><strong><em> Conseiller \u00e0 l\u2019Assembl\u00e9e de Corse,<\/em><\/strong><\/p>\n<p style=\"text-align: left;\"><strong><em> Membre du Conseil Economique, <\/em><\/strong><\/p>\n<p style=\"text-align: left;\"><strong><em> Social et Environnemental.<\/em><\/strong><\/p>\n<p style=\"text-align: left;\">\u00a0<\/p>\n<p style=\"text-align: left;\"><strong>Extrait du Dossier de Presse du Salon<\/strong><\/p>\n<p style=\"text-align: left;\"><span style=\"font-size: 14pt;\">Tout ce qu\u2019il faut savoir sur cette 17\u00e8me Rencontre<\/span><br \/>\u2026\u2026\u2026\u2026\u2026\u2026\u2026\u2026\u2026\u2026\u2026\u2026\u2026\u2026\u2026\u2026\u2026\u2026\u2026\u2026\u2026\u2026\u2026\u2026\u2026\u2026\u2026\u2026\u2026\u2026\u2026\u2026\u2026\u2026\u2026\u2026\u2026<br \/>Objectifs vis\u00e9s par la Ville de Calvi \u00e0 travers cette manifestation<br \/>La vocation de Calvi se traduit certes par la richesse de son patrimoine, mais aussi par la qualit\u00e9 de ses<br \/>manifestations culturelles, essentiellement consacr\u00e9es \u00e0 la musique.<br \/>Enrichir cette vocation et l\u2019\u00e9tendre au domaine des Arts Plastiques, telle est l\u2019ambition majeure de la<br \/>Commune qui, en int\u00e9grant cette dimension artistique pr\u00e9gnante, a favoris\u00e9 la cr\u00e9ation de la RACC en 1996, en<br \/>vue \u00e9galement de conforter la notori\u00e9t\u00e9 de la Ville au plan national, international et europ\u00e9en. L\u2019Ev\u00e9nement<br \/>ayant par ailleurs \u00e9t\u00e9 con\u00e7u pour confronter les talents des artistes, dont la s\u00e9lection s\u2019op\u00e8re rigoureusement,<br \/>par le biais de la reconnaissance dont ils b\u00e9n\u00e9ficient dans leur domaine respectif. La combinaison est<br \/>manifestement r\u00e9ussie puisque sera c\u00e9l\u00e9br\u00e9e cette ann\u00e9e la dix-septi\u00e8me \u00e9dition de la Rencontre.<br \/>C\u2019est dans la m\u00eame optique qu\u2019un Fonds d\u2019Art Contemporain public a pu voir le jour, enrichi d\u2019ann\u00e9e en<br \/>ann\u00e9e des oeuvres offertes \u00e0 la Ville par les diff\u00e9rents pr\u00e9sidents de la Rencontre et d\u2019autres artistes,<br \/>qui s\u2019associent progressivement au projet.<br \/>En ce sens, l\u2019acquisition par la Commune aupr\u00e8s de la Collectivit\u00e9 Territoriale de Corse de l\u2019ancien<br \/>H\u00f4pital militaire permettra \u00e0 terme la cr\u00e9ation d\u2019un espace d\u2019exposition permanente.<br \/>Les objectifs<br \/>Nous avons privil\u00e9gi\u00e9 3 objectifs :<br \/>\u00b7 Permettre aux Calvais et aux Balanins d\u2019acc\u00e9der \u00e0 la connaissance de l\u2019art contemporain en<br \/>important sur place les oeuvres d\u2019artistes locaux et de ceux venus d\u2019ailleurs.<br \/>\u00b7 L\u2019exposition est compl\u00e9t\u00e9e chaque ann\u00e9e par un \u00e9ventail de la production artistique insulaire<br \/>dans le but de faire conna\u00eetre et de promouvoir aupr\u00e8s des touristes, continentaux et \u00e9trangers,<br \/>le travail des artistes locaux.<br \/>\u00b7 Conf\u00e9rer aux artistes continentaux, interlocuteurs privil\u00e9gi\u00e9s de la promotion de Calvi et de la<br \/>Corse, un r\u00f4le de m\u00e9diateur et d\u2019ambassadeur de notre (micro-)r\u00e9gion et, par l\u00e0-m\u00eame, du travail<br \/>de leurs homologues.<br \/>La Ville tient \u00e0 recevoir les artistes sur place, en leur r\u00e9servant un accueil de qualit\u00e9, afin de<br \/>favoriser les \u00e9changes, d\u2019instaurer une certaine convivialit\u00e9 : c\u2019est en cela que r\u00e9side la<br \/>sp\u00e9cificit\u00e9 de la Rencontre.<br \/>RACC : la d\u00e9fense de l\u2019art vivant<br \/>La Rencontre d\u2019Art Contemporain de Calvi est le premier salon artistique de la Corse. C\u2019est aussi une<br \/>grande exposition-vente regroupant une centaine de toiles et de sculptures, ainsi qu\u2019une boutique<br \/>proposant tous les produits d\u00e9riv\u00e9s consacr\u00e9s \u00e0 la RACC : lithographies, affiches, cartes postales\u2026<br \/>Pour les artistes insulaires, la RACC peut g\u00e9n\u00e9rer de r\u00e9elles retomb\u00e9es \u00e9conomiques puisqu\u2019elle<br \/>constitue l\u2019un des seuls outils de promotion et de commercialisation de leurs cr\u00e9ations.<br \/>Par ailleurs, par l\u2019intitul\u00e9 \u00ab RACC \u00bb (Art Contemporain), il faut plut\u00f4t entendre Art Figuratif. En effet, il<br \/>s\u2019agit prioritairement de promouvoir l\u2019Art Vivant qui s\u2019attache \u00e0 privil\u00e9gier l\u2019Art Figuratif.<br \/>N\u00e9anmoins depuis pr\u00e8s de cinq ann\u00e9es, une ouverture a \u00e9t\u00e9 accord\u00e9e aux courants artistiques plus<br \/>actuels comme la Figuration libre, l\u2019Abstraction et le Pop Art.<br \/>Et il ne sera pas \u00e9tonnant que lors des prochaines \u00e9ditions d\u2019autres Arts Plastiques majeurs tels que la<br \/>Photographie aient leur espace d\u00e9di\u00e9 au sein de la Rencontre d\u2019Art Contemporain.<\/p>\n<p style=\"text-align: left;\"><strong><em><a target=\"_blank\" title=\"site officiel de la Rencontre d'Art Contemporain de Calvi\" href=\"http:\/\/art-contemporain-calvi.jimdo.com\/\">Visitez le site officiel de l&rsquo;\u00e9venement : ici<\/a><\/em><\/strong><\/p>\n<p style=\"text-align: left;\">Savoir plus sur la Ville de Calvi <a target=\"_blank\" title=\"ville de Calvi\" href=\"http:\/\/www.villedecalvi.fr\/\">: cliquez ici<\/a><\/p>\n<p style=\"text-align: left;\">\u00a0<\/p>\n","protected":false},"excerpt":{"rendered":"<p>La 17eme Rencontre d&rsquo;Art Contemporaine pr\u00e9sid\u00e9e par Anna Filimonova, a eu lieu\u00a0 du 9 juin au 31 ao\u00fbt\u00a0 2012 \u00a0 Pays \u00e0 l\u2019honneur\u00a0: La Russie Th\u00e8me : \u00ab Corsica-Russia, Cultures Crois\u00e9es\u00bb Visitez le site officiel de l&rsquo;\u00e9venement : ici Visionner &hellip; <a href=\"https:\/\/galeriedeparis.fr\/afcc\/?p=55\">Continuer la lecture <span class=\"meta-nav\">&rarr;<\/span><\/a><\/p>\n","protected":false},"author":1,"featured_media":0,"comment_status":"open","ping_status":"open","sticky":false,"template":"","format":"standard","meta":[],"categories":[11,1],"tags":[109,110],"_links":{"self":[{"href":"https:\/\/galeriedeparis.fr\/afcc\/index.php?rest_route=\/wp\/v2\/posts\/55"}],"collection":[{"href":"https:\/\/galeriedeparis.fr\/afcc\/index.php?rest_route=\/wp\/v2\/posts"}],"about":[{"href":"https:\/\/galeriedeparis.fr\/afcc\/index.php?rest_route=\/wp\/v2\/types\/post"}],"author":[{"embeddable":true,"href":"https:\/\/galeriedeparis.fr\/afcc\/index.php?rest_route=\/wp\/v2\/users\/1"}],"replies":[{"embeddable":true,"href":"https:\/\/galeriedeparis.fr\/afcc\/index.php?rest_route=%2Fwp%2Fv2%2Fcomments&post=55"}],"version-history":[{"count":1,"href":"https:\/\/galeriedeparis.fr\/afcc\/index.php?rest_route=\/wp\/v2\/posts\/55\/revisions"}],"predecessor-version":[{"id":432,"href":"https:\/\/galeriedeparis.fr\/afcc\/index.php?rest_route=\/wp\/v2\/posts\/55\/revisions\/432"}],"wp:attachment":[{"href":"https:\/\/galeriedeparis.fr\/afcc\/index.php?rest_route=%2Fwp%2Fv2%2Fmedia&parent=55"}],"wp:term":[{"taxonomy":"category","embeddable":true,"href":"https:\/\/galeriedeparis.fr\/afcc\/index.php?rest_route=%2Fwp%2Fv2%2Fcategories&post=55"},{"taxonomy":"post_tag","embeddable":true,"href":"https:\/\/galeriedeparis.fr\/afcc\/index.php?rest_route=%2Fwp%2Fv2%2Ftags&post=55"}],"curies":[{"name":"wp","href":"https:\/\/api.w.org\/{rel}","templated":true}]}}