{"id":58,"date":"2012-05-26T17:29:32","date_gmt":"2012-05-26T16:29:32","guid":{"rendered":"http:\/\/galeriedeparis.fr\/afcc\/?p=58"},"modified":"2017-04-22T21:07:43","modified_gmt":"2017-04-22T20:07:43","slug":"reportage-du-premier-plein-air-international","status":"publish","type":"post","link":"https:\/\/galeriedeparis.fr\/afcc\/?p=58","title":{"rendered":"Reportage du premier plein air international"},"content":{"rendered":"<p style=\"text-align: center;\"><em>Texte en fran\u00e7ais, \u0440\u0443\u0441\u0441\u043a\u0438\u0439 \u0432 \u0441\u043b\u0435\u0434\u0443\u044e\u0449\u0435\u043c \u0430\u0431\u0437\u0430\u0446\u0435 <\/em><\/p>\n<p style=\"text-align: center;\"><span style=\"font-size: 12pt;\">Du 4 au 11 mai 2012\u00a0 8 artistes russes &#8211; amateurs confirm\u00e9s et \u00e9l\u00e8ves de la<\/span><\/p>\n<p style=\"text-align: center;\"><span style=\"font-size: 12pt;\"> Start Acad\u00e9mie de Saint-P\u00e9tersbourg ont pris part au premier plein air organis\u00e9 par l&rsquo;association.<\/span><\/p>\n<p style=\"text-align: center;\"><span style=\"font-size: 12pt;\">Cette master-classe \u00e9tait anim\u00e9e par Anna Filimonova, la pr\u00e9sidente de l&rsquo;association<br \/><\/span><\/p>\n<p style=\"text-align: center;\"><span style=\"font-size: 12pt;\">D\u00e9couvrez le reportage photos sur notre page facebook\u00a0 : <\/span><\/p>\n<p style=\"text-align: center;\"><a target=\"_blank\" title=\"reportage photo sur facebook\" href=\"http:\/\/www.facebook.com\/media\/set\/?set=a.10150830258963291.433945.695023290&#038;type=3&#038;l=a23a8a803e\">http:\/\/www.facebook.com\/media\/set\/?set=a.10150830258963291.433945.695023290&#038;type=3&#038;l=a23a8a803e<\/a><\/p>\n<p style=\"text-align: center;\">\u00a0<\/p>\n<p style=\"text-align: center;\">Du 13 au 20 juillet nous avons accueilli<\/p>\n<p style=\"text-align: center;\">le groupe de Bridgwiew Fine Art School de New-York<\/p>\n<p style=\"text-align: center;\">D\u00e9couvrer le r\u00e9portage photo de ce sejour sur notre album sur facebook<\/p>\n<p style=\"text-align: center;\"><a target=\"_blank\" title=\"album du s\u00e9jour americain -stage de peinture en plein air en Haute Normandie, Fourges\" href=\"http:\/\/www.facebook.com\/media\/set\/?set=a.10151042116013291.454700.695023290&#038;type=1\">http:\/\/www.facebook.com\/media\/set\/?set=a.10151042116013291.454700.695023290&#038;type=1<\/a><\/p>\n<p style=\"text-align: center;\">\u00a0<\/p>\n<p style=\"text-align: center;\">r\u00e9portage sur France 3 Normandie :<\/p>\n<p style=\"text-align: center;\">\u00a0<\/p>\n<p style=\"text-align: center;\">Article\u00a0 sur nos activit\u00e9 dans Paris -Normandie- Mars 2012<\/p>\n<p style=\"text-align: center;\">Article de Paris-Normandie par \u00a9Agn\u00e8s Garcia :<img src=\"images\/stories\/paris-normandiemars2012.jpg\" \/> \u00a9 Agnes Garcia, Paris-Normandie<\/p>\n","protected":false},"excerpt":{"rendered":"<p>Texte en fran\u00e7ais, \u0440\u0443\u0441\u0441\u043a\u0438\u0439 \u0432 \u0441\u043b\u0435\u0434\u0443\u044e\u0449\u0435\u043c \u0430\u0431\u0437\u0430\u0446\u0435 Du 4 au 11 mai 2012\u00a0 8 artistes russes &#8211; amateurs confirm\u00e9s et \u00e9l\u00e8ves de la Start Acad\u00e9mie de Saint-P\u00e9tersbourg ont pris part au premier plein air organis\u00e9 par l&rsquo;association. Cette master-classe \u00e9tait &hellip; <a href=\"https:\/\/galeriedeparis.fr\/afcc\/?p=58\">Continuer la lecture <span class=\"meta-nav\">&rarr;<\/span><\/a><\/p>\n","protected":false},"author":1,"featured_media":0,"comment_status":"open","ping_status":"open","sticky":false,"template":"","format":"standard","meta":[],"categories":[11,163],"tags":[],"_links":{"self":[{"href":"https:\/\/galeriedeparis.fr\/afcc\/index.php?rest_route=\/wp\/v2\/posts\/58"}],"collection":[{"href":"https:\/\/galeriedeparis.fr\/afcc\/index.php?rest_route=\/wp\/v2\/posts"}],"about":[{"href":"https:\/\/galeriedeparis.fr\/afcc\/index.php?rest_route=\/wp\/v2\/types\/post"}],"author":[{"embeddable":true,"href":"https:\/\/galeriedeparis.fr\/afcc\/index.php?rest_route=\/wp\/v2\/users\/1"}],"replies":[{"embeddable":true,"href":"https:\/\/galeriedeparis.fr\/afcc\/index.php?rest_route=%2Fwp%2Fv2%2Fcomments&post=58"}],"version-history":[{"count":1,"href":"https:\/\/galeriedeparis.fr\/afcc\/index.php?rest_route=\/wp\/v2\/posts\/58\/revisions"}],"predecessor-version":[{"id":429,"href":"https:\/\/galeriedeparis.fr\/afcc\/index.php?rest_route=\/wp\/v2\/posts\/58\/revisions\/429"}],"wp:attachment":[{"href":"https:\/\/galeriedeparis.fr\/afcc\/index.php?rest_route=%2Fwp%2Fv2%2Fmedia&parent=58"}],"wp:term":[{"taxonomy":"category","embeddable":true,"href":"https:\/\/galeriedeparis.fr\/afcc\/index.php?rest_route=%2Fwp%2Fv2%2Fcategories&post=58"},{"taxonomy":"post_tag","embeddable":true,"href":"https:\/\/galeriedeparis.fr\/afcc\/index.php?rest_route=%2Fwp%2Fv2%2Ftags&post=58"}],"curies":[{"name":"wp","href":"https:\/\/api.w.org\/{rel}","templated":true}]}}