{"id":61,"date":"2012-11-23T09:55:48","date_gmt":"2012-11-23T08:55:48","guid":{"rendered":"http:\/\/galeriedeparis.fr\/afcc\/?p=61"},"modified":"2016-12-03T16:29:08","modified_gmt":"2016-12-03T15:29:08","slug":"artistes-de-lassociation-au-grand-palais-a-lart-en-capital","status":"publish","type":"post","link":"https:\/\/galeriedeparis.fr\/afcc\/?p=61","title":{"rendered":"Artistes de l&rsquo;Association au Grand Palais \u00e0 l&rsquo;Art en Capital"},"content":{"rendered":"<p style=\"text-align: center;\"><span style=\"font-size: 14pt;\"><span style=\"color: #000080;\">Artistes de l&rsquo;Association<\/span><\/span><\/p>\n<p style=\"text-align: center;\"><span style=\"font-size: 14pt;\"><span style=\"color: #000080;\">\u00a0<\/span><\/span><\/p>\n<p style=\"text-align: center;\"><span style=\"font-size: 14pt;\"><strong><span style=\"color: #000080;\">Anna Filimonova &amp;Kojiro Akagi<\/span><\/strong><\/span><\/p>\n<p style=\"text-align: center;\"><span style=\"font-size: 14pt;\"><strong><span style=\"color: #000080;\"> seront pr\u00e9sent \u00e0 l&rsquo;Art en Capital <\/span><\/strong><\/span><\/p>\n<p style=\"text-align: center;\"><span style=\"font-size: 14pt;\"><strong><span style=\"color: #000080;\">du 27 novembre au 2 d\u00e9cembre 2012<\/span><\/strong><\/span><\/p>\n<p style=\"text-align: center;\"><a title=\"lien vers \thttp:\/\/www.artencapital.fr\" href=\"\thttp:\/\/www.artencapital.fr\" target=\"_blank\"><img loading=\"lazy\" src=\"images\/stories\/art en capital2012.jpg\" alt=\"affiche de l'Art en Capital\" width=\"639\" height=\"960\" \/><\/a><\/p>\n","protected":false},"excerpt":{"rendered":"<p>Artistes de l&rsquo;Association \u00a0 Anna Filimonova &amp;Kojiro Akagi seront pr\u00e9sent \u00e0 l&rsquo;Art en Capital du 27 novembre au 2 d\u00e9cembre 2012<\/p>\n","protected":false},"author":1,"featured_media":0,"comment_status":"open","ping_status":"open","sticky":false,"template":"","format":"standard","meta":[],"categories":[11],"tags":[121,123,122,124],"_links":{"self":[{"href":"https:\/\/galeriedeparis.fr\/afcc\/index.php?rest_route=\/wp\/v2\/posts\/61"}],"collection":[{"href":"https:\/\/galeriedeparis.fr\/afcc\/index.php?rest_route=\/wp\/v2\/posts"}],"about":[{"href":"https:\/\/galeriedeparis.fr\/afcc\/index.php?rest_route=\/wp\/v2\/types\/post"}],"author":[{"embeddable":true,"href":"https:\/\/galeriedeparis.fr\/afcc\/index.php?rest_route=\/wp\/v2\/users\/1"}],"replies":[{"embeddable":true,"href":"https:\/\/galeriedeparis.fr\/afcc\/index.php?rest_route=%2Fwp%2Fv2%2Fcomments&post=61"}],"version-history":[{"count":1,"href":"https:\/\/galeriedeparis.fr\/afcc\/index.php?rest_route=\/wp\/v2\/posts\/61\/revisions"}],"predecessor-version":[{"id":476,"href":"https:\/\/galeriedeparis.fr\/afcc\/index.php?rest_route=\/wp\/v2\/posts\/61\/revisions\/476"}],"wp:attachment":[{"href":"https:\/\/galeriedeparis.fr\/afcc\/index.php?rest_route=%2Fwp%2Fv2%2Fmedia&parent=61"}],"wp:term":[{"taxonomy":"category","embeddable":true,"href":"https:\/\/galeriedeparis.fr\/afcc\/index.php?rest_route=%2Fwp%2Fv2%2Fcategories&post=61"},{"taxonomy":"post_tag","embeddable":true,"href":"https:\/\/galeriedeparis.fr\/afcc\/index.php?rest_route=%2Fwp%2Fv2%2Ftags&post=61"}],"curies":[{"name":"wp","href":"https:\/\/api.w.org\/{rel}","templated":true}]}}