{"id":65,"date":"2013-09-24T20:42:58","date_gmt":"2013-09-24T19:42:58","guid":{"rendered":"http:\/\/galeriedeparis.fr\/afcc\/?p=65"},"modified":"2018-08-15T20:36:17","modified_gmt":"2018-08-15T19:36:17","slug":"ii-concours-international-de-peinture-grand-format-a-fourges","status":"publish","type":"post","link":"https:\/\/galeriedeparis.fr\/afcc\/?p=65","title":{"rendered":"II Concours International de Peinture Grand Format \u00e0 Fourges"},"content":{"rendered":"<div style=\"text-align: center;\"><span style=\"color: #666699;\"><strong><span style=\"font-size: 18pt;\">Nous sommes heureux de vous\u00a0 presenter le compte rendu <br \/><\/span><\/strong><\/span><\/div>\n<div style=\"text-align: center;\"><\/div>\n<div style=\"text-align: center;\"><\/div>\n<div style=\"text-align: center;\"><\/div>\n<div style=\"text-align: center;\"><span style=\"color: #666699;\"><strong><span style=\"font-size: 18pt;\">du II-\u00e8me Concours <\/span><\/strong><\/span><\/div>\n<div style=\"text-align: center;\"><span style=\"color: #666699;\"><strong><br \/><\/strong><\/span><\/div>\n<div style=\"text-align: center;\"><span style=\"color: #666699;\"><strong><span style=\"font-size: 18pt;\">International de Peinture sur Grand Format en plein air<br \/><\/span><\/strong><\/span><\/div>\n<div style=\"text-align: center;\"><\/div>\n<div style=\"text-align: center;\"><\/div>\n<div style=\"text-align: center;\"><\/div>\n<div style=\"text-align: center;\"><\/div>\n<div style=\"text-align: center;\"><\/div>\n<div style=\"text-align: center;\"><span style=\"color: #0000ff;\"><strong><span style=\"font-size: 18pt;\"><br \/><span style=\"color: #888888;\">\u00e0 <\/span><a target=\"_blank\" title=\"site de la Commune de Fourges\" href=\"http:\/\/fourges.a3w.fr\/\">Fourges ( 27630, Haute Normandie) <\/a><\/span><\/strong><\/span><\/div>\n<div style=\"text-align: center;\"><\/div>\n<div style=\"text-align: center;\"><\/div>\n<div style=\"text-align: center;\"><\/div>\n<div style=\"text-align: center;\"><span style=\"color: #0000ff;\"><strong><span style=\"font-size: 18pt;\"><a target=\"_blank\" title=\"site de la Commune de Fourges\" href=\"http:\/\/fourges.a3w.fr\/\"><br \/>\u00e0 8km du c\u00e9l\u00e8bre village <\/a><\/span><\/strong><\/span><\/div>\n<div style=\"text-align: center;\"><\/div>\n<div style=\"text-align: center;\"><\/div>\n<div style=\"text-align: center;\"><span style=\"color: #0000ff;\"><strong><span style=\"font-size: 18pt;\"><a target=\"_blank\" title=\"Lien vers le Mus\u00e9e \" jardins=\"Jardins\" href=\"http:\/\/fondation-monet.com\/\"><br \/>Giverny et les jardins de Claude Monet<\/a> <br \/><\/span><\/strong><\/span><\/div>\n<div style=\"text-align: center;\"><span style=\"color: #0000ff;\"><strong><span style=\"font-size: 18pt;\"><br \/><\/span><\/strong><\/span><\/div>\n<div style=\"text-align: center;\"><span style=\"color: #0000ff;\"><strong><br \/><\/strong><\/span><\/div>\n<div style=\"text-align: center;\"><\/div>\n<div style=\"text-align: center;\"><span style=\"color: #0000ff;\"><strong><span style=\"font-size: 18pt;\"> qui s&rsquo;est deroul\u00e9 du 13\u00a0 au 15 juin 2014.<\/span><\/strong><\/span><\/div>\n<div style=\"text-align: center;\"><\/div>\n<div style=\"text-align: center;\"><span style=\"color: #0000ff;\"><strong><span style=\"font-size: 18pt;\"><img src=\"images\/stories\/2014 06concours de fourges bass def visuel.jpg\" alt=\"affiche du Concours de Peinture de Fourges 2014\" width=\"600\" \/><\/span><\/strong><\/span><\/div>\n<div style=\"text-align: center;\"><\/div>\n<div style=\"text-align: center;\"><\/div>\n<div style=\"text-align: center;\"><span style=\"color: #0000ff;\"><strong><span style=\"font-size: 18pt;\"><br \/><\/span><\/strong><\/span><\/div>\n<div style=\"text-align: center;\"><\/div>\n<div style=\"text-align: center;\"><span style=\"color: #0000ff;\"><strong><span style=\"font-size: 18pt;\"> <\/span><\/strong><\/span><\/div>\n<div style=\"text-align: center;\"><\/div>\n<div style=\"text-align: center;\"><span style=\"color: #0000ff;\"><strong><span style=\"font-size: 18pt;\"> <img src=\"images\/stories\/pentre-sous-labaderole pt. jpg.jpg\" alt=\"Peintres sous la banderolle du Concours de Peinture de Fourges, en plein air sur grand format\" width=\"250\" \/> <img src=\"images\/stories\/expo-coin gauche concours pt.jpg\" alt=\"exposition du premier Concours de Peinture de Fourges 2013 \" width=\"250\" \/><br \/><\/span><\/strong><\/span><\/div>\n<div style=\"text-align: center;\"><span style=\"color: #0000ff;\"><strong><span style=\"font-size: 18pt;\"><br \/><\/span><\/strong><\/span><\/div>\n<p> <strong> <\/strong> <\/p>\n<p style=\"text-align: center;\"><img src=\"images\/stories\/alain-concours 2013pt.jpg\" alt=\"Alain Deslandres au Concours de Peinture de Fourges \" width=\"250\" \/><\/p>\n<p style=\"text-align: center;\"><img src=\"images\/stories\/richard plessis au concours 2013 pt.jpg\" alt=\"Richard Plessis, membre du groupe \" peintres=\"Peintres\" width=\"250\" \/><\/p>\n<ul>\n<li><\/li>\n<\/ul>\n<div style=\"text-align: center;\"><span style=\"font-size: 12pt;\"><span style=\"color: #0000ff;\"><strong>Contactez-nous pour plus d&rsquo;information<\/strong><\/span><\/span><br \/><span style=\"font-size: 12pt;\"><span style=\"color: #0000ff;\"><strong>par\u00a0 t\u00e9l\u00e9phone 33 ( 0) 6 61 91 23 98\u00a0 ou mail <\/strong><\/span><\/span><br \/><span style=\"font-size: 12pt;\"><span style=\"color: #0000ff;\"><strong>anna @ crossline.com<\/strong><\/span><\/span><br \/><span style=\"font-size: 12pt;\"><span style=\"color: #0000ff;\"> <\/span><\/span><br \/><span style=\"font-size: 12pt;\"><span style=\"color: #0000ff;\"><strong>Aussi vous pouvez visiter le site de <a target=\"_blank\" title=\"Site officiel de la Commune de Fourges, departement de l'Eure, Haute Normandie\" href=\"http:\/\/fourges.a3w.fr\/\">Fourges<\/a><\/strong><\/span><\/span><br \/><span style=\"font-size: 12pt;\"><span style=\"color: #0000ff;\"><strong>ou imprimer le coupon -r\u00e9ponse ci-dessous et l&rsquo;envoyer<\/strong><\/span><\/span><\/div>\n<div style=\"text-align: center;\"><span style=\"font-size: 12pt;\"><span style=\"color: #0000ff;\"><strong> \u00e0 l<\/strong><\/span><\/span><span style=\"font-size: 12pt;\"><span style=\"color: #0000ff;\"><strong>a Mairie de Fourges, au 5-7 route d&rsquo;Ecos, 27630 Fourges, <\/strong><\/span><\/span><br \/><span style=\"font-size: 12pt;\"><span style=\"color: #0000ff;\"><strong>\u00e0 l&rsquo;attention de Mlle Laure Carpentier avec mention : <\/strong><\/span><\/span><br \/><span style=\"color: #0000ff;\"><strong><span style=\"font-size: 18pt;\"><span style=\"font-size: 12pt;\"> <\/span><\/span><\/strong><\/span><\/div>\n<div style=\"text-align: center;\"><span style=\"color: #0000ff;\"><strong><span style=\"font-size: 18pt;\"><span style=\"font-size: 12pt;\"><br \/>\u00ab\u00a0Concours de Fourges\u00a0\u00bb<\/span><\/span><\/strong><\/span><\/div>\n<div style=\"text-align: center;\"><span style=\"color: #0000ff;\"><strong><span style=\"font-size: 18pt;\"><span style=\"font-size: 12pt;\"><br \/><\/span><\/span><\/strong><\/span><\/div>\n<div style=\"text-align: center;\"><span style=\"color: #0000ff;\"><strong><span style=\"font-size: 18pt;\"><img style=\"border: 3px solid #2244dc;\" src=\"images\/stories\/flyer  verso concours 2014pt.jpg\" alt=\" reglement et bulletin de participation du Concours de Fourges 2014\" width=\"600\" \/><\/span><\/strong><\/span><\/div>\n<div style=\"text-align: center;\"><span style=\"color: #0000ff;\"><strong><span style=\"font-size: 18pt;\"> <br \/><\/span><\/strong><\/span><\/div>\n","protected":false},"excerpt":{"rendered":"<p>Nous sommes heureux de vous\u00a0 presenter le compte rendu du II-\u00e8me Concours International de Peinture sur Grand Format en plein air \u00e0 Fourges ( 27630, Haute Normandie) \u00e0 8km du c\u00e9l\u00e8bre village Giverny et les jardins de Claude Monet qui &hellip; <a href=\"https:\/\/galeriedeparis.fr\/afcc\/?p=65\">Continuer la lecture <span class=\"meta-nav\">&rarr;<\/span><\/a><\/p>\n","protected":false},"author":1,"featured_media":0,"comment_status":"open","ping_status":"open","sticky":false,"template":"","format":"standard","meta":[],"categories":[218,162],"tags":[153,149,147,151,152,154,150,155,44,43,148],"_links":{"self":[{"href":"https:\/\/galeriedeparis.fr\/afcc\/index.php?rest_route=\/wp\/v2\/posts\/65"}],"collection":[{"href":"https:\/\/galeriedeparis.fr\/afcc\/index.php?rest_route=\/wp\/v2\/posts"}],"about":[{"href":"https:\/\/galeriedeparis.fr\/afcc\/index.php?rest_route=\/wp\/v2\/types\/post"}],"author":[{"embeddable":true,"href":"https:\/\/galeriedeparis.fr\/afcc\/index.php?rest_route=\/wp\/v2\/users\/1"}],"replies":[{"embeddable":true,"href":"https:\/\/galeriedeparis.fr\/afcc\/index.php?rest_route=%2Fwp%2Fv2%2Fcomments&post=65"}],"version-history":[{"count":1,"href":"https:\/\/galeriedeparis.fr\/afcc\/index.php?rest_route=\/wp\/v2\/posts\/65\/revisions"}],"predecessor-version":[{"id":231,"href":"https:\/\/galeriedeparis.fr\/afcc\/index.php?rest_route=\/wp\/v2\/posts\/65\/revisions\/231"}],"wp:attachment":[{"href":"https:\/\/galeriedeparis.fr\/afcc\/index.php?rest_route=%2Fwp%2Fv2%2Fmedia&parent=65"}],"wp:term":[{"taxonomy":"category","embeddable":true,"href":"https:\/\/galeriedeparis.fr\/afcc\/index.php?rest_route=%2Fwp%2Fv2%2Fcategories&post=65"},{"taxonomy":"post_tag","embeddable":true,"href":"https:\/\/galeriedeparis.fr\/afcc\/index.php?rest_route=%2Fwp%2Fv2%2Ftags&post=65"}],"curies":[{"name":"wp","href":"https:\/\/api.w.org\/{rel}","templated":true}]}}