{"id":869,"date":"2017-10-02T22:06:05","date_gmt":"2017-10-02T21:06:05","guid":{"rendered":"https:\/\/galeriedeparis.fr\/afcc\/?p=869"},"modified":"2017-10-03T03:44:52","modified_gmt":"2017-10-03T02:44:52","slug":"de-maryino-en-france-sejour-des-peintres-russes-en-normandie-picardie-et-ile-de-france","status":"publish","type":"post","link":"https:\/\/galeriedeparis.fr\/afcc\/?p=869","title":{"rendered":"\u00ab\u00a0De Maryino en France\u00a0\u00bb; s\u00e9jour des peintres russes  en Normandie, Picardie et Ile-de-France."},"content":{"rendered":"<p>Au d\u00e9but du mois de septembre 2017 un nouveau s\u00e9jour pour d\u00e9couvrir et peindre en plein air\u00a0 les plus beaux jardins de France a \u00e9t\u00e9 organis\u00e9 pour les artistes de Saint-P\u00e9tersbourg;<\/p>\n<p>Organis\u00e9\u00a0pour la troisi\u00e8me fois comme auparavant\u00a0 avec le soutien de la <a href=\"http:\/\/www.fondationparcsetjardins.com\/\" target=\"_blank\" rel=\"noopener\">Fondation des Parcs et Jardins de France<\/a> et personnellement de\u00a0 Marie-Sol de la Tour d&rsquo;Auvergne<br \/>\nce projet favorise les \u00e9changes dans le monde des jardins\u00a0 entre la France et la Russie. Les expositions qui s&rsquo;ensuivent apr\u00e8s ses s\u00e9jours artistique participe au d\u00e9veloppement de\u00a0 l\u2019art des jardins en Russie et \u00e0 la connaissance des jardins de France en Russie\u00a0 et\u00a0 \u00e0 l&rsquo;attractivit\u00e9\u00a0 de la Destination France en g\u00e9n\u00e9ral.<\/p>\n<div id=\"attachment_884\" style=\"width: 511px\" class=\"wp-caption aligncenter\"><a href=\"https:\/\/galeriedeparis.fr\/afcc\/wp-content\/uploads\/2017\/10\/monte-christo-0176.jpg\"><img aria-describedby=\"caption-attachment-884\" loading=\"lazy\" class=\"wp-image-884\" src=\"https:\/\/galeriedeparis.fr\/afcc\/wp-content\/uploads\/2017\/10\/monte-christo-0176-1024x576.jpg\" alt=\"\" width=\"501\" height=\"282\" srcset=\"https:\/\/galeriedeparis.fr\/afcc\/wp-content\/uploads\/2017\/10\/monte-christo-0176-1024x576.jpg 1024w, https:\/\/galeriedeparis.fr\/afcc\/wp-content\/uploads\/2017\/10\/monte-christo-0176-300x169.jpg 300w, https:\/\/galeriedeparis.fr\/afcc\/wp-content\/uploads\/2017\/10\/monte-christo-0176-768x432.jpg 768w, https:\/\/galeriedeparis.fr\/afcc\/wp-content\/uploads\/2017\/10\/monte-christo-0176.jpg 1280w\" sizes=\"(max-width: 501px) 100vw, 501px\" \/><\/a><p id=\"caption-attachment-884\" class=\"wp-caption-text\">Dans la maison d&rsquo;Alexandre Dumas, ch\u00e2teau de Monte Christo, Port Marly<\/p><\/div>\n<p><strong>\u00a05 artistes russes s\u00e9lectionn\u00e9s\u00a0 sur base d\u2019un concours\u00a0 par\u00a0 Galina Stepanova la m\u00e9c\u00e8ne russe.<\/strong><\/p>\n<p><strong>Julia Kostsova, Vera Trofimova, Nikolas Chiriatev, Vladislav Miroshnikov, Konstantin Novoselov, accompagn\u00e9s par Galina Stepanova et Anna Filimonova ont pass\u00e9 3 semaines \u00e0 peindre et visiter les jardins et ch\u00e2teaux les plus embl\u00e9matiques \u00e0 proximit\u00e9 de Paris et sa r\u00e9gion<br \/>\n<\/strong><\/p>\n<p>Parmi les lieux visit\u00e9s par le groupe\u00a0 figurent Ch\u00e2teau de Martainville, le Ch\u00e2teau de Bonnemare, le Jardin de Henri le Sidaner et Le jardin des Ifs \u00e0 Gerberoy, Ch\u00e2teau de Pierrefonds, Le Domaine de Chantilly et les jardins de Versailles et le Moulin Jaune \u00e0 Cr\u00e9cy \u2013la-Chapelle et la Dacha de Poline Viardot et Ivan Tourguenev \u00e0 Bougival.<\/p>\n<p>Retour sur images :<br \/>\n\u0427\u0438\u0442\u0430\u0442\u044c \u0441\u0442\u0430\u0442\u044c\u044e \u043e\u0431 \u044d\u0442\u043e\u043c \u043f\u0440\u043e\u0435\u043a\u0442\u0435\u00a0 \u043f\u043e \u0440\u0443\u0441\u0441\u043a\u0438 \u0432 \u0438\u043d\u0442\u0435\u0440\u043d\u0435\u0442 \u0433\u0430\u0437\u0435\u0442\u0435\u00a0 <a href=\"http:\/\/rusoch.fr\/ru\/opinions\/211273.html\" target=\"_blank\" rel=\"noopener\">\u0420\u0443\u0441\u0441\u043a\u0438\u0439 \u043e\u0447\u0435\u0432\u0438\u0434\u0435\u0446 <\/a><\/p>\n<div id=\"attachment_896\" style=\"width: 371px\" class=\"wp-caption alignnone\"><a href=\"https:\/\/galeriedeparis.fr\/afcc\/wp-content\/uploads\/2017\/10\/2017-09-1chantilly-7.jpg\"><img aria-describedby=\"caption-attachment-896\" loading=\"lazy\" class=\"wp-image-896\" src=\"https:\/\/galeriedeparis.fr\/afcc\/wp-content\/uploads\/2017\/10\/2017-09-1chantilly-7-1024x576.jpg\" alt=\"\" width=\"361\" height=\"203\" srcset=\"https:\/\/galeriedeparis.fr\/afcc\/wp-content\/uploads\/2017\/10\/2017-09-1chantilly-7-1024x576.jpg 1024w, https:\/\/galeriedeparis.fr\/afcc\/wp-content\/uploads\/2017\/10\/2017-09-1chantilly-7-300x169.jpg 300w, https:\/\/galeriedeparis.fr\/afcc\/wp-content\/uploads\/2017\/10\/2017-09-1chantilly-7-768x432.jpg 768w, https:\/\/galeriedeparis.fr\/afcc\/wp-content\/uploads\/2017\/10\/2017-09-1chantilly-7.jpg 1280w\" sizes=\"(max-width: 361px) 100vw, 361px\" \/><\/a><p id=\"caption-attachment-896\" class=\"wp-caption-text\">Au Domaine de Chantilly<\/p><\/div>\n<div id=\"attachment_872\" style=\"width: 486px\" class=\"wp-caption aligncenter\"><a href=\"https:\/\/galeriedeparis.fr\/afcc\/wp-content\/uploads\/2017\/10\/IMG_1892Vascoeil-2017Stepanova-.jpg\"><img aria-describedby=\"caption-attachment-872\" loading=\"lazy\" class=\"wp-image-872\" src=\"https:\/\/galeriedeparis.fr\/afcc\/wp-content\/uploads\/2017\/10\/IMG_1892Vascoeil-2017Stepanova--1024x768.jpg\" alt=\"\" width=\"476\" height=\"357\" srcset=\"https:\/\/galeriedeparis.fr\/afcc\/wp-content\/uploads\/2017\/10\/IMG_1892Vascoeil-2017Stepanova--1024x768.jpg 1024w, https:\/\/galeriedeparis.fr\/afcc\/wp-content\/uploads\/2017\/10\/IMG_1892Vascoeil-2017Stepanova--300x225.jpg 300w, https:\/\/galeriedeparis.fr\/afcc\/wp-content\/uploads\/2017\/10\/IMG_1892Vascoeil-2017Stepanova--768x576.jpg 768w, https:\/\/galeriedeparis.fr\/afcc\/wp-content\/uploads\/2017\/10\/IMG_1892Vascoeil-2017Stepanova-.jpg 1280w\" sizes=\"(max-width: 476px) 100vw, 476px\" \/><\/a><p id=\"caption-attachment-872\" class=\"wp-caption-text\">Ch\u00e2teau de Vasc\u0153uil<\/p><\/div>\n<div id=\"attachment_870\" style=\"width: 650px\" class=\"wp-caption alignnone\"><a href=\"https:\/\/galeriedeparis.fr\/afcc\/wp-content\/uploads\/2017\/10\/\u0441\u0442\u0430\u0442\u044c\u044f-\u043e-\u043f\u043b\u0435\u043d\u0435\u0440\u0435-\u0443-\u0422\u0443\u0440\u0433\u0435\u043d\u0435\u0432\u0430.jpg\"><img aria-describedby=\"caption-attachment-870\" loading=\"lazy\" class=\"wp-image-870 size-large\" src=\"https:\/\/galeriedeparis.fr\/afcc\/wp-content\/uploads\/2017\/10\/\u0441\u0442\u0430\u0442\u044c\u044f-\u043e-\u043f\u043b\u0435\u043d\u0435\u0440\u0435-\u0443-\u0422\u0443\u0440\u0433\u0435\u043d\u0435\u0432\u0430-1024x772.jpg\" alt=\"\" width=\"640\" height=\"483\" srcset=\"https:\/\/galeriedeparis.fr\/afcc\/wp-content\/uploads\/2017\/10\/\u0441\u0442\u0430\u0442\u044c\u044f-\u043e-\u043f\u043b\u0435\u043d\u0435\u0440\u0435-\u0443-\u0422\u0443\u0440\u0433\u0435\u043d\u0435\u0432\u0430-1024x772.jpg 1024w, https:\/\/galeriedeparis.fr\/afcc\/wp-content\/uploads\/2017\/10\/\u0441\u0442\u0430\u0442\u044c\u044f-\u043e-\u043f\u043b\u0435\u043d\u0435\u0440\u0435-\u0443-\u0422\u0443\u0440\u0433\u0435\u043d\u0435\u0432\u0430-300x226.jpg 300w, https:\/\/galeriedeparis.fr\/afcc\/wp-content\/uploads\/2017\/10\/\u0441\u0442\u0430\u0442\u044c\u044f-\u043e-\u043f\u043b\u0435\u043d\u0435\u0440\u0435-\u0443-\u0422\u0443\u0440\u0433\u0435\u043d\u0435\u0432\u0430-768x579.jpg 768w\" sizes=\"(max-width: 640px) 100vw, 640px\" \/><\/a><p id=\"caption-attachment-870\" class=\"wp-caption-text\">Les Nouvelles de Versailles le 13 septembre 2017<\/p><\/div>\n<p>&nbsp;<\/p>\n<p><strong>La gen\u00e8se du projet :<br \/>\n<\/strong><\/p>\n<p><strong>\u00a0<\/strong><strong>2014<\/strong>\u00a0: premi\u00e8re ann\u00e9e o\u00f9 la collaboration entre<\/p>\n<ul>\n<li>Galina STEPANOVA, propri\u00e9taire de la galerie d\u2019art de Saint P\u00e9tersbourg appel\u00e9e \u00ab\u00a0Artiste-peintre de Saint P\u00e9tersbourg\u00a0\u00bb et du Domaine MARYINO, domaine princier des environs de Saint-P\u00e9terbourg,<\/li>\n<\/ul>\n<p>Et<\/p>\n<ul>\n<li>Anna Filimonova, artiste peintre russe vivant en France depuis plus de vingt ans et pr\u00e9sidente de l\u2019association Festival Cultures Crois\u00e9es<\/li>\n<\/ul>\n<p>aboutit \u00e0 l\u2019organisation d\u2019un s\u00e9jour en Val de Loire pour un groupe de peintres de l\u2019\u00e9cole r\u00e9aliste russe constitu\u00e9 et sponsoris\u00e9 par G .STEPANOVA, pour y peindre jardins et ch\u00e2teaux.<\/p>\n<div id=\"attachment_878\" style=\"width: 434px\" class=\"wp-caption alignleft\"><a href=\"https:\/\/galeriedeparis.fr\/afcc\/wp-content\/uploads\/2017\/10\/plein-air-russe-au-chateau-de-Villandry.jpg\"><img aria-describedby=\"caption-attachment-878\" loading=\"lazy\" class=\"wp-image-878\" src=\"https:\/\/galeriedeparis.fr\/afcc\/wp-content\/uploads\/2017\/10\/plein-air-russe-au-chateau-de-Villandry.jpg\" alt=\"\" width=\"424\" height=\"317\" srcset=\"https:\/\/galeriedeparis.fr\/afcc\/wp-content\/uploads\/2017\/10\/plein-air-russe-au-chateau-de-Villandry.jpg 807w, https:\/\/galeriedeparis.fr\/afcc\/wp-content\/uploads\/2017\/10\/plein-air-russe-au-chateau-de-Villandry-300x224.jpg 300w, https:\/\/galeriedeparis.fr\/afcc\/wp-content\/uploads\/2017\/10\/plein-air-russe-au-chateau-de-Villandry-768x574.jpg 768w\" sizes=\"(max-width: 424px) 100vw, 424px\" \/><\/a><p id=\"caption-attachment-878\" class=\"wp-caption-text\">Premier plein air des peintres russes au Ch\u00e2teau de Villandry<\/p><\/div>\n<p><strong>2015<\/strong>\u00a0: Galina STEPANOVA et Anna FILIMONOVA organisent, gr\u00e2ce \u00e0 la complicit\u00e9 active du Ch\u00e2teau de Villandry (Val de Loire) et au Patronage de la Fondation des Parcs et Jardins de France, une exposition dans ses murs, d\u2019une s\u00e9lection des \u0153uvres du petit groupe de peintres venus l\u2019ann\u00e9e pr\u00e9c\u00e9dente. Les artistes s\u00e9journent \u00e9galement \u00e0 Ainay-le-Vieil et peignent ce magnifique ch\u00e2teau mais aussi d\u2019autres perles de la Vall\u00e9e de la Loire\u00a0: Amboise, Chaumont sur Loire, Valmer<strong>\u2026 <\/strong>La t\u00e9l\u00e9 France 3 en parle dans la region Centre, la magasine \u00ab\u00a0 Pratiques des arts\u00a0\u00bb y consacre un reportage de 4 pages, les journaux locaux comme la Nouvelle R\u00e9pulqiue, L\u2019\u00e9chos de Berry ou encore Paris Normandie font \u00e9chos de ce s\u00e9jour remarqu\u00e9.<\/p>\n<p><strong>2016<\/strong>\u00a0: Fortes de ces deux premiers succ\u00e8s en Val de Loire, G. STEPANOVA et A. FILIMONOVA d\u00e9cident de poursuivre leur collaboration et leurs actions de promotion de l\u2019art russe r\u00e9aliste contemporain, en organisant en 2016, une exposition d\u2019une trentaine d\u2019\u0153uvres au <a href=\"https:\/\/www.chateaudebizy.com\/\" target=\"_blank\" rel=\"noopener\">Ch\u00e2teau de Bizy \u00e0 Vernon<\/a> avec le soutien de Madame Isabelle Verger la propri\u00e9taire et Mme de La Tour d\u2019Auvergne \u2013<a href=\"http:\/\/www.fondationparcsetjardins.com\/\" target=\"_blank\" rel=\"noopener\"> vice pr\u00e9sidente de \u00ab\u00a0FPJF\u00a0\u00bb Fondation des Parcs et Jardins de France.<\/a> Cette exposition fut accompagn\u00e9e par un nouveau s\u00e9jour des peintres russes \u00e0 Giverny , Domaine de Villarceaux et autres lieux proches de Vernon \u00e9galement m\u00e9diatis\u00e9 gr\u00e2ce au tr\u00e8s haut niveau des peintres<\/p>\n<div id=\"attachment_881\" style=\"width: 383px\" class=\"wp-caption alignleft\"><a href=\"https:\/\/galeriedeparis.fr\/afcc\/wp-content\/uploads\/2017\/10\/IMG_2074-e1506979511547.jpg\"><img aria-describedby=\"caption-attachment-881\" loading=\"lazy\" class=\"wp-image-881\" src=\"https:\/\/galeriedeparis.fr\/afcc\/wp-content\/uploads\/2017\/10\/IMG_2074-e1506979511547-1024x1024.jpg\" alt=\"\" width=\"373\" height=\"373\" srcset=\"https:\/\/galeriedeparis.fr\/afcc\/wp-content\/uploads\/2017\/10\/IMG_2074-e1506979511547-1024x1024.jpg 1024w, https:\/\/galeriedeparis.fr\/afcc\/wp-content\/uploads\/2017\/10\/IMG_2074-e1506979511547-150x150.jpg 150w, https:\/\/galeriedeparis.fr\/afcc\/wp-content\/uploads\/2017\/10\/IMG_2074-e1506979511547-300x300.jpg 300w, https:\/\/galeriedeparis.fr\/afcc\/wp-content\/uploads\/2017\/10\/IMG_2074-e1506979511547-768x768.jpg 768w, https:\/\/galeriedeparis.fr\/afcc\/wp-content\/uploads\/2017\/10\/IMG_2074-e1506979511547.jpg 1280w\" sizes=\"(max-width: 373px) 100vw, 373px\" \/><\/a><p id=\"caption-attachment-881\" class=\"wp-caption-text\">Peinture de Julia Koktsova au Ch\u00e2teau de Bizy, Vernon<\/p><\/div>\n<div id=\"attachment_879\" style=\"width: 387px\" class=\"wp-caption alignleft\"><a href=\"https:\/\/galeriedeparis.fr\/afcc\/wp-content\/uploads\/2017\/10\/Paris-Normandi-Moulin.jpg\"><img aria-describedby=\"caption-attachment-879\" loading=\"lazy\" class=\"wp-image-879\" src=\"https:\/\/galeriedeparis.fr\/afcc\/wp-content\/uploads\/2017\/10\/Paris-Normandi-Moulin-818x1024.jpg\" alt=\"\" width=\"377\" height=\"472\" srcset=\"https:\/\/galeriedeparis.fr\/afcc\/wp-content\/uploads\/2017\/10\/Paris-Normandi-Moulin-818x1024.jpg 818w, https:\/\/galeriedeparis.fr\/afcc\/wp-content\/uploads\/2017\/10\/Paris-Normandi-Moulin-240x300.jpg 240w, https:\/\/galeriedeparis.fr\/afcc\/wp-content\/uploads\/2017\/10\/Paris-Normandi-Moulin-768x962.jpg 768w, https:\/\/galeriedeparis.fr\/afcc\/wp-content\/uploads\/2017\/10\/Paris-Normandi-Moulin.jpg 1102w\" sizes=\"(max-width: 377px) 100vw, 377px\" \/><\/a><p id=\"caption-attachment-879\" class=\"wp-caption-text\">Article dans Paris-Normandie, 7 avril 2016<\/p><\/div>\n<p>Ces s\u00e9jours et expositions mettent en exergue le regard russe sur l\u2019art des jardins\u00a0; La production prolifique avec laquelle les artistes rentrent \u00e0 Saint-P\u00e9tersbourg donne lieu \u00e0 toute une s\u00e9rie d\u2019expositions en Russie mettant en valeur le regard des peintres russes sur l\u2019art des jardins fran\u00e7ais.<\/p>\n<p><u>Galina STEPANOVA en bref :<br \/>\n<\/u><\/p>\n<p>Galina STEPANOVA est une g\u00e9n\u00e9reux m\u00e9c\u00e8ne russe qui s\u2019inscrit dans la belle tradition de Chtchoukine et de Morozov. Fondatrice de la galerie <a href=\"http:\/\/www.piter-art.com\/\" target=\"_blank\" rel=\"noopener\">\u00ab\u00a0Artiste-peintre de Saint P\u00e9tersbourg\u00a0\u00bb<\/a> o\u00f9 elle rassemble une importante collection de peintures r\u00e9alistes contemporaines, elle est par ailleurs depuis 2008, propri\u00e9taire de l\u2019ancien domaine de la famille STROGANOFF, le <a href=\"http:\/\/www.usadbamaryino.ru\/\" target=\"_blank\" rel=\"noopener\">Domaine MARYINO<\/a> situ\u00e9 \u00e0 environ 70 kms de Saint P\u00e9tersbourg.<\/p>\n<p>Apr\u00e8s de tr\u00e8s lourds travaux de r\u00e9novation, Galina a ouvert largement les portes de sa propri\u00e9t\u00e9, souhaitant en faire un lieu de culture ouvert \u00e0 la cr\u00e9ation artistique\u00a0; c\u2019est ainsi qu\u2019elle y a am\u00e9nag\u00e9 des chambres d\u2019h\u00f4tes et qu\u2019elle y invite r\u00e9guli\u00e8rement des artistes pour y travailler.<\/p>\n<p>Souhaitant d\u00e9velopper une collaboration active avec Anna FILIMONOVA et la France, Galina STEPANOVA s\u2019est impliqu\u00e9e dans la constitution d\u2019un groupe de peintres venus travailler chaque ann\u00e9e en France depuis 3 ans, tel que relat\u00e9 plus haut. Elle offre r\u00e9guli\u00e8rement un prix sp\u00e9cial \u00e0 un des laur\u00e9ats du <strong><a href=\"https:\/\/galeriedeparis.fr\/afcc\/?p=789\" target=\"_blank\" rel=\"noopener\">Concours International de Peinture de Plein Air sur Grand Format<\/a> <\/strong>qui constitue une semaine de s\u00e9jour tout compris \u00e0 Saint P\u00e9tersbourg, et au <a href=\"http:\/\/www.usadbamaryino.ru\/\" target=\"_blank\" rel=\"noopener\">Domaine MARYINO.<\/a><\/p>\n<p>En 2016 c&rsquo;est Florence Remy qui a gagn\u00e9 ce prix et elle a v\u00e9cu une exp\u00e9rience artistique inoubliable\u00a0 <a href=\"http:\/\/www.visit-petersburg.ru\/ru\/event\/3002\/\" target=\"_blank\" rel=\"noopener\">Florence Remy en Russie <\/a><\/p>\n<p><a href=\"https:\/\/galeriedeparis.fr\/afcc\/wp-content\/uploads\/2017\/10\/florence-remy-a-Maryino-2016-.jpg\"><img loading=\"lazy\" class=\"wp-image-902 aligncenter\" src=\"https:\/\/galeriedeparis.fr\/afcc\/wp-content\/uploads\/2017\/10\/florence-remy-a-Maryino-2016--1024x653.jpg\" alt=\"\" width=\"304\" height=\"194\" srcset=\"https:\/\/galeriedeparis.fr\/afcc\/wp-content\/uploads\/2017\/10\/florence-remy-a-Maryino-2016--1024x653.jpg 1024w, https:\/\/galeriedeparis.fr\/afcc\/wp-content\/uploads\/2017\/10\/florence-remy-a-Maryino-2016--300x191.jpg 300w, https:\/\/galeriedeparis.fr\/afcc\/wp-content\/uploads\/2017\/10\/florence-remy-a-Maryino-2016--768x490.jpg 768w, https:\/\/galeriedeparis.fr\/afcc\/wp-content\/uploads\/2017\/10\/florence-remy-a-Maryino-2016-.jpg 1120w\" sizes=\"(max-width: 304px) 100vw, 304px\" \/><\/a><\/p>\n<div id=\"attachment_899\" style=\"width: 173px\" class=\"wp-caption alignleft\"><a href=\"https:\/\/galeriedeparis.fr\/afcc\/wp-content\/uploads\/2017\/10\/oeubre-Nicola-Barab\u00e9.jpg\"><img aria-describedby=\"caption-attachment-899\" loading=\"lazy\" class=\"wp-image-899\" src=\"https:\/\/galeriedeparis.fr\/afcc\/wp-content\/uploads\/2017\/10\/oeubre-Nicola-Barab\u00e9-1010x1024.jpg\" alt=\"\" width=\"163\" height=\"165\" \/><\/a><p id=\"caption-attachment-899\" class=\"wp-caption-text\">Oeuvre de Nicolas Barab\u00e9 r\u00e9alis\u00e9 au 1er Festival de peinture en plein air dans le Berceau de l&rsquo;Impressionnisme, l&rsquo;entr\u00e9e du Ch\u00e2teau de Bonnemare , Nicola Barab\u00e9 est laur\u00e9at du prix Maryino 2017<\/p><\/div>\n<p>&nbsp;<\/p>\n<p>En 2017 c&rsquo;est Nicola Barab\u00e9 qui <a href=\"https:\/\/galeriedeparis.fr\/afcc\/wp-content\/uploads\/2017\/10\/20423laur\u00e9at-festival-Galina-Stepanova-2017-_o.jpg\"><img loading=\"lazy\" class=\"wp-image-903 alignleft\" src=\"https:\/\/galeriedeparis.fr\/afcc\/wp-content\/uploads\/2017\/10\/20423laur\u00e9at-festival-Galina-Stepanova-2017-_o-1024x941.jpg\" alt=\"\" width=\"311\" height=\"285\" \/><\/a>est devenu le laur\u00e9at du Prix du Domaine Maryino, il sejourn\u00e9ra dans le Domaine en \u00e9t\u00e9 2018<\/p>\n<p>&nbsp;<\/p>\n<p><a href=\"https:\/\/galeriedeparis.fr\/afcc\/wp-content\/uploads\/2017\/10\/220074barab\u00e9-10447790_n.jpg\"><img loading=\"lazy\" class=\"alignnone wp-image-901\" src=\"https:\/\/galeriedeparis.fr\/afcc\/wp-content\/uploads\/2017\/10\/220074barab\u00e9-10447790_n.jpg\" alt=\"\" width=\"84\" height=\"112\" \/><\/a><\/p>\n<p>Galina STEPANOVA consacre depuis 5 ans beaucoup de temps \u00e0 la d\u00e9couverte des jardins et ch\u00e2teaux de France pour les promouvoir au travers de la peinture.<\/p>\n<p>&nbsp;<\/p>\n","protected":false},"excerpt":{"rendered":"<p>Au d\u00e9but du mois de septembre 2017 un nouveau s\u00e9jour pour d\u00e9couvrir et peindre en plein air\u00a0 les plus beaux jardins de France a \u00e9t\u00e9 organis\u00e9 pour les artistes de Saint-P\u00e9tersbourg; Organis\u00e9\u00a0pour la troisi\u00e8me fois comme auparavant\u00a0 avec le soutien &hellip; <a href=\"https:\/\/galeriedeparis.fr\/afcc\/?p=869\">Continuer la lecture <span class=\"meta-nav\">&rarr;<\/span><\/a><\/p>\n","protected":false},"author":2,"featured_media":0,"comment_status":"closed","ping_status":"open","sticky":false,"template":"","format":"standard","meta":[],"categories":[22,8],"tags":[],"_links":{"self":[{"href":"https:\/\/galeriedeparis.fr\/afcc\/index.php?rest_route=\/wp\/v2\/posts\/869"}],"collection":[{"href":"https:\/\/galeriedeparis.fr\/afcc\/index.php?rest_route=\/wp\/v2\/posts"}],"about":[{"href":"https:\/\/galeriedeparis.fr\/afcc\/index.php?rest_route=\/wp\/v2\/types\/post"}],"author":[{"embeddable":true,"href":"https:\/\/galeriedeparis.fr\/afcc\/index.php?rest_route=\/wp\/v2\/users\/2"}],"replies":[{"embeddable":true,"href":"https:\/\/galeriedeparis.fr\/afcc\/index.php?rest_route=%2Fwp%2Fv2%2Fcomments&post=869"}],"version-history":[{"count":11,"href":"https:\/\/galeriedeparis.fr\/afcc\/index.php?rest_route=\/wp\/v2\/posts\/869\/revisions"}],"predecessor-version":[{"id":918,"href":"https:\/\/galeriedeparis.fr\/afcc\/index.php?rest_route=\/wp\/v2\/posts\/869\/revisions\/918"}],"wp:attachment":[{"href":"https:\/\/galeriedeparis.fr\/afcc\/index.php?rest_route=%2Fwp%2Fv2%2Fmedia&parent=869"}],"wp:term":[{"taxonomy":"category","embeddable":true,"href":"https:\/\/galeriedeparis.fr\/afcc\/index.php?rest_route=%2Fwp%2Fv2%2Fcategories&post=869"},{"taxonomy":"post_tag","embeddable":true,"href":"https:\/\/galeriedeparis.fr\/afcc\/index.php?rest_route=%2Fwp%2Fv2%2Ftags&post=869"}],"curies":[{"name":"wp","href":"https:\/\/api.w.org\/{rel}","templated":true}]}}