{"id":887,"date":"2017-10-02T23:01:43","date_gmt":"2017-10-02T22:01:43","guid":{"rendered":"https:\/\/galeriedeparis.fr\/afcc\/?p=887"},"modified":"2019-02-28T00:44:15","modified_gmt":"2019-02-27T23:44:15","slug":"1er-festival-de-peinture-par-sacha-tolstoi","status":"publish","type":"post","link":"https:\/\/galeriedeparis.fr\/afcc\/?p=887","title":{"rendered":"1er Festival de peinture vu  par Sacha Tolsto\u00ef"},"content":{"rendered":"<p><strong>Cette ann\u00e9e\u00a0 nous avons eu au Festival\u00a0 la visite de Sacha Tolstoi, ami et cousin de Prince Lobanov-Rostovski,\u00a0 notre pr\u00e9sident du Jury.<\/strong><\/p>\n<p><strong>Sacha qui assist\u00e9 \u00e0 une bonne partie de la journ\u00e9e du jury et de la remise des prix nous a livr\u00e9 son souvenir litt\u00e9raire.<\/strong><\/p>\n<p style=\"text-align: left;\"><em><strong><a href=\"https:\/\/galeriedeparis.fr\/afcc\/wp-content\/uploads\/2017\/10\/2017-09-15-Sacha-Tosltoi-et-Nikita-Lobanoff229.jpg\"><img loading=\"lazy\" class=\"wp-image-888 aligncenter\" src=\"https:\/\/galeriedeparis.fr\/afcc\/wp-content\/uploads\/2017\/10\/2017-09-15-Sacha-Tosltoi-et-Nikita-Lobanoff229-1024x576.jpg\" alt=\"\" width=\"551\" height=\"310\" srcset=\"https:\/\/galeriedeparis.fr\/afcc\/wp-content\/uploads\/2017\/10\/2017-09-15-Sacha-Tosltoi-et-Nikita-Lobanoff229-1024x576.jpg 1024w, https:\/\/galeriedeparis.fr\/afcc\/wp-content\/uploads\/2017\/10\/2017-09-15-Sacha-Tosltoi-et-Nikita-Lobanoff229-300x169.jpg 300w, https:\/\/galeriedeparis.fr\/afcc\/wp-content\/uploads\/2017\/10\/2017-09-15-Sacha-Tosltoi-et-Nikita-Lobanoff229-768x432.jpg 768w, https:\/\/galeriedeparis.fr\/afcc\/wp-content\/uploads\/2017\/10\/2017-09-15-Sacha-Tosltoi-et-Nikita-Lobanoff229.jpg 1280w\" sizes=\"(max-width: 551px) 100vw, 551px\" \/><\/a>1<\/strong><\/em><strong><em>er festival de peinture en plein air dans le Vexin normand.<\/em><br \/>\n<\/strong><br \/>\nUne \u00ab petite fum\u00e9e blanche \u00bb aurait bien pu s\u2019\u00e9lever dans le ciel pour<br \/>\nindiquer que le jury avait fini de d\u00e9lib\u00e9rer et que le palmar\u00e8s avec<br \/>\nla liste des prix du 1er Festival de peinture en plein air allait \u00eatre<br \/>\nenfin communiqu\u00e9 au nombreux public qui se pressait \u00e0 la porte de la<br \/>\nsalle des f\u00eates d\u2019un village discret de Normandie.<\/p>\n<p>C\u2019\u00e9tait le 26 ao\u00fbt dernier, \u00e0 l\u2019heure de l\u2019Ang\u00e9lus, \u00a0et nous n\u2019\u00e9tions<br \/>\npas \u00e0 Rome pour f\u00eater l\u2019\u00e9lection d\u2019un nouveau pape mais \u00e0 Lyons la<br \/>\nfor\u00eat, vieux village situ\u00e9 dans les profondeurs du Vexin normand \u00e0 une<br \/>\ncentaine de kilom\u00e8tres de Paris.<\/p>\n<p>Cern\u00e9 par l\u2019une des plus grandes for\u00eats d\u2019h\u00eatres d\u2019Europe, plant\u00e9e par<br \/>\nl\u2019intendant Colbert pour subvenir \u00e0 la construction de m\u00e2ts de navires<br \/>\nde la flotte du roi Soleil, ce village charmant connu pour ses<br \/>\nc\u00e9l\u00e8bres halles et le pittoresque de ses maisons normandes du XVII et<br \/>\nXVIII \u00e8me si\u00e8cles, formant cercle autour de l\u2019ancienne motte f\u00e9odale,<br \/>\navait \u00e9t\u00e9 choisi pour la tenue du 1er Festival \u00a0International de<br \/>\npeinture en plein air. Des personnages c\u00e9l\u00e8bres y avaient laiss\u00e9 leur<br \/>\ntrace : entre autres Maurice Ravel, le peintre Jean Dolfus, Paul Emile<br \/>\nPissaro, et les cin\u00e9astes Jean Renoir et Claude Chabrol.<\/p>\n<p>\u00c0 vrai dire, Anna Filimonovna, l\u2019initiatrice de cette manifestation<br \/>\nartistique pas comme les autres, n\u2019en \u00e9tait pas \u00e0 sa premi\u00e8re \u00e9dition,<br \/>\nayant d\u00e9j\u00e0 concouru \u00e0 l\u2019organisation de quatre Concours du m\u00eame type \u00e0<br \/>\nFourges (situ\u00e9 \u00e0 quelques kilom\u00e8tres de Giverny, patrie du peintre<br \/>\nimpressionniste Claude Monet). Mais cette ann\u00e9e, ses ambitions se<br \/>\nvoulaient \u00eatre au-del\u00e0 des limites d\u2019une simple manifestation<br \/>\nartistique. En effet, le programme \u00e9tait dot\u00e9 de stages, de s\u00e9ances de<br \/>\npeinture en plein air, d\u2019expositions annexes et de visites<br \/>\ntouristiques diverses. Se d\u00e9roulant sur un territoire \u00e9largi proche de<br \/>\nGiverny, berceau de l\u2019impressionnisme, ce Festival r\u00e9unissant 90<br \/>\npeintres amateurs et professionnels venus de quinze pays diff\u00e9rents,<br \/>\nnombreux de l\u2019Europe de l\u2019est, venait de trouver l\u00e0 son nouveau<br \/>\nquartier g\u00e9n\u00e9ral.<\/p>\n<p>Le th\u00e8me choisi \u00e9tait \u00ab terre et ciel \u00bb et non plus \u00ab le portrait au<br \/>\nbord de l\u2019eau \u00bb, comme cela avait \u00e9t\u00e9 le cas l\u2019an pass\u00e9. Th\u00e8me ardu<br \/>\nqui a permis de faire la part du bon peintre de celui qui ne l\u2019est pas<br \/>\nencore. Beaucoup se sont essay\u00e9s, certains avec succ\u00e8s, d\u2019autres moins<\/p>\n<p>Presque identique \u00e0 celui de l\u2019an pass\u00e9, le jury compos\u00e9 d\u2019Adrienne<br \/>\nDesbiolles, propri\u00e9taire d\u2019une galerie d\u2019art en son ch\u00e2teau de<br \/>\nSaint-Crespin, du Prince Nikita Lobanov-Rostovsky, collectionneur et<br \/>\ngrand connaisseur de l\u2019art d\u00e9coratif russe, ainsi que d\u2019un nouveau<br \/>\nvenu, le critique d\u2019art Rafael Pic, ne s\u2019est gu\u00e8re tromp\u00e9 en d\u00e9signant<br \/>\nles laur\u00e9ats amateurs et professionnels de ce nouveau Festival. Invit\u00e9<br \/>\n\u00e0 participer aux d\u00e9lib\u00e9rations \u00e0 titre d\u2019\u00e9crivain, sans toutefois<br \/>\navoir droit d\u2019y apporter ma voix, j\u2019ai, \u00e0 une exception pr\u00e8s, fait le<br \/>\nm\u00eame choix que les membres du jury. J\u2019ai \u00e9t\u00e9 conquis par le prix \u00ab<br \/>\nJeune \u00bb attribu\u00e9 \u00e0 une jeune fille d\u2019origine russe (Pauline Umanets)<br \/>\nde moins de vingt ans dont il est permis d\u2019esp\u00e9rer qu\u2019elle ira loin<br \/>\ndans l\u2019art de la peinture figurative. Le 1er prix professionnel a \u00e9t\u00e9<br \/>\nattribu\u00e9 \u00e0 un peintre chevronn\u00e9 de nationalit\u00e9 turc Fatih Basburg<br \/>\ntandis que le 1er prix amateur \u00e9tait d\u00e9cern\u00e9 \u00e0 une jeune novice russe<br \/>\nOlga Ganic.<\/p>\n<p>Le Festival s\u2019est conclu sous un ciel bleu de fin d\u2019\u00e9t\u00e9 dans l\u2019espoir<br \/>\nde le voir s\u2019amplifier l\u2019an prochain avec la venue de peintres<br \/>\nanglo-saxons dans cette r\u00e9gion enchanteresse dont nombre de<br \/>\ncompatriotes britanniques, nonobstant le Brexit, ont choisi de r\u00e9sider<br \/>\n\u00e0 l\u2019ann\u00e9e. Leur pr\u00e9sence ainsi que celle des descendants d\u2019am\u00e9ricains<br \/>\nayant particip\u00e9 au d\u00e9barquement sur les c\u00f4tes fran\u00e7aises lors de la<br \/>\nseconde guerre mondiale confirmera, s\u2019il en \u00e9tait encore besoin, que<br \/>\nl\u2019Art ne poss\u00e8de pas de fronti\u00e8res.<\/p>\n<p style=\"text-align: right;\">Sacha Toslto\u00ef<\/p>\n<p>&nbsp;<\/p>\n<p><a href=\"https:\/\/galeriedeparis.fr\/afcc\/wp-content\/uploads\/2017\/10\/2017-09-15-Adrienne-33.jpg\">\u00a0\u00a0\u00a0<\/a><a href=\"https:\/\/galeriedeparis.fr\/afcc\/wp-content\/uploads\/2017\/10\/2017-09-15-Prince-Lobanov-Rostovski7.jpg\"><img loading=\"lazy\" class=\"alignnone wp-image-894\" src=\"https:\/\/galeriedeparis.fr\/afcc\/wp-content\/uploads\/2017\/10\/2017-09-15-Prince-Lobanov-Rostovski7-1024x576.jpg\" alt=\"\" width=\"287\" height=\"161\" srcset=\"https:\/\/galeriedeparis.fr\/afcc\/wp-content\/uploads\/2017\/10\/2017-09-15-Prince-Lobanov-Rostovski7-1024x576.jpg 1024w, https:\/\/galeriedeparis.fr\/afcc\/wp-content\/uploads\/2017\/10\/2017-09-15-Prince-Lobanov-Rostovski7-300x169.jpg 300w, https:\/\/galeriedeparis.fr\/afcc\/wp-content\/uploads\/2017\/10\/2017-09-15-Prince-Lobanov-Rostovski7-768x432.jpg 768w, https:\/\/galeriedeparis.fr\/afcc\/wp-content\/uploads\/2017\/10\/2017-09-15-Prince-Lobanov-Rostovski7.jpg 1280w\" sizes=\"(max-width: 287px) 100vw, 287px\" \/><\/a><a href=\"https:\/\/galeriedeparis.fr\/afcc\/wp-content\/uploads\/2017\/10\/2017-09-15-Prince-Lobanov-Rostovski7.jpg\">\u00a0\u00a0<\/a><a href=\"https:\/\/galeriedeparis.fr\/afcc\/wp-content\/uploads\/2017\/10\/2017-09-15-Adrienne-33.jpg\"><img loading=\"lazy\" class=\"alignnone wp-image-892\" src=\"https:\/\/galeriedeparis.fr\/afcc\/wp-content\/uploads\/2017\/10\/2017-09-15-Adrienne-33-1024x576.jpg\" alt=\"\" width=\"287\" height=\"161\" srcset=\"https:\/\/galeriedeparis.fr\/afcc\/wp-content\/uploads\/2017\/10\/2017-09-15-Adrienne-33-1024x576.jpg 1024w, https:\/\/galeriedeparis.fr\/afcc\/wp-content\/uploads\/2017\/10\/2017-09-15-Adrienne-33-300x169.jpg 300w, https:\/\/galeriedeparis.fr\/afcc\/wp-content\/uploads\/2017\/10\/2017-09-15-Adrienne-33-768x432.jpg 768w, https:\/\/galeriedeparis.fr\/afcc\/wp-content\/uploads\/2017\/10\/2017-09-15-Adrienne-33.jpg 1280w\" sizes=\"(max-width: 287px) 100vw, 287px\" \/><\/a><\/p>\n<p>&nbsp;<\/p>\n","protected":false},"excerpt":{"rendered":"<p>Cette ann\u00e9e\u00a0 nous avons eu au Festival\u00a0 la visite de Sacha Tolstoi, ami et cousin de Prince Lobanov-Rostovski,\u00a0 notre pr\u00e9sident du Jury. Sacha qui assist\u00e9 \u00e0 une bonne partie de la journ\u00e9e du jury et de la remise des prix &hellip; <a href=\"https:\/\/galeriedeparis.fr\/afcc\/?p=887\">Continuer la lecture <span class=\"meta-nav\">&rarr;<\/span><\/a><\/p>\n","protected":false},"author":2,"featured_media":0,"comment_status":"closed","ping_status":"open","sticky":false,"template":"","format":"standard","meta":[],"categories":[212,162],"tags":[],"_links":{"self":[{"href":"https:\/\/galeriedeparis.fr\/afcc\/index.php?rest_route=\/wp\/v2\/posts\/887"}],"collection":[{"href":"https:\/\/galeriedeparis.fr\/afcc\/index.php?rest_route=\/wp\/v2\/posts"}],"about":[{"href":"https:\/\/galeriedeparis.fr\/afcc\/index.php?rest_route=\/wp\/v2\/types\/post"}],"author":[{"embeddable":true,"href":"https:\/\/galeriedeparis.fr\/afcc\/index.php?rest_route=\/wp\/v2\/users\/2"}],"replies":[{"embeddable":true,"href":"https:\/\/galeriedeparis.fr\/afcc\/index.php?rest_route=%2Fwp%2Fv2%2Fcomments&post=887"}],"version-history":[{"count":5,"href":"https:\/\/galeriedeparis.fr\/afcc\/index.php?rest_route=\/wp\/v2\/posts\/887\/revisions"}],"predecessor-version":[{"id":1034,"href":"https:\/\/galeriedeparis.fr\/afcc\/index.php?rest_route=\/wp\/v2\/posts\/887\/revisions\/1034"}],"wp:attachment":[{"href":"https:\/\/galeriedeparis.fr\/afcc\/index.php?rest_route=%2Fwp%2Fv2%2Fmedia&parent=887"}],"wp:term":[{"taxonomy":"category","embeddable":true,"href":"https:\/\/galeriedeparis.fr\/afcc\/index.php?rest_route=%2Fwp%2Fv2%2Fcategories&post=887"},{"taxonomy":"post_tag","embeddable":true,"href":"https:\/\/galeriedeparis.fr\/afcc\/index.php?rest_route=%2Fwp%2Fv2%2Ftags&post=887"}],"curies":[{"name":"wp","href":"https:\/\/api.w.org\/{rel}","templated":true}]}}