{"id":930,"date":"2017-11-26T18:00:58","date_gmt":"2017-11-26T17:00:58","guid":{"rendered":"https:\/\/galeriedeparis.fr\/afcc\/?p=930"},"modified":"2018-01-21T16:19:03","modified_gmt":"2018-01-21T15:19:03","slug":"reportage-de-la-delegation-russe-au-salon-dautomne-2017","status":"publish","type":"post","link":"https:\/\/galeriedeparis.fr\/afcc\/?p=930","title":{"rendered":"Reportage video sur la d\u00e9l\u00e9gation russe au Salon d&rsquo;Automne 2017"},"content":{"rendered":"<p>Chers Amis, chers Visiteurs,<\/p>\n<p>Nous avons le plaisir de vous inviter \u00e0 visionner le vid\u00e9o de notre r\u00e9cente organisation d\u2019une d\u00e9l\u00e9gation russe au Salon d\u2019Automne \u00e0 Paris<\/p>\n<div class=\"\">( ce vid\u00e9o est bilingue fran\u00e7ais-russe, choisissez votre langue dans les param\u00e8tres de vid\u00e9o sur youtube)\u00a0<a class=\"\" href=\"https:\/\/www.youtube.com\/watch?v=Qe-mF5kon0E\" target=\"_blank\" rel=\"noopener\">https:\/\/www.youtube.com\/watch?v=Qe-mF5kon0E<\/a><\/div>\n<div><a href=\"https:\/\/www.youtube.com\/watch?v=Qe-mF5kon0E\"><img loading=\"lazy\" class=\"alignnone size-full wp-image-941\" src=\"https:\/\/galeriedeparis.fr\/afcc\/wp-content\/uploads\/2017\/10\/capture-youtube.jpg\" alt=\"lien vers le film sur youtube\" width=\"789\" height=\"589\" srcset=\"https:\/\/galeriedeparis.fr\/afcc\/wp-content\/uploads\/2017\/10\/capture-youtube.jpg 789w, https:\/\/galeriedeparis.fr\/afcc\/wp-content\/uploads\/2017\/10\/capture-youtube-300x224.jpg 300w, https:\/\/galeriedeparis.fr\/afcc\/wp-content\/uploads\/2017\/10\/capture-youtube-768x573.jpg 768w\" sizes=\"(max-width: 789px) 100vw, 789px\" \/><\/a><\/div>\n<div><\/div>\n<div><\/div>\n","protected":false},"excerpt":{"rendered":"<p>Chers Amis, chers Visiteurs, Nous avons le plaisir de vous inviter \u00e0 visionner le vid\u00e9o de notre r\u00e9cente organisation d\u2019une d\u00e9l\u00e9gation russe au Salon d\u2019Automne \u00e0 Paris ( ce vid\u00e9o est bilingue fran\u00e7ais-russe, choisissez votre langue dans les param\u00e8tres de &hellip; <a href=\"https:\/\/galeriedeparis.fr\/afcc\/?p=930\">Continuer la lecture <span class=\"meta-nav\">&rarr;<\/span><\/a><\/p>\n","protected":false},"author":2,"featured_media":0,"comment_status":"closed","ping_status":"open","sticky":false,"template":"","format":"standard","meta":[],"categories":[22,1],"tags":[],"_links":{"self":[{"href":"https:\/\/galeriedeparis.fr\/afcc\/index.php?rest_route=\/wp\/v2\/posts\/930"}],"collection":[{"href":"https:\/\/galeriedeparis.fr\/afcc\/index.php?rest_route=\/wp\/v2\/posts"}],"about":[{"href":"https:\/\/galeriedeparis.fr\/afcc\/index.php?rest_route=\/wp\/v2\/types\/post"}],"author":[{"embeddable":true,"href":"https:\/\/galeriedeparis.fr\/afcc\/index.php?rest_route=\/wp\/v2\/users\/2"}],"replies":[{"embeddable":true,"href":"https:\/\/galeriedeparis.fr\/afcc\/index.php?rest_route=%2Fwp%2Fv2%2Fcomments&post=930"}],"version-history":[{"count":7,"href":"https:\/\/galeriedeparis.fr\/afcc\/index.php?rest_route=\/wp\/v2\/posts\/930\/revisions"}],"predecessor-version":[{"id":1033,"href":"https:\/\/galeriedeparis.fr\/afcc\/index.php?rest_route=\/wp\/v2\/posts\/930\/revisions\/1033"}],"wp:attachment":[{"href":"https:\/\/galeriedeparis.fr\/afcc\/index.php?rest_route=%2Fwp%2Fv2%2Fmedia&parent=930"}],"wp:term":[{"taxonomy":"category","embeddable":true,"href":"https:\/\/galeriedeparis.fr\/afcc\/index.php?rest_route=%2Fwp%2Fv2%2Fcategories&post=930"},{"taxonomy":"post_tag","embeddable":true,"href":"https:\/\/galeriedeparis.fr\/afcc\/index.php?rest_route=%2Fwp%2Fv2%2Ftags&post=930"}],"curies":[{"name":"wp","href":"https:\/\/api.w.org\/{rel}","templated":true}]}}