{"id":1307,"date":"2014-02-01T17:48:41","date_gmt":"2014-02-01T16:48:41","guid":{"rendered":"http:\/\/galeriedeparis.fr\/wp3_af\/?p=1307"},"modified":"2014-02-01T17:48:41","modified_gmt":"2014-02-01T16:48:41","slug":"interview-france-bleu-haute-normandie-30122013","status":"publish","type":"post","link":"https:\/\/galeriedeparis.fr\/wp3_af\/?p=1307","title":{"rendered":"Interview France Bleu Haute Normandie &#8211; 30\/12\/2013"},"content":{"rendered":"<h1>Interview d&rsquo;Anna Filimonova sur France Bleu Haute Normandie &#8211; 30\/12\/2013<\/h1>\n<p>Vous pouvez \u00e9couter les cinq s\u00e9quences reprenant l&rsquo;interview d&rsquo;Isabelle Lebrun diffus\u00e9 durant la journ\u00e9e du 30 d\u00e9cembre 2013<\/p>\n<p>1\/5 &#8211; <a title=\"1\/5 - Interview d'Anna Filimonova sur France Bleu Haute Normandie\" href=\"https:\/\/uwhisp.com\/w\/kj6\" target=\"_blank\">https:\/\/uwhisp.com\/w\/kj6<\/a><\/p>\n<p>2\/5 &#8211; <a title=\"2\/5 - Interview d'Anna Filimonova sur France Bleu Haute Normandie\" href=\"https:\/\/uwhisp.com\/w\/kj8\" target=\"_blank\">https:\/\/uwhisp.com\/w\/kj8<\/a><\/p>\n<p>3\/5 &#8211; <a title=\"Interview d'Anna Filimonova sur France Bleu Haute Normandie\" href=\"https:\/\/uwhisp.com\/w\/kj9\" target=\"_blank\">https:\/\/uwhisp.com\/w\/kj9<\/a><\/p>\n<p>4\/5 &#8211; <a title=\"Interview d'Anna Filimonova sur France Bleu Haute Normandie\" href=\"https:\/\/uwhisp.com\/w\/kja\" target=\"_blank\">https:\/\/uwhisp.com\/w\/kja<\/a><\/p>\n<p>5\/5 &#8211; <a title=\" Interview d'Anna Filimonova sur France Bleu Haute Normandie\" href=\"https:\/\/uwhisp.com\/w\/kjb\" target=\"_blank\">https:\/\/uwhisp.com\/w\/kjb<\/a><\/p>\n<p>Rencontre avec Anna Filimonova et son atelier \u00ab\u00a0Cultures Crois\u00e9es \u00e0 Fourges\u00a0\u00bb 10 min de Giverny , dans une \u00e9mission d&rsquo;Isabelle Lebrun. Interview, dans le cadre du programme festif de la Fin d&rsquo;Ann\u00e9e \u00e0 14h15&#8230;14h30&#8230;15h15 et 15h30 (avec un passage \u00e0 7h40), sur France Bleue Haute Normandie.<\/p>\n<p><strong>France Bleue Haute Normandie, partenaire du IIe Concours International de peinture en Plein air \u00e0 Fourges. A capter sur FM en Normandie sur des fr\u00e9quences : 100,1 \u00e0 Rouen; 95,1 Le Havre; 89,5 Evreux<\/strong><\/p>\n<p><a title=\"France Bleu Haute Normandie\" href=\"http:\/\/www.francebleu.fr\/station\/france-bleu-haute-normandie\" target=\"_blank\">http:\/\/www.francebleu.fr\/station\/france-bleu-haute-normandie<\/a><\/p>\n<p><a href=\"http:\/\/galeriedeparis.fr\/wp3_af\/wp-content\/uploads\/2014\/02\/2013-12-08-Affiche-Concours-2014-BD.jpg\"><img loading=\"lazy\" decoding=\"async\" class=\"alignnone size-full wp-image-1312\" alt=\"IIe Concours international de peinture \u00e0 Fourges\" src=\"http:\/\/galeriedeparis.fr\/wp3_af\/wp-content\/uploads\/2014\/02\/2013-12-08-Affiche-Concours-2014-BD.jpg\" width=\"400\" height=\"566\" srcset=\"https:\/\/galeriedeparis.fr\/wp3_af\/wp-content\/uploads\/2014\/02\/2013-12-08-Affiche-Concours-2014-BD.jpg 400w, https:\/\/galeriedeparis.fr\/wp3_af\/wp-content\/uploads\/2014\/02\/2013-12-08-Affiche-Concours-2014-BD-212x300.jpg 212w\" sizes=\"auto, (max-width: 400px) 100vw, 400px\" \/><\/a><\/p>\n<p>&nbsp;<\/p>\n<p>&nbsp;<\/p>\n","protected":false},"excerpt":{"rendered":"<p>Interview d&rsquo;Anna Filimonova sur France Bleu Haute Normandie &#8211; 30\/12\/2013 Vous pouvez \u00e9couter les cinq s\u00e9quences reprenant l&rsquo;interview d&rsquo;Isabelle Lebrun diffus\u00e9 durant la journ\u00e9e du 30 d\u00e9cembre 2013 1\/5 &#8211; https:\/\/uwhisp.com\/w\/kj6 2\/5 &#8211; https:\/\/uwhisp.com\/w\/kj8 3\/5 &#8211; https:\/\/uwhisp.com\/w\/kj9 4\/5 &#8211; https:\/\/uwhisp.com\/w\/kja 5\/5 &#8211; https:\/\/uwhisp.com\/w\/kjb Rencontre avec Anna Filimonova et son atelier \u00ab\u00a0Cultures Crois\u00e9es \u00e0 Fourges\u00a0\u00bb 10 &hellip; <\/p>\n<p class=\"link-more\"><a href=\"https:\/\/galeriedeparis.fr\/wp3_af\/?p=1307\" class=\"more-link\">Continuer la lecture<span class=\"screen-reader-text\"> de &laquo;&nbsp;Interview France Bleu Haute Normandie &#8211; 30\/12\/2013&nbsp;&raquo;<\/span><\/a><\/p>\n","protected":false},"author":1,"featured_media":0,"comment_status":"open","ping_status":"open","sticky":false,"template":"","format":"standard","meta":{"footnotes":""},"categories":[73],"tags":[33,285,284,286,96],"class_list":["post-1307","post","type-post","status-publish","format-standard","hentry","category-c44-revue-de-presse","tag-anna-filimonova","tag-france-bleu","tag-france-bleu-haute-normandie","tag-haute-normandie","tag-interview"],"_links":{"self":[{"href":"https:\/\/galeriedeparis.fr\/wp3_af\/index.php?rest_route=\/wp\/v2\/posts\/1307","targetHints":{"allow":["GET"]}}],"collection":[{"href":"https:\/\/galeriedeparis.fr\/wp3_af\/index.php?rest_route=\/wp\/v2\/posts"}],"about":[{"href":"https:\/\/galeriedeparis.fr\/wp3_af\/index.php?rest_route=\/wp\/v2\/types\/post"}],"author":[{"embeddable":true,"href":"https:\/\/galeriedeparis.fr\/wp3_af\/index.php?rest_route=\/wp\/v2\/users\/1"}],"replies":[{"embeddable":true,"href":"https:\/\/galeriedeparis.fr\/wp3_af\/index.php?rest_route=%2Fwp%2Fv2%2Fcomments&post=1307"}],"version-history":[{"count":5,"href":"https:\/\/galeriedeparis.fr\/wp3_af\/index.php?rest_route=\/wp\/v2\/posts\/1307\/revisions"}],"predecessor-version":[{"id":1313,"href":"https:\/\/galeriedeparis.fr\/wp3_af\/index.php?rest_route=\/wp\/v2\/posts\/1307\/revisions\/1313"}],"wp:attachment":[{"href":"https:\/\/galeriedeparis.fr\/wp3_af\/index.php?rest_route=%2Fwp%2Fv2%2Fmedia&parent=1307"}],"wp:term":[{"taxonomy":"category","embeddable":true,"href":"https:\/\/galeriedeparis.fr\/wp3_af\/index.php?rest_route=%2Fwp%2Fv2%2Fcategories&post=1307"},{"taxonomy":"post_tag","embeddable":true,"href":"https:\/\/galeriedeparis.fr\/wp3_af\/index.php?rest_route=%2Fwp%2Fv2%2Ftags&post=1307"}],"curies":[{"name":"wp","href":"https:\/\/api.w.org\/{rel}","templated":true}]}}