{"id":1328,"date":"2014-09-23T21:50:12","date_gmt":"2014-09-23T20:50:12","guid":{"rendered":"http:\/\/galeriedeparis.fr\/wp3_af\/?p=1328"},"modified":"2016-08-14T21:05:07","modified_gmt":"2016-08-14T20:05:07","slug":"journee-du-patrimoine-092014","status":"publish","type":"post","link":"https:\/\/galeriedeparis.fr\/wp3_af\/?p=1328","title":{"rendered":"Journ\u00e9e du Patrimoine (09\/2014)"},"content":{"rendered":"<p>Anna Filimonova expose \u00e0 la Maison de Pierre Bonnard lors des journ\u00e9es du Patrimoine et remporte le Prix du Public !<\/p>\n<p>Pour ceux qui n&rsquo;ont pas pu visiter la Maison lors de ces journ\u00e9es, cette vid\u00e9o vous le permettra virtuellement.<\/p>\n<p>Merci \u00e0 Bertrant et Dani\u00e8le de Vautibault<\/p>\n<p><iframe loading=\"lazy\" title=\"Journ\u00e9es du patrimoine 2014 \u00e0 Vernon\" width=\"525\" height=\"295\" src=\"https:\/\/www.youtube.com\/embed\/4TLG9cNb5Gg?list=UU8Edvoafv0V7kiCEb0HhTdQ\" frameborder=\"0\" allow=\"accelerometer; autoplay; clipboard-write; encrypted-media; gyroscope; picture-in-picture; web-share\" referrerpolicy=\"strict-origin-when-cross-origin\" allowfullscreen><\/iframe><\/p>\n","protected":false},"excerpt":{"rendered":"<p>Anna Filimonova expose \u00e0 la Maison de Pierre Bonnard lors des journ\u00e9es du Patrimoine et remporte le Prix du Public ! Pour ceux qui n&rsquo;ont pas pu visiter la Maison lors de ces journ\u00e9es, cette vid\u00e9o vous le permettra virtuellement. Merci \u00e0 Bertrant et Dani\u00e8le de Vautibault<\/p>\n","protected":false},"author":1,"featured_media":0,"comment_status":"open","ping_status":"open","sticky":false,"template":"","format":"standard","meta":{"footnotes":""},"categories":[12],"tags":[287,32,289,288],"class_list":["post-1328","post","type-post","status-publish","format-standard","hentry","category-expositions","tag-bonnard","tag-filimonova","tag-journees-du-patrimoine","tag-vernon"],"_links":{"self":[{"href":"https:\/\/galeriedeparis.fr\/wp3_af\/index.php?rest_route=\/wp\/v2\/posts\/1328","targetHints":{"allow":["GET"]}}],"collection":[{"href":"https:\/\/galeriedeparis.fr\/wp3_af\/index.php?rest_route=\/wp\/v2\/posts"}],"about":[{"href":"https:\/\/galeriedeparis.fr\/wp3_af\/index.php?rest_route=\/wp\/v2\/types\/post"}],"author":[{"embeddable":true,"href":"https:\/\/galeriedeparis.fr\/wp3_af\/index.php?rest_route=\/wp\/v2\/users\/1"}],"replies":[{"embeddable":true,"href":"https:\/\/galeriedeparis.fr\/wp3_af\/index.php?rest_route=%2Fwp%2Fv2%2Fcomments&post=1328"}],"version-history":[{"count":3,"href":"https:\/\/galeriedeparis.fr\/wp3_af\/index.php?rest_route=\/wp\/v2\/posts\/1328\/revisions"}],"predecessor-version":[{"id":1331,"href":"https:\/\/galeriedeparis.fr\/wp3_af\/index.php?rest_route=\/wp\/v2\/posts\/1328\/revisions\/1331"}],"wp:attachment":[{"href":"https:\/\/galeriedeparis.fr\/wp3_af\/index.php?rest_route=%2Fwp%2Fv2%2Fmedia&parent=1328"}],"wp:term":[{"taxonomy":"category","embeddable":true,"href":"https:\/\/galeriedeparis.fr\/wp3_af\/index.php?rest_route=%2Fwp%2Fv2%2Fcategories&post=1328"},{"taxonomy":"post_tag","embeddable":true,"href":"https:\/\/galeriedeparis.fr\/wp3_af\/index.php?rest_route=%2Fwp%2Fv2%2Ftags&post=1328"}],"curies":[{"name":"wp","href":"https:\/\/api.w.org\/{rel}","templated":true}]}}