{"id":133,"date":"2010-02-01T20:36:40","date_gmt":"2010-02-01T19:36:40","guid":{"rendered":"http:\/\/galeriedeparis.fr\/wp3_af\/?p=133"},"modified":"2013-11-29T22:50:13","modified_gmt":"2013-11-29T21:50:13","slug":"iles-solovki-merveilles-du-nord-de-la-russie","status":"publish","type":"post","link":"https:\/\/galeriedeparis.fr\/wp3_af\/?p=133","title":{"rendered":"Iles Solovki \u2013 Merveilles du nord de la Russie"},"content":{"rendered":"<h3>Nous avons\u00a0 eu le plaisir de proposer \u00e0 votre attention l&rsquo;\u00e9v\u00e9nement organis\u00e9 par notre partenaire &#8211; Association <a href=\"http:\/\/www.maxime-and-co.com\" target=\"_blank\">Maxime-and-co <\/a><\/h3>\n<h3 style=\"text-align: center;\"><img loading=\"lazy\" decoding=\"async\" class=\" size-full wp-image-132\" alt=\"\" src=\"http:\/\/galeriedeparis.fr\/wp3_af\/wp-content\/uploads\/2010\/02\/solovki-2.jpg\" width=\"267\" height=\"200\" \/><\/h3>\n<h3 style=\"text-align: center;\"><\/h3>\n<h3 style=\"text-align: center;\">Iles Solovki \u2013 Merveilles du nord de la Russie<\/h3>\n<p><strong>\u0420\u0443\u0441\u0441\u043a\u0438\u0439 \u043f\u0435\u0440\u0435\u0432\u043e\u0434 &#8211; \u0441\u043b\u0435\u0434\u0443\u0435\u0442 \u043d\u0438\u0436\u0435 <\/strong><\/p>\n<p>Sous le haut patronage de<br \/>\nMonsieur Fr\u00e9d\u00e9ric Mitterrand, Ministre de la Culture et de la Communication,<br \/>\nMme Irina Bokova, Directrice g\u00e9n\u00e9rale de l\u2019UNESCO,<br \/>\net de Son Excellence Alexandre Orlov, Ambassadeur de Russie en France<\/p>\n<p>Avec la b\u00e9n\u00e9diction du Patriarche de Moscou Kirill<\/p>\n<p>L\u2019exposition photographique \u00ab Iles Solovki \u2013 Merveilles du nord de la Russie \u00bb pr\u00e9senta toute la beaut\u00e9 de cet endroit surprenant que constitue l\u2019archipel des Solovki, situ\u00e9 dans la mer Blanche arctique, \u00e0 proximit\u00e9 du cercle polaire. Elle\u00a0 a fait d\u00e9couvrir un patrimoine naturel, historique, spirituel, orthodoxe, unique au monde, et class\u00e9 au patrimoine mondial de l\u2019UNESCO.<\/p>\n<p>Elle a permis de d\u00e9couvrir aux visiteurs les magnifiques paysages des Iles Solovki. Elle pr\u00e9senta \u00e9galement leur c\u00e9l\u00e8bre monast\u00e8re \u2013 lieu de p\u00e8lerinage pour les Russes et destination privil\u00e9gi\u00e9e des touristes \u00e9trangers qui ont une connaissance approfondie de la Russie. La cr\u00e9ation de ce dernier, il y a plus de cinq cent ans, dans les conditions difficiles du Grand Nord, a donn\u00e9 naissance \u00e0 des innovations originales et \u00e0 un patrimoine architectural exceptionnel.<\/p>\n<p>Plus g\u00e9n\u00e9ralement, l\u2019exposition visa \u00e0 faire comprendre \u00ab l\u2019\u00e2me russe \u00bb par les visiteurs fran\u00e7ais.<\/p>\n<p>Entr\u00e9e fut gratuite<br \/>\n*************<\/p>\n<p>Manifestation organis\u00e9e dans le cadre de l\u2019Ann\u00e9e France-Russie 2010:<br \/>\n<a href=\"http:\/\/www.france-russie2010.com \" target=\"_blank\">www.france-russie2010.com <\/a><\/p>\n<p><a href=\"http:\/\/www.france-russie2010.com \"><img loading=\"lazy\" decoding=\"async\" class=\" size-full wp-image-21\" alt=\"\" src=\"http:\/\/galeriedeparis.fr\/wp3_af\/wp-content\/uploads\/2009\/06\/france-russie-logo.jpg\" width=\"620\" height=\"470\" \/><\/a><\/p>\n<p>EXPOSITION ORGANISEE A PARIS AVEC LE SOUTIEN DE<br \/>\nLA MAISON SLAVE<br \/>\net de la soci\u00e9t\u00e9 Tsar Voyages<\/p>\n<p>&nbsp;<\/p>\n<p><strong>Attention\u00a0 : plusieurs dates et lieux d\u2019exposition\u00a0 sont encore pr\u00e9vus :<\/strong> <a href=\"http:\/\/www.maxime-and-co.com\">visitez http:\/\/www.maxime-and-co.com<\/a><br \/>\n**************<br \/>\nPARIS:, Mairie du 9e arrondissement , ensuite\u00a0 Salles Royales\u00a0 l&rsquo;\u00e9glise de la Madeleine, et plus tard dans l&rsquo;ann\u00e9e \u00e0\u00a0 Rouen.<\/p>\n<p>Du 1er au 19 f\u00e9vrier 2010<br \/>\n<strong>Mairie du 9-\u00e8me arrondissement \u2013 Salons Aguago<\/strong><br \/>\n6, rue Drouot<br \/>\n75009 Paris<br \/>\nM\u00e9tro: \u201cRichelieu Drouot\u201d<br \/>\nOuverte du lundi au vendredi de 10h \u00e0 17h, le jeudi jusqu\u2019\u00e0 19h30 et le samedi de 10h \u00e0 13h.<\/p>\n<p><strong>20 f\u00e9vrier au 15 mars 2010<br \/>\nSalles Royales<br \/>\nEglise de la Madeleine<\/strong><br \/>\n1, place de la Madeleine<br \/>\n75008 PARIS<br \/>\nM\u00e9tro: \u201cMadeleine\u201d<br \/>\nOuverte du lundi au vendredi de 11h \u00e0 18h30 et le week-end de 10h \u00e0 19h.<\/p>\n<p>************************************************************<br \/>\n<span style=\"font-size: 14pt;\"><strong>\u0412\u044b\u0441\u0442\u0430\u0432\u043a\u0430 \u00ab\u00a0\u0421\u043e\u043b\u043e\u0432\u043a\u0438, \u0436\u0435\u043c\u0447\u0443\u0436\u0438\u043d\u0430 \u0441\u0435\u0432\u0435\u0440\u0430 \u0420\u043e\u0441\u0441\u0438\u0438\u00a0\u00bb<\/strong><\/span><\/p>\n<p>\u041f\u043e\u0434 \u043f\u043e\u043a\u0440\u043e\u0432\u0438\u0442\u0435\u043b\u044c\u0441\u0442\u0432\u043e\u043c<br \/>\n\u041c\u0438\u043d\u0438\u0441\u0442\u0440\u0430 \u043a\u0443\u043b\u044c\u0442\u0443\u0440\u044b \u0438 \u043a\u043e\u043c\u043c\u0443\u043d\u0438\u043a\u0430\u0446\u0438\u0438 \u0424\u0440\u0430\u043d\u0446\u0438\u0438, \u0424\u0440\u0435\u0434\u0435\u0440\u0440\u0438\u043a\u0430 \u041c\u0438\u0442\u0435\u0440\u0440\u0430\u043d\u043d\u0430<br \/>\n\u0413\u0435\u043d\u0435\u0440\u0430\u043b\u044c\u043d\u043e\u0433\u043e \u0434\u0438\u0440\u0435\u043a\u0442\u043e\u0440\u0430 \u042e\u041d\u0415\u0421\u041a\u041e \u0418\u0440\u0438\u043d\u044b \u0411\u043e\u043a\u043e\u0432\u043e\u0439<br \/>\n\u0438 \u043f\u043e\u0441\u043b\u0430 \u0420\u043e\u0441\u0441\u0438\u0438 \u0432\u043e \u0424\u0440\u0430\u043d\u0446\u0438\u0438 \u0433-\u043d\u0430 \u0410.\u041a. \u041e\u0440\u043b\u043e\u0432\u0430<\/p>\n<p>\u041f\u043e \u0431\u043b\u0430\u0433\u043e\u0441\u043b\u043e\u0432\u0435\u043d\u0438\u044e \u041f\u0430\u0442\u0440\u0438\u0430\u0440\u0445\u0430 \u041c\u043e\u0441\u043a\u043e\u0432\u0441\u043a\u043e\u0433\u043e \u0438 \u0432\u0441\u0435\u044f \u0420\u0443\u0441\u0438 \u041a\u0438\u0440\u0438\u043b\u043b\u0430<\/p>\n<p><strong>\u0412\u044b\u0441\u0442\u0430\u0432\u043a\u0430 <\/strong> <strong>\u043f\u0440\u043e\u0448\u043b\u0430<\/strong> \u0432\u00a0<strong> \u041f\u0430\u0440\u0438\u0436\u0435 \u043f\u043e\u0441\u043b\u0435\u0434\u043e\u0432\u0430\u0442\u0435\u043b\u044c\u043d\u043e\u00a0 \u0432 \u0434\u0432\u0443\u0445 \u0440\u0430\u0437\u043d\u044b\u0445 \u0437\u0430\u043b\u0430\u0445\u00a0 \u0441 1 \u0444\u0435\u0432\u0440\u0430\u043b\u044f \u043f\u043e 15 \u043c\u0430\u0440\u0442\u0430 2010<\/strong>, \u0437\u0430\u0442\u0435\u043c \u0432 \u0420\u0443\u0430\u043d\u0435.<\/p>\n<p>\u0424\u043e\u0442\u043e\u043f\u0440\u043e\u0435\u043a\u0442 \u00ab\u00a0\u0421\u043e\u043b\u043e\u0432\u043a\u0438 &#8211; \u0416\u0435\u043c\u0447\u0443\u0436\u0438\u043d\u0430 \u0441\u0435\u0432\u0435\u0440\u0430 \u0420\u043e\u0441\u0441\u0438\u0438\u00a0\u00bb \u043f\u0440\u0435\u0434\u0441\u0442\u0430\u0432\u043b\u044f\u0435\u0442 \u043d\u0435\u043f\u043e\u0432\u0442\u043e\u0440\u0438\u043c\u0443\u044e \u043a\u0440\u0430\u0441\u043e\u0442\u0443 \u0443\u0434\u0438\u0432\u0438\u0442\u0435\u043b\u044c\u043d\u043e\u0433\u043e \u043c\u0438\u0440\u0430 \u0421\u043e\u043b\u043e\u0432\u0435\u0446\u043a\u043e\u0433\u043e \u0430\u0440\u0445\u0438\u043f\u0435\u043b\u0430\u0433\u0430, \u0440\u0430\u0441\u043f\u043e\u043b\u043e\u0436\u0435\u043d\u043d\u043e\u0433\u043e \u0440\u044f\u0434\u043e\u043c \u0441 \u043f\u043e\u043b\u044f\u0440\u043d\u044b\u043c \u043a\u0440\u0443\u0433\u043e\u043c, \u0432 \u0430\u0440\u043a\u0442\u0438\u0447\u0435\u0441\u043a\u043e\u043c \u0411\u0435\u043b\u043e\u043c \u043c\u043e\u0440\u0435. \u042d\u0442\u043e\u0442 \u0443\u043d\u0438\u043a\u0430\u043b\u044c\u043d\u044b\u0439 \u0438\u0441\u0442\u043e\u0440\u0438\u0447\u0435\u0441\u043a\u0438\u0439, \u0434\u0443\u0445\u043e\u0432\u043d\u044b\u0439, \u043f\u0440\u0430\u0432\u043e\u0441\u043b\u0430\u0432\u043d\u044b\u0439, \u043a\u0443\u043b\u044c\u0442\u0443\u0440\u043d\u044b\u0439, \u043f\u0440\u0438\u0440\u043e\u0434\u043d\u044b\u0439 \u043f\u0430\u043c\u044f\u0442\u043d\u0438\u043a \u0432\u043a\u043b\u044e\u0447\u0435\u043d \u0432 \u0421\u043f\u0438\u0441\u043e\u043a \u0432\u0441\u0435\u043c\u0438\u0440\u043d\u043e\u0433\u043e \u043d\u0430\u0441\u043b\u0435\u0434\u0438\u044f \u042e\u041d\u0415\u0421\u041a\u041e.<\/p>\n<p>\u0417\u0440\u0438\u0442\u0435\u043b\u0438 \u043e\u0442\u043a\u0440\u044b\u043b\u0438 \u0434\u043b\u044f \u0441\u0435\u0431\u044f \u043f\u043e\u0442\u0440\u044f\u0441\u0430\u044e\u0449\u0438\u0435 \u043f\u0435\u0439\u0437\u0430\u0436\u0438 \u0421\u043e\u043b\u043e\u0432\u043a\u043e\u0432, \u0430 \u0442\u0430\u043a\u0436\u0435 \u0432\u0438\u0434\u044b \u0438 \u043a\u0430\u0434\u0440\u044b \u0438\u0437 \u0436\u0438\u0437\u043d\u0438 \u0437\u043d\u0430\u043c\u0435\u043d\u0438\u0442\u043e\u0433\u043e \u0421\u043e\u043b\u043e\u0432\u0435\u0446\u043a\u043e\u0433\u043e \u0421\u043f\u0430\u0441\u043e-\u041f\u0440\u0435\u043e\u0431\u0440\u0430\u0436\u0435\u043d\u0441\u043a\u043e\u0433\u043e \u043c\u043e\u043d\u0430\u0441\u0442\u044b\u0440\u044f, \u043e\u0441\u043d\u043e\u0432\u0430\u043d\u043d\u043e\u0433\u043e \u0431\u043e\u043b\u0435\u0435 \u043f\u044f\u0442\u0438 \u0441\u0442\u043e\u043b\u0435\u0442\u0438\u0439 \u043d\u0430\u0437\u0430\u0434 \u0432 \u0443\u0441\u043b\u043e\u0432\u0438\u044f\u0445 \u041a\u0440\u0430\u0439\u043d\u0435\u0433\u043e \u0421\u0435\u0432\u0435\u0440\u0430, \u0438 \u043a\u043e\u0442\u043e\u0440\u044b\u0439 \u0432\u0441\u0435\u0433\u0434\u0430 \u0431\u044b\u043b \u0434\u0443\u0445\u043e\u0432\u043d\u044b\u043c \u043f\u043e\u043a\u0440\u043e\u0432\u0438\u0442\u0435\u043b\u0435\u043c \u043d\u0430\u0440\u043e\u0434\u043e\u0432 \u0432\u0441\u0435\u0433\u043e \u0420\u0443\u0441\u0441\u043a\u043e\u0433\u043e \u041f\u043e\u043c\u043e\u0440\u044c\u044f. \u0411\u0440\u0430\u0442\u0438\u044f \u043e\u0431\u0438\u0442\u0435\u043b\u0438 \u0431\u044b\u043b\u0430 \u0443\u043c\u0435\u043b\u044b\u043c \u043a\u043e\u043b\u043b\u0435\u043a\u0442\u0438\u0432\u043d\u044b\u043c \u0445\u043e\u0437\u044f\u0439\u0441\u0442\u0432\u0435\u043d\u043d\u0438\u043a\u043e\u043c \u0438 \u0441\u043e\u0437\u0434\u0430\u043b\u0430 \u043d\u0430 \u043f\u0440\u043e\u0442\u044f\u0436\u0435\u043d\u0438\u0438 \u0432\u0435\u043a\u043e\u0432 \u0443\u043d\u0438\u043a\u0430\u043b\u044c\u043d\u044b\u0435 \u0430\u0440\u0445\u0438\u0442\u0435\u043a\u0442\u0443\u0440\u043d\u044b\u0435 \u0438 \u0438\u043d\u0436\u0435\u043d\u0435\u0440\u043d\u044b\u0435 \u0441\u043e\u043e\u0440\u0443\u0436\u0435\u043d\u0438\u044f \u0438 \u043f\u0430\u043c\u044f\u0442\u043d\u0438\u043a\u0438.<\/p>\n<p>\u0412\u042b\u0421\u0422\u0410\u0412\u041a\u0418 \u0412 \u041f\u0410\u0420\u0418\u0416\u0415<br \/>\n\u041f\u0420\u041e\u0428\u041b\u0410 \u041f\u0420\u0418 \u041f\u041e\u0414\u0414\u0415\u0420\u0416\u041a\u0415 \u0421\u041b\u0410\u0412\u042f\u041d\u0421\u041a\u041e\u0413\u041e \u0414\u041e\u041c\u0410<br \/>\n\u0430 \u0442\u0430\u043a\u0436\u0435 \u0444\u0438\u0440\u043c\u044b \u00ab\u00a0\u0426\u0430\u0440\u044c \u0432\u043e\u044f\u0436\u00a0\u00bb<\/p>\n<p>\u0412\u0425\u041e\u0414 \u0411\u0415\u0421\u041f\u041b\u0410\u0422\u041d\u042b\u0419<\/p>\n<p>1 \u043f\u043e 19 \u0444\u0435\u0432\u0440\u0430\u043b\u044f 2010<br \/>\n******************<br \/>\n<strong>Mairie du 9eme arrondissement &#8211; Salons Aguado<\/strong><br \/>\n6, rue Drouot &#8211; 75009 Paris<br \/>\nMetro: \u201cRichelieu Drouot\u201d<br \/>\n\u0412\u044b\u0441\u0442\u0430\u0432\u043a\u0430 \u0440\u0430\u0431\u043e\u0442\u0430\u0435\u0442 \u043f\u043e \u0441\u043b\u0435\u0434\u0443\u044e\u0449\u0435\u043c\u0443 \u0440\u0430\u0441\u043f\u0438\u0441\u0430\u043d\u0438\u044e:<br \/>\n\u041f\u043e\u043d\u0435\u0434\u0435\u043b\u044c\u043d\u0438\u043a-\u043f\u044f\u0442\u043d\u0438\u0446\u0430: \u0441 10:00 \u0434\u043e 17:00 (\u043f\u043e \u0447\u0435\u0442\u0432\u0435\u0440\u0433\u0430\u043c \u0434\u043e 19:30)<br \/>\n\u0421\u0443\u0431\u0431\u043e\u0442\u0430: \u0441 10:00 \u0434\u043e 13:00<\/p>\n<p>20 \u0444\u0435\u0432\u0440\u0430\u043b\u044f \u043f\u043e 15 \u043c\u0430\u0440\u0442\u0430 2010<br \/>\n*************************<br \/>\n<strong>Eglise de la Madeleine &#8211; Salles Royales<\/strong><br \/>\n1, place de la Madeleine &#8211; 75008 PARIS<br \/>\nMetro: \u201cMadeleine\u201d<br \/>\n\u0412\u044b\u0441\u0442\u0430\u0432\u043a\u0430 \u0440\u0430\u0431\u043e\u0442\u0430\u0435\u0442 \u043a\u0430\u0436\u0434\u044b\u0439 \u0434\u0435\u043d\u044c \u043f\u043e \u0441\u043b\u0435\u0434\u0443\u044e\u0449\u0438\u043c \u0447\u0430\u0441\u0430\u043c:<br \/>\n\u041f\u043e\u043d\u0435\u0434\u0435\u043b\u044c\u043d\u0438\u043a-\u043f\u044f\u0442\u043d\u0438\u0446\u0430: \u0441 11:00 \u043f\u043e 18:30<br \/>\n\u0421\u0443\u0431\u0431\u043e\u0442\u0430-\u0432\u043e\u0441\u043a\u0440\u0435\u0441\u0435\u043d\u044c\u0435: 10:00 &#8211; 19:00<\/p>\n","protected":false},"excerpt":{"rendered":"<p>Nous avons\u00a0 eu le plaisir de proposer \u00e0 votre attention l&rsquo;\u00e9v\u00e9nement organis\u00e9 par notre partenaire &#8211; Association Maxime-and-co Iles Solovki \u2013 Merveilles du nord de la Russie \u0420\u0443\u0441\u0441\u043a\u0438\u0439 \u043f\u0435\u0440\u0435\u0432\u043e\u0434 &#8211; \u0441\u043b\u0435\u0434\u0443\u0435\u0442 \u043d\u0438\u0436\u0435 Sous le haut patronage de Monsieur Fr\u00e9d\u00e9ric Mitterrand, Ministre de la Culture et de la Communication, Mme Irina Bokova, Directrice g\u00e9n\u00e9rale de l\u2019UNESCO, &hellip; <\/p>\n<p class=\"link-more\"><a href=\"https:\/\/galeriedeparis.fr\/wp3_af\/?p=133\" class=\"more-link\">Continuer la lecture<span class=\"screen-reader-text\"> de &laquo;&nbsp;Iles Solovki \u2013 Merveilles du nord de la Russie&nbsp;&raquo;<\/span><\/a><\/p>\n","protected":false},"author":1,"featured_media":132,"comment_status":"open","ping_status":"open","sticky":false,"template":"","format":"standard","meta":{"footnotes":""},"categories":[12,1],"tags":[],"class_list":["post-133","post","type-post","status-publish","format-standard","has-post-thumbnail","hentry","category-expositions","category-non-classe"],"_links":{"self":[{"href":"https:\/\/galeriedeparis.fr\/wp3_af\/index.php?rest_route=\/wp\/v2\/posts\/133","targetHints":{"allow":["GET"]}}],"collection":[{"href":"https:\/\/galeriedeparis.fr\/wp3_af\/index.php?rest_route=\/wp\/v2\/posts"}],"about":[{"href":"https:\/\/galeriedeparis.fr\/wp3_af\/index.php?rest_route=\/wp\/v2\/types\/post"}],"author":[{"embeddable":true,"href":"https:\/\/galeriedeparis.fr\/wp3_af\/index.php?rest_route=\/wp\/v2\/users\/1"}],"replies":[{"embeddable":true,"href":"https:\/\/galeriedeparis.fr\/wp3_af\/index.php?rest_route=%2Fwp%2Fv2%2Fcomments&post=133"}],"version-history":[{"count":2,"href":"https:\/\/galeriedeparis.fr\/wp3_af\/index.php?rest_route=\/wp\/v2\/posts\/133\/revisions"}],"predecessor-version":[{"id":1261,"href":"https:\/\/galeriedeparis.fr\/wp3_af\/index.php?rest_route=\/wp\/v2\/posts\/133\/revisions\/1261"}],"wp:featuredmedia":[{"embeddable":true,"href":"https:\/\/galeriedeparis.fr\/wp3_af\/index.php?rest_route=\/wp\/v2\/media\/132"}],"wp:attachment":[{"href":"https:\/\/galeriedeparis.fr\/wp3_af\/index.php?rest_route=%2Fwp%2Fv2%2Fmedia&parent=133"}],"wp:term":[{"taxonomy":"category","embeddable":true,"href":"https:\/\/galeriedeparis.fr\/wp3_af\/index.php?rest_route=%2Fwp%2Fv2%2Fcategories&post=133"},{"taxonomy":"post_tag","embeddable":true,"href":"https:\/\/galeriedeparis.fr\/wp3_af\/index.php?rest_route=%2Fwp%2Fv2%2Ftags&post=133"}],"curies":[{"name":"wp","href":"https:\/\/api.w.org\/{rel}","templated":true}]}}