{"id":1527,"date":"2015-07-14T17:58:20","date_gmt":"2015-07-14T16:58:20","guid":{"rendered":"http:\/\/galeriedeparis.fr\/wp3_af\/?p=1527"},"modified":"2016-08-14T20:56:27","modified_gmt":"2016-08-14T19:56:27","slug":"exposition-rencontre-avec-les-peintres-americains-en-stage-dans-la-region","status":"publish","type":"post","link":"https:\/\/galeriedeparis.fr\/wp3_af\/?p=1527","title":{"rendered":"Exposition \/ rencontre avec les peintres am\u00e9ricains en stage dans la r\u00e9gion"},"content":{"rendered":"<p>Chers Amis, nous vous attendons nombreux le 17 juillet de 17h \u00e0 19h \u00e0 <a href=\"http:\/\/www.larocheguyon.fr\/\" target=\"_blank\">La Roche-Guyon<\/a> , sous la Halle de la Mairie, pour cette rencontre avec nos amis am\u00e9ricains de la prestigieuse e\u0301cole <a href=\"http:\/\/academicart.com\/\" target=\"_blank\">Bridge View School of Fine Arts<\/a> de New York.<br \/>\nIls seront heureux de vous retrouver, et vous pr\u00e9senter leur travail lors de leur exposition de fin de stage !<\/p>\n<p><a href=\"http:\/\/galeriedeparis.fr\/wp3_af\/wp-content\/uploads\/2015\/07\/2015_07_17_AFFICHES-Art-camp-bridgeview-L-550p.jpg\"><img loading=\"lazy\" decoding=\"async\" class=\"alignnone size-full wp-image-1516\" src=\"http:\/\/galeriedeparis.fr\/wp3_af\/wp-content\/uploads\/2015\/07\/2015_07_17_AFFICHES-Art-camp-bridgeview-L-550p.jpg\" alt=\"2015_07_17_AFFICHES Art camp bridgeview L 550p\" width=\"550\" height=\"771\" srcset=\"https:\/\/galeriedeparis.fr\/wp3_af\/wp-content\/uploads\/2015\/07\/2015_07_17_AFFICHES-Art-camp-bridgeview-L-550p.jpg 550w, https:\/\/galeriedeparis.fr\/wp3_af\/wp-content\/uploads\/2015\/07\/2015_07_17_AFFICHES-Art-camp-bridgeview-L-550p-214x300.jpg 214w\" sizes=\"auto, (max-width: 550px) 100vw, 550px\" \/><\/a><\/p>\n<p>Merci de faire suivre ce message \u00e0 vos amis et contacts proche de La Roche-Guyon, et\/ou coller l&rsquo;affiche dans votre espace caf\u00e9\/communication (<a href=\"http:\/\/galeriedeparis.fr\/wp3_af\/wp-content\/uploads\/2015\/07\/2015_07_17_AFFICHES-Art-camp-bridgeview-.pdf\" target=\"_blank\">t\u00e9l\u00e9chargement du PDF<\/a>).<\/p>\n","protected":false},"excerpt":{"rendered":"<p>Chers Amis, nous vous attendons nombreux le 17 juillet de 17h \u00e0 19h \u00e0 La Roche-Guyon , sous la Halle de la Mairie, pour cette rencontre avec nos amis am\u00e9ricains de la prestigieuse e\u0301cole Bridge View School of Fine Arts de New York. Ils seront heureux de vous retrouver, et vous pr\u00e9senter leur travail lors &hellip; <\/p>\n<p class=\"link-more\"><a href=\"https:\/\/galeriedeparis.fr\/wp3_af\/?p=1527\" class=\"more-link\">Continuer la lecture<span class=\"screen-reader-text\"> de &laquo;&nbsp;Exposition \/ rencontre avec les peintres am\u00e9ricains en stage dans la r\u00e9gion&nbsp;&raquo;<\/span><\/a><\/p>\n","protected":false},"author":3,"featured_media":0,"comment_status":"closed","ping_status":"closed","sticky":false,"template":"","format":"standard","meta":{"footnotes":""},"categories":[12],"tags":[367],"class_list":["post-1527","post","type-post","status-publish","format-standard","hentry","category-expositions","tag-stage"],"_links":{"self":[{"href":"https:\/\/galeriedeparis.fr\/wp3_af\/index.php?rest_route=\/wp\/v2\/posts\/1527","targetHints":{"allow":["GET"]}}],"collection":[{"href":"https:\/\/galeriedeparis.fr\/wp3_af\/index.php?rest_route=\/wp\/v2\/posts"}],"about":[{"href":"https:\/\/galeriedeparis.fr\/wp3_af\/index.php?rest_route=\/wp\/v2\/types\/post"}],"author":[{"embeddable":true,"href":"https:\/\/galeriedeparis.fr\/wp3_af\/index.php?rest_route=\/wp\/v2\/users\/3"}],"replies":[{"embeddable":true,"href":"https:\/\/galeriedeparis.fr\/wp3_af\/index.php?rest_route=%2Fwp%2Fv2%2Fcomments&post=1527"}],"version-history":[{"count":3,"href":"https:\/\/galeriedeparis.fr\/wp3_af\/index.php?rest_route=\/wp\/v2\/posts\/1527\/revisions"}],"predecessor-version":[{"id":1530,"href":"https:\/\/galeriedeparis.fr\/wp3_af\/index.php?rest_route=\/wp\/v2\/posts\/1527\/revisions\/1530"}],"wp:attachment":[{"href":"https:\/\/galeriedeparis.fr\/wp3_af\/index.php?rest_route=%2Fwp%2Fv2%2Fmedia&parent=1527"}],"wp:term":[{"taxonomy":"category","embeddable":true,"href":"https:\/\/galeriedeparis.fr\/wp3_af\/index.php?rest_route=%2Fwp%2Fv2%2Fcategories&post=1527"},{"taxonomy":"post_tag","embeddable":true,"href":"https:\/\/galeriedeparis.fr\/wp3_af\/index.php?rest_route=%2Fwp%2Fv2%2Ftags&post=1527"}],"curies":[{"name":"wp","href":"https:\/\/api.w.org\/{rel}","templated":true}]}}