{"id":163,"date":"2010-06-18T13:02:00","date_gmt":"2010-06-18T12:02:00","guid":{"rendered":"http:\/\/galeriedeparis.fr\/wp3_af\/?p=163"},"modified":"2013-11-30T16:35:33","modified_gmt":"2013-11-30T15:35:33","slug":"secretaire-perpetuel-de-lacademie-des-beaux-arts-pour-lexposition-a-nogent-sur-marne-17-juin","status":"publish","type":"post","link":"https:\/\/galeriedeparis.fr\/wp3_af\/?p=163","title":{"rendered":"Arnaud de Hauterives pour l&rsquo;exposition \u00ab\u00a0Grandes Signatures &#8211; Petits Formats\u00a0\u00bb 2010"},"content":{"rendered":"<p><img loading=\"lazy\" decoding=\"async\" class=\" size-full wp-image-162\" alt=\"\" src=\"http:\/\/galeriedeparis.fr\/wp3_af\/wp-content\/uploads\/2010\/06\/img_6896.jpg\" width=\"480\" height=\"360\" srcset=\"https:\/\/galeriedeparis.fr\/wp3_af\/wp-content\/uploads\/2010\/06\/img_6896.jpg 480w, https:\/\/galeriedeparis.fr\/wp3_af\/wp-content\/uploads\/2010\/06\/img_6896-300x225.jpg 300w, https:\/\/galeriedeparis.fr\/wp3_af\/wp-content\/uploads\/2010\/06\/img_6896-400x300.jpg 400w\" sizes=\"auto, (max-width: 480px) 100vw, 480px\" \/><\/p>\n<p>Arnaud de Hauterives, Secr\u00e9taire p\u00e9rp\u00e9tuel de l&rsquo;Acad\u00e9mie des Beaux Arts de France confie \u00e0<br \/>\nAnna Filimonova &#8211; pr\u00e9sidente du Festival Cultures Crois\u00e9es\u00a0\u00bb de transmettre ses voeux du grand succ\u00e8s \u00e0 l&rsquo;exposition \u00ab\u00a0Grandes Signatures-Petits Formats\u00a0\u00bb qui r\u00e9unie plusieurs artistes issus de l&rsquo;\u00e9cole acad\u00e9miques, mais aussi des courants contemporains vari\u00e9es, tous de grandes personnalit\u00e9s.<\/p>\n<p>\u00a9 Ella Tushinskya, rencontre\u00a0 a eu lieu le 14 juin dans le Palais de l&rsquo;Institut, salle Comptesse de Caen<\/p>\n<p>\u00e0 l&rsquo;inauguration de l&rsquo;exposition sur l&rsquo;histoire de l&rsquo;Acad\u00e9mie des Beaux Arts de Russie<\/p>\n<p>&nbsp;<\/p>\n<p><span style=\"color: #993366;\">\u0412\u0435\u0447\u043d\u044b\u0439 \u0423\u0447\u0435\u043d\u044b\u0439 \u0421\u0435\u043a\u0440\u0435\u0442\u0430\u0440\u044c \u0424\u0440\u0430\u043d\u0446\u0443\u0437\u0441\u043a\u043e\u0439 \u0410\u043a\u0430\u0434\u0435\u043c\u0438\u0438 \u0425\u0443\u0434\u043e\u0436\u0435\u0441\u0442\u0432 \u0410\u0440\u043d\u043e \u0434\u0435 \u041e\u0442\u0440\u0438\u0432 \u043f\u0435\u0440\u0435\u0434\u0430\u043b \u0410\u043d\u043d\u0435 \u0424\u0438\u043b\u0438\u043c\u043e\u043d\u043e\u0432\u043e\u0439- \u043f\u0440\u0435\u0437\u0438\u0434\u0435\u043d\u0442\u0443\u00a0 \u0424\u0435\u0441\u0442\u0438\u0432\u0430\u043b\u044f \u041a\u0443\u043b\u044c\u0442\u0443\u0440\u043d\u044b\u0439 \u041f\u0435\u0440\u0435\u043a\u0440\u0451\u0441\u0442\u043e\u043a \u0441\u0432\u043e\u0438 \u043f\u043e\u0437\u0434\u0440\u0430\u0432\u043b\u0435\u043d\u0438\u044f \u0438 \u043d\u0430\u043f\u0443\u0442\u0441\u0432\u0438\u044f \u043f\u0435\u0440\u0435\u0434 \u043e\u0442\u043a\u0440\u044b\u0442\u0438\u0435\u043c \u0412\u044b\u0441\u0442\u0430\u0432\u043a\u0438 \u00a0\u00bb \u0411\u043e\u043b\u044c\u0448\u0438\u0435 \u0418\u043c\u0435\u043d\u0430- \u041c\u0430\u043b\u0435\u043d\u044c\u043a\u0438\u0439 \u0444\u043e\u0440\u043c\u0430\u0442\u00a0\u00bb \u0432 \u041d\u043e\u0436\u0430\u043d\u0435 \u043d\u0430 \u041c\u0430\u0440\u043d\u0435.<br \/>\n\u0412\u0441\u0442\u0440\u0435\u0447\u0430 \u0441\u043e\u0441\u0442\u043e\u044f\u043b\u0430\u0441\u044c \u0432 \u0424\u0440\u0430\u043d\u0446\u0443\u0437\u0441\u043a\u043e\u0439 \u0410\u043a\u0430\u0434\u0435\u043c\u0438\u0438, \u043d\u0430 \u043e\u0442\u043a\u0440\u044b\u0442\u0438\u0438 \u0432\u044b\u0441\u0442\u0430\u0432\u043a\u0438 \u0438\u0437 \u0418\u0441\u0442\u043e\u0440\u0438\u0438 \u0420\u043e\u0441\u0441\u0438\u0439\u0441\u043a\u043e\u0439 \u0410\u043a\u0430\u0434\u0435\u043c\u0438\u0438 \u0425\u0443\u0434\u043e\u0436\u0435\u0441\u0442\u0432 14 \u0438\u044e\u043d\u044f 2010 \u0433\u043e\u0434\u0430<br \/>\n<\/span><\/p>\n","protected":false},"excerpt":{"rendered":"<p>Arnaud de Hauterives, Secr\u00e9taire p\u00e9rp\u00e9tuel de l&rsquo;Acad\u00e9mie des Beaux Arts de France confie \u00e0 Anna Filimonova &#8211; pr\u00e9sidente du Festival Cultures Crois\u00e9es\u00a0\u00bb de transmettre ses voeux du grand succ\u00e8s \u00e0 l&rsquo;exposition \u00ab\u00a0Grandes Signatures-Petits Formats\u00a0\u00bb qui r\u00e9unie plusieurs artistes issus de l&rsquo;\u00e9cole acad\u00e9miques, mais aussi des courants contemporains vari\u00e9es, tous de grandes personnalit\u00e9s. \u00a9 Ella Tushinskya, &hellip; <\/p>\n<p class=\"link-more\"><a href=\"https:\/\/galeriedeparis.fr\/wp3_af\/?p=163\" class=\"more-link\">Continuer la lecture<span class=\"screen-reader-text\"> de &laquo;&nbsp;Arnaud de Hauterives pour l&rsquo;exposition \u00ab\u00a0Grandes Signatures &#8211; Petits Formats\u00a0\u00bb 2010&nbsp;&raquo;<\/span><\/a><\/p>\n","protected":false},"author":1,"featured_media":162,"comment_status":"open","ping_status":"open","sticky":false,"template":"","format":"standard","meta":{"footnotes":""},"categories":[12],"tags":[268,271,250,266,270,269,267],"class_list":["post-163","post","type-post","status-publish","format-standard","has-post-thumbnail","hentry","category-expositions","tag-academie-des-beaux-arts-de-france","tag-academie-des-beaux-arts-de-russie","tag-academie-des-beaux-arts","tag-arnaud-de-hauterives","tag-ecole-academique","tag-palais-de-linstitut","tag-secretaire-perpetuel"],"_links":{"self":[{"href":"https:\/\/galeriedeparis.fr\/wp3_af\/index.php?rest_route=\/wp\/v2\/posts\/163","targetHints":{"allow":["GET"]}}],"collection":[{"href":"https:\/\/galeriedeparis.fr\/wp3_af\/index.php?rest_route=\/wp\/v2\/posts"}],"about":[{"href":"https:\/\/galeriedeparis.fr\/wp3_af\/index.php?rest_route=\/wp\/v2\/types\/post"}],"author":[{"embeddable":true,"href":"https:\/\/galeriedeparis.fr\/wp3_af\/index.php?rest_route=\/wp\/v2\/users\/1"}],"replies":[{"embeddable":true,"href":"https:\/\/galeriedeparis.fr\/wp3_af\/index.php?rest_route=%2Fwp%2Fv2%2Fcomments&post=163"}],"version-history":[{"count":2,"href":"https:\/\/galeriedeparis.fr\/wp3_af\/index.php?rest_route=\/wp\/v2\/posts\/163\/revisions"}],"predecessor-version":[{"id":1264,"href":"https:\/\/galeriedeparis.fr\/wp3_af\/index.php?rest_route=\/wp\/v2\/posts\/163\/revisions\/1264"}],"wp:featuredmedia":[{"embeddable":true,"href":"https:\/\/galeriedeparis.fr\/wp3_af\/index.php?rest_route=\/wp\/v2\/media\/162"}],"wp:attachment":[{"href":"https:\/\/galeriedeparis.fr\/wp3_af\/index.php?rest_route=%2Fwp%2Fv2%2Fmedia&parent=163"}],"wp:term":[{"taxonomy":"category","embeddable":true,"href":"https:\/\/galeriedeparis.fr\/wp3_af\/index.php?rest_route=%2Fwp%2Fv2%2Fcategories&post=163"},{"taxonomy":"post_tag","embeddable":true,"href":"https:\/\/galeriedeparis.fr\/wp3_af\/index.php?rest_route=%2Fwp%2Fv2%2Ftags&post=163"}],"curies":[{"name":"wp","href":"https:\/\/api.w.org\/{rel}","templated":true}]}}