{"id":196,"date":"2001-03-21T00:00:00","date_gmt":"2001-03-20T23:00:00","guid":{"rendered":"http:\/\/galeriedeparis.fr\/wp3_af\/?p=196"},"modified":"2013-09-30T23:02:29","modified_gmt":"2013-09-30T22:02:29","slug":"au-confins-de-lunivers-2001","status":"publish","type":"post","link":"https:\/\/galeriedeparis.fr\/wp3_af\/?p=196","title":{"rendered":"Au confins de l&rsquo;univers &#8211; 2001"},"content":{"rendered":"<p>Au confins de l&rsquo;univers, exposition d&rsquo;Anna Filimonova<\/p>\n<p align=\"center\"><span style=\"color: #0000ff; font-family: 'Arial Black'; font-size: large;\">Au confins de l&rsquo;univers<br \/>\n<\/span><span style=\"color: #000000; font-family: 'Arial Black'; font-size: medium;\">une exposition d&rsquo;Anna Filimonova<\/span><\/p>\n<div align=\"center\">\n<table width=\"760\" border=\"0\" cellspacing=\"6\" cellpadding=\"0\">\n<tbody>\n<tr>\n<td><img loading=\"lazy\" decoding=\"async\" class=\" size-full wp-image-186\" alt=\"anna.gif (62789 octets)\" src=\"http:\/\/galeriedeparis.fr\/wp3_af\/wp-content\/uploads\/2001\/03\/crossline.com_filimonova_imgok_anna.gif\" width=\"306\" height=\"188\" border=\"0\" \/><\/td>\n<td><span style=\"font-family: 'Times New Roman'; font-size: medium;\"><strong>Du 16 septembre 2000 au 21 f\u00e9vrier 2001, Anna Filimonova a pr\u00e9sent\u00e9, \u00e0 l&rsquo;Espace Saint-Martin, 199 bis, rue Saint-Martin, 75003 Paris, une quarantaine de tableaux de ses cinq derni\u00e8res ann\u00e9es, unies par la r\u00e9flexion sur le th\u00e8me des identit\u00e9s culturelles dans le monde actuel. Vous pouvez d\u00e9couvrir l&rsquo;ensemble de son travail d&rsquo;artiste peintre sur son site internet, <a href=\"http:\/\/www.filimonova.com\" target=\"_blank\">www.filimonova.com<\/a>.<br \/>\n<\/strong><\/span><\/td>\n<\/tr>\n<tr>\n<td colspan=\"2\"><span style=\"color: #0000ff; font-family: 'Times New Roman'; font-size: large;\"><strong>Anna Filimonova<\/strong><\/span><span style=\"font-family: 'Times New Roman'; font-size: medium;\"><br \/>\nN\u00e9e le 7 janvier 1967 \u00e0 Saint-P\u00e9tersbourg, Russie.Vit et travaille en France depuis 1992.<br \/>\n<span style=\"color: #0000ff;\"><strong>Formations :<\/strong><\/span> Dipl\u00f4me de conf\u00e9rencier des mus\u00e9es nationaux en langue fran\u00e7aise, Saint-P\u00e9tersbourg (1989)<br \/>\nDipl\u00f4me de l\u2019acad\u00e9mie des beaux-arts de Saint-P\u00e9tersbourg (1991)<br \/>\nBourse du Gouvernement Fran\u00e7ais pour un s\u00e9jour \u00e0 La Cit\u00e9 Internationale des Arts \u00e0 Paris et \u00e0 l&rsquo;\u00c9cole du Louvre (1993)<br \/>\nBourse de l&rsquo;universit\u00e9 Paris I pour un s\u00e9jour d&rsquo;\u00e9tude \u00e0 New-York (1995)<br \/>\nD.E.A. de philosophie de l\u2019art, \u00e0 l&rsquo;universit\u00e9 Paris I Panth\u00e9on Sorbonne (1995).<br \/>\n<strong><span style=\"color: #0000ff;\">Expositions :<\/span><\/strong> Neuf expositions personnelles en France et en Russie depuis 1987. Nombreuses expositions internationales collectives \u00e0 l&rsquo;UNESCO, dans des municipalit\u00e9 fran\u00e7aises, des galeries priv\u00e9es et des fondations publiques.<br \/>\n<strong><span style=\"color: #0000ff;\">Collections publiques et r\u00e9compenses :<\/span><\/strong> M\u00e9daille de la Ville, Villeneuve-la-Garenne ; Fonds de l\u2019Acad\u00e9mie des beaux-arts, Saint-P\u00e9tersbourg ; Mus\u00e9e de l\u2019Acad\u00e9mie de la danse Vaganova, Saint-Petersbourg ; Mairie de la ville de Gardanne ; Mairie de la ville de Pont-de-Claix (1996). Prix \u201cJeune cr\u00e9ateur\u201c du Lion&rsquo;s Club de Saint-Denis Basilique (1997) ; Prix du jury du Lion&rsquo;s Club de Fontenay-sous-Bois, (1998).<\/span><\/p>\n<p>http:\/\/crossline.com\/filimonova\/expoanna.htm<\/p>\n<p>&nbsp;<\/td>\n<\/tr>\n<\/tbody>\n<\/table>\n<\/div>\n<p><!--webbot bot=\"Include\" U-Include=\"hplogos.htm\" TAG=\"BODY\" startspan --><\/p>\n<div align=\"center\">\n<table width=\"760\" border=\"0\" cellspacing=\"0\" cellpadding=\"0\">\n<tbody>\n<tr>\n<td colspan=\"9\" align=\"center\" valign=\"top\" height=\"20\"><strong><span style=\"font-family: Arial;\">Nos partenaires :<\/span><\/strong><\/td>\n<\/tr>\n<tr>\n<td align=\"center\" valign=\"middle\"><a href=\"http:\/\/www.aavp.com\" target=\"_blank\"><img loading=\"lazy\" decoding=\"async\" class=\" size-full wp-image-187\" alt=\"\" src=\"http:\/\/galeriedeparis.fr\/wp3_af\/wp-content\/uploads\/2001\/03\/crossline.com_filimonova_logodavpp.jpg\" width=\"44\" height=\"63\" border=\"0\" \/><\/a><br \/>\n<span style=\"color: #0000a0; font-family: Arial;\"><strong>B\u00e9atrice<br \/>\nde Andia<\/strong><\/span><\/td>\n<td align=\"center\" valign=\"middle\"><a href=\"http:\/\/www.rfi.fr\/\" target=\"_blank\"><img loading=\"lazy\" decoding=\"async\" class=\" size-full wp-image-188\" alt=\"RFI\" src=\"http:\/\/galeriedeparis.fr\/wp3_af\/wp-content\/uploads\/2001\/03\/crossline.com_filimonova_imgok_rfi70.gif\" width=\"70\" height=\"25\" border=\"0\" \/><\/a><\/td>\n<td align=\"center\" valign=\"middle\"><img loading=\"lazy\" decoding=\"async\" class=\" size-full wp-image-189\" alt=\"Kossuth\" src=\"http:\/\/galeriedeparis.fr\/wp3_af\/wp-content\/uploads\/2001\/03\/crossline.com_filimonova_imgok_koss46.gif\" width=\"46\" height=\"55\" border=\"0\" \/><\/td>\n<td align=\"center\" valign=\"middle\"><a href=\"http:\/\/www.canalweb.net\" target=\"_blank\"><img loading=\"lazy\" decoding=\"async\" class=\" size-full wp-image-190\" alt=\"canalweb.net\" src=\"http:\/\/galeriedeparis.fr\/wp3_af\/wp-content\/uploads\/2001\/03\/crossline.com_filimonova_imgok_cw.gif\" width=\"89\" height=\"49\" border=\"0\" \/><\/a><\/td>\n<td align=\"center\" valign=\"middle\"><a href=\"..\/\" target=\"_blank\"><img loading=\"lazy\" decoding=\"async\" class=\" size-full wp-image-191\" alt=\"On Line International\" src=\"http:\/\/galeriedeparis.fr\/wp3_af\/wp-content\/uploads\/2001\/03\/crossline.com_filimonova_imgok_online23.gif\" width=\"23\" height=\"46\" border=\"0\" \/><\/a><\/td>\n<td align=\"center\" valign=\"middle\"><a href=\"http:\/\/www.adp.fr\" target=\"_blank\"><img loading=\"lazy\" decoding=\"async\" class=\" size-full wp-image-192\" alt=\"ADP\" src=\"http:\/\/galeriedeparis.fr\/wp3_af\/wp-content\/uploads\/2001\/03\/crossline.com_filimonova_imgok_adp80.gif\" width=\"80\" height=\"40\" border=\"0\" \/><\/a><\/td>\n<td align=\"center\" valign=\"middle\"><a href=\"http:\/\/www.russie.net\" target=\"_blank\"><img loading=\"lazy\" decoding=\"async\" class=\" size-full wp-image-193\" alt=\"russie.net\" src=\"http:\/\/galeriedeparis.fr\/wp3_af\/wp-content\/uploads\/2001\/03\/crossline.com_filimonova_imgok_rusnet42.gif\" width=\"42\" height=\"55\" border=\"0\" \/><\/a><\/td>\n<td align=\"center\" valign=\"middle\"><img loading=\"lazy\" decoding=\"async\" class=\" size-full wp-image-194\" alt=\"Institut Cultures et Patrimoines\" src=\"http:\/\/galeriedeparis.fr\/wp3_af\/wp-content\/uploads\/2001\/03\/crossline.com_filimonova_imgok_unesco.gif\" width=\"90\" height=\"35\" border=\"0\" \/><\/td>\n<\/tr>\n<\/tbody>\n<\/table>\n<\/div>\n<p><a href=\"..\/cosaque\" target=\"_blank\"><img loading=\"lazy\" decoding=\"async\" class=\" size-full wp-image-195\" alt=\"Restaurant\" src=\"http:\/\/galeriedeparis.fr\/wp3_af\/wp-content\/uploads\/2001\/03\/crossline.com_filimonova_imgok_cosa32.gif\" width=\"32\" height=\"55\" border=\"0\" \/><\/a><\/p>\n<div align=\"center\">\n<table width=\"760\" border=\"0\" cellspacing=\"6\" cellpadding=\"0\">\n<tbody>\n<tr>\n<td><\/td>\n<td align=\"center\" valign=\"middle\"><\/td>\n<td><\/td>\n<td><\/td>\n<\/tr>\n<\/tbody>\n<\/table>\n<\/div>\n<p><!--webbot bot=\"Include\" endspan i-checksum=\"65258\" --><\/p>\n","protected":false},"excerpt":{"rendered":"<p>Au confins de l&rsquo;univers, exposition d&rsquo;Anna Filimonova Au confins de l&rsquo;univers une exposition d&rsquo;Anna Filimonova Du 16 septembre 2000 au 21 f\u00e9vrier 2001, Anna Filimonova a pr\u00e9sent\u00e9, \u00e0 l&rsquo;Espace Saint-Martin, 199 bis, rue Saint-Martin, 75003 Paris, une quarantaine de tableaux de ses cinq derni\u00e8res ann\u00e9es, unies par la r\u00e9flexion sur le th\u00e8me des identit\u00e9s culturelles &hellip; <\/p>\n<p class=\"link-more\"><a href=\"https:\/\/galeriedeparis.fr\/wp3_af\/?p=196\" class=\"more-link\">Continuer la lecture<span class=\"screen-reader-text\"> de &laquo;&nbsp;Au confins de l&rsquo;univers &#8211; 2001&nbsp;&raquo;<\/span><\/a><\/p>\n","protected":false},"author":1,"featured_media":186,"comment_status":"open","ping_status":"open","sticky":false,"template":"","format":"standard","meta":{"footnotes":""},"categories":[66],"tags":[],"class_list":["post-196","post","type-post","status-publish","format-standard","has-post-thumbnail","hentry","category-c34-filimonova-anna"],"_links":{"self":[{"href":"https:\/\/galeriedeparis.fr\/wp3_af\/index.php?rest_route=\/wp\/v2\/posts\/196","targetHints":{"allow":["GET"]}}],"collection":[{"href":"https:\/\/galeriedeparis.fr\/wp3_af\/index.php?rest_route=\/wp\/v2\/posts"}],"about":[{"href":"https:\/\/galeriedeparis.fr\/wp3_af\/index.php?rest_route=\/wp\/v2\/types\/post"}],"author":[{"embeddable":true,"href":"https:\/\/galeriedeparis.fr\/wp3_af\/index.php?rest_route=\/wp\/v2\/users\/1"}],"replies":[{"embeddable":true,"href":"https:\/\/galeriedeparis.fr\/wp3_af\/index.php?rest_route=%2Fwp%2Fv2%2Fcomments&post=196"}],"version-history":[{"count":3,"href":"https:\/\/galeriedeparis.fr\/wp3_af\/index.php?rest_route=\/wp\/v2\/posts\/196\/revisions"}],"predecessor-version":[{"id":1165,"href":"https:\/\/galeriedeparis.fr\/wp3_af\/index.php?rest_route=\/wp\/v2\/posts\/196\/revisions\/1165"}],"wp:featuredmedia":[{"embeddable":true,"href":"https:\/\/galeriedeparis.fr\/wp3_af\/index.php?rest_route=\/wp\/v2\/media\/186"}],"wp:attachment":[{"href":"https:\/\/galeriedeparis.fr\/wp3_af\/index.php?rest_route=%2Fwp%2Fv2%2Fmedia&parent=196"}],"wp:term":[{"taxonomy":"category","embeddable":true,"href":"https:\/\/galeriedeparis.fr\/wp3_af\/index.php?rest_route=%2Fwp%2Fv2%2Fcategories&post=196"},{"taxonomy":"post_tag","embeddable":true,"href":"https:\/\/galeriedeparis.fr\/wp3_af\/index.php?rest_route=%2Fwp%2Fv2%2Ftags&post=196"}],"curies":[{"name":"wp","href":"https:\/\/api.w.org\/{rel}","templated":true}]}}