{"id":204,"date":"2003-05-15T00:00:00","date_gmt":"2003-05-14T23:00:00","guid":{"rendered":"http:\/\/galeriedeparis.fr\/wp3_af\/?p=204"},"modified":"2013-10-10T22:37:57","modified_gmt":"2013-10-10T21:37:57","slug":"nevographs-galery-mai-2003","status":"publish","type":"post","link":"https:\/\/galeriedeparis.fr\/wp3_af\/?p=204","title":{"rendered":"Nevograph&rsquo;s Galery &#8211; Mai 2003"},"content":{"rendered":"<p>Anna Filimonova &#8211; Galerie d\u2019Art Nevograph &#8211; Mai 2003<\/p>\n<div align=\"center\">\n<table style=\"width: 640px;\" border=\"4\" cellspacing=\"5\">\n<tbody>\n<tr>\n<td colspan=\"2\" align=\"center\" valign=\"middle\"><\/td>\n<\/tr>\n<tr>\n<td align=\"center\" valign=\"middle\"><span style=\"font-family: Arial; color: #800000;\"><strong><img loading=\"lazy\" decoding=\"async\" class=\" size-full wp-image-200\" alt=\"Journal NEVA\" src=\"http:\/\/galeriedeparis.fr\/wp3_af\/wp-content\/uploads\/2003\/05\/crossline.com_filimonova_images_logonev.jpg\" width=\"196\" height=\"54\" border=\"2\" \/><\/strong><\/span><\/td>\n<td align=\"center\" valign=\"middle\"><span style=\"font-family: Arial; color: #800000; font-size: small;\"><strong>Exposition d&rsquo;Anna Filimonova<br \/>\n\u00e0 Saint-P\u00e9tersbourg<br \/>\n\u00e0 la Galerie d\u2019Art Nevograph<\/strong><\/span><span style=\"font-family: Arial; color: #800000; font-size: x-small;\"><strong>Anna&rsquo;s Exibition in Nevograph&rsquo;s Galery<\/strong><\/span><\/td>\n<\/tr>\n<tr>\n<td align=\"center\" valign=\"middle\"><span style=\"font-family: Arial; color: #800000;\"><strong><img loading=\"lazy\" decoding=\"async\" class=\" size-full wp-image-201\" alt=\"\" src=\"http:\/\/galeriedeparis.fr\/wp3_af\/wp-content\/uploads\/2003\/05\/crossline.com_filimonova_russe_discours.jpg\" width=\"353\" height=\"264\" border=\"0\" srcset=\"https:\/\/galeriedeparis.fr\/wp3_af\/wp-content\/uploads\/2003\/05\/crossline.com_filimonova_russe_discours.jpg 353w, https:\/\/galeriedeparis.fr\/wp3_af\/wp-content\/uploads\/2003\/05\/crossline.com_filimonova_russe_discours-300x224.jpg 300w\" sizes=\"auto, (max-width: 353px) 100vw, 353px\" \/><\/strong><\/span><\/td>\n<td valign=\"bottom\"><span style=\"font-family: Arial; color: #800000; font-size: x-small;\"><strong><br \/>\n<em>Discours de presentation<\/em><\/strong><\/span><span style=\"font-family: Arial; color: #800000; font-size: x-small;\"><strong><em>Speachs<br \/>\n<\/em><\/strong><\/span><\/td>\n<\/tr>\n<tr>\n<td align=\"center\" valign=\"middle\"><span style=\"font-family: Arial; color: #800000;\"><strong><img loading=\"lazy\" decoding=\"async\" class=\" size-full wp-image-202\" alt=\"\" src=\"http:\/\/galeriedeparis.fr\/wp3_af\/wp-content\/uploads\/2003\/05\/crossline.com_filimonova_russe_avecleconsuldeFrance.JPG\" width=\"353\" height=\"264\" border=\"0\" srcset=\"https:\/\/galeriedeparis.fr\/wp3_af\/wp-content\/uploads\/2003\/05\/crossline.com_filimonova_russe_avecleconsuldeFrance.JPG 353w, https:\/\/galeriedeparis.fr\/wp3_af\/wp-content\/uploads\/2003\/05\/crossline.com_filimonova_russe_avecleconsuldeFrance-300x224.jpg 300w\" sizes=\"auto, (max-width: 353px) 100vw, 353px\" \/><\/strong><\/span><\/td>\n<td valign=\"bottom\"><span style=\"font-family: Arial; color: #800000; font-size: x-small;\"><strong><br \/>\n<em>Anna avec le Consul de France<\/em><\/strong><\/span><span style=\"font-family: Arial; color: #800000; font-size: x-small;\"><strong><em>Anna with Consul of France<br \/>\n<\/em><\/strong><\/span><\/td>\n<\/tr>\n<tr>\n<td align=\"center\" valign=\"middle\"><span style=\"font-family: Arial; color: #800000;\"><strong><img loading=\"lazy\" decoding=\"async\" class=\" size-full wp-image-203\" alt=\"\" src=\"http:\/\/galeriedeparis.fr\/wp3_af\/wp-content\/uploads\/2003\/05\/crossline.com_filimonova_russe_annaetlavrov.JPG\" width=\"353\" height=\"264\" border=\"0\" srcset=\"https:\/\/galeriedeparis.fr\/wp3_af\/wp-content\/uploads\/2003\/05\/crossline.com_filimonova_russe_annaetlavrov.JPG 353w, https:\/\/galeriedeparis.fr\/wp3_af\/wp-content\/uploads\/2003\/05\/crossline.com_filimonova_russe_annaetlavrov-300x224.jpg 300w\" sizes=\"auto, (max-width: 353px) 100vw, 353px\" \/><\/strong><\/span><\/td>\n<td valign=\"bottom\"><span style=\"font-family: Arial; color: #800000; font-size: x-small;\"><strong><br \/>\n<em>Anna avec Monsieur Lavrov<\/em><\/strong><\/span><span style=\"font-family: Arial; color: #800000; font-size: x-small;\"><strong><em>Anna with Mr Lavrov<br \/>\n<\/em><\/strong><\/span><\/td>\n<\/tr>\n<tr>\n<td colspan=\"2\" align=\"center\" valign=\"middle\"><\/td>\n<\/tr>\n<\/tbody>\n<\/table>\n<\/div>\n","protected":false},"excerpt":{"rendered":"<p>Anna Filimonova &#8211; Galerie d\u2019Art Nevograph &#8211; Mai 2003 Exposition d&rsquo;Anna Filimonova \u00e0 Saint-P\u00e9tersbourg \u00e0 la Galerie d\u2019Art NevographAnna&rsquo;s Exibition in Nevograph&rsquo;s Galery Discours de presentationSpeachs Anna avec le Consul de FranceAnna with Consul of France Anna avec Monsieur LavrovAnna with Mr Lavrov<\/p>\n","protected":false},"author":1,"featured_media":200,"comment_status":"open","ping_status":"open","sticky":false,"template":"","format":"standard","meta":{"footnotes":""},"categories":[66],"tags":[79,35],"class_list":["post-204","post","type-post","status-publish","format-standard","has-post-thumbnail","hentry","category-c34-filimonova-anna","tag-nevographs-galery","tag-russie"],"_links":{"self":[{"href":"https:\/\/galeriedeparis.fr\/wp3_af\/index.php?rest_route=\/wp\/v2\/posts\/204","targetHints":{"allow":["GET"]}}],"collection":[{"href":"https:\/\/galeriedeparis.fr\/wp3_af\/index.php?rest_route=\/wp\/v2\/posts"}],"about":[{"href":"https:\/\/galeriedeparis.fr\/wp3_af\/index.php?rest_route=\/wp\/v2\/types\/post"}],"author":[{"embeddable":true,"href":"https:\/\/galeriedeparis.fr\/wp3_af\/index.php?rest_route=\/wp\/v2\/users\/1"}],"replies":[{"embeddable":true,"href":"https:\/\/galeriedeparis.fr\/wp3_af\/index.php?rest_route=%2Fwp%2Fv2%2Fcomments&post=204"}],"version-history":[{"count":2,"href":"https:\/\/galeriedeparis.fr\/wp3_af\/index.php?rest_route=\/wp\/v2\/posts\/204\/revisions"}],"predecessor-version":[{"id":1184,"href":"https:\/\/galeriedeparis.fr\/wp3_af\/index.php?rest_route=\/wp\/v2\/posts\/204\/revisions\/1184"}],"wp:featuredmedia":[{"embeddable":true,"href":"https:\/\/galeriedeparis.fr\/wp3_af\/index.php?rest_route=\/wp\/v2\/media\/200"}],"wp:attachment":[{"href":"https:\/\/galeriedeparis.fr\/wp3_af\/index.php?rest_route=%2Fwp%2Fv2%2Fmedia&parent=204"}],"wp:term":[{"taxonomy":"category","embeddable":true,"href":"https:\/\/galeriedeparis.fr\/wp3_af\/index.php?rest_route=%2Fwp%2Fv2%2Fcategories&post=204"},{"taxonomy":"post_tag","embeddable":true,"href":"https:\/\/galeriedeparis.fr\/wp3_af\/index.php?rest_route=%2Fwp%2Fv2%2Ftags&post=204"}],"curies":[{"name":"wp","href":"https:\/\/api.w.org\/{rel}","templated":true}]}}