{"id":2050,"date":"2018-07-04T16:47:22","date_gmt":"2018-07-04T15:47:22","guid":{"rendered":"https:\/\/galeriedeparis.fr\/wp3_af\/?p=2050"},"modified":"2018-07-29T22:57:59","modified_gmt":"2018-07-29T21:57:59","slug":"jardin-du-chateau-dainay-le-vieil-dedie-a-marie-sol-de-la-tour-dauvergne-a-moscow-flower-show","status":"publish","type":"post","link":"https:\/\/galeriedeparis.fr\/wp3_af\/?p=2050","title":{"rendered":"Anna presente une adaptation du jardin du Ch\u00e2teau d&rsquo;Ainay-le-Vieil d\u00e9di\u00e9e \u00e0 Marie-Sol de la Tour d&rsquo;Auvergne \u00e0 Moscow Flower Show"},"content":{"rendered":"<p><strong>Du 29 juin au 8 juillet 2018 \u00e0 Moscou dans le parc Mus\u00e9on se tient la plus grande et belle exposition-festival des jardins en Russie &#8211;<a href=\"http:\/\/flowershowmoscow.ru\/\" target=\"_blank\" rel=\"noopener noreferrer\"> Moscow Flower Show.<\/a><\/strong><\/p>\n<p>\u0421 29 \u043f\u043e 8 \u0438\u044e\u043b\u044f \u0432 \u043f\u0430\u0440\u043a\u0435 \u041c\u0443\u0437\u0435\u043e\u043d \u0432 \u041c\u043e\u0441\u043a\u0432\u0435 \u043d\u0430 <strong><a href=\"http:\/\/flowershowmoscow.ru\/\" target=\"_blank\" rel=\"noopener noreferrer\">Moscow Flower Show <\/a> \u0410\u043d\u043d\u0430 \u0424\u0438\u043b\u0438\u043c\u043e\u043d\u043e\u0432\u0430 \u043f\u0440\u0435\u0434\u0441\u0442\u0430\u0432\u0438\u043b\u0430\u00a0 \u0442\u0432\u043e\u0440\u0447\u0435\u0441\u043a\u0443\u044e \u0430\u0434\u0430\u043f\u0442\u0430\u0446\u0438\u044f \u0421\u0430\u0434\u0430 \u0438\u0437 \u0417\u0430\u043c\u043a\u0430 \u042d\u043d\u0435-\u043b\u0435-\u0412\u044c\u0435\u0439, \u043f\u043e\u0441\u0432\u044f\u0449\u0435\u043d\u043d\u0443\u044e \u043a\u043d\u044f\u0433\u0438\u043d\u0435 \u041c\u0430\u0440\u0438\u0441\u043e\u043b\u044c \u0434\u0435 \u043b\u044f \u0422\u0443\u0440 \u0434 \u041e\u0432\u0435\u0440\u043d\u044c &#8211; \u043e\u043f\u0438\u0441\u0430\u043d\u0438\u0435 \u043d\u0430 \u0440\u0443\u0441\u0441\u043a\u043e\u043c \u043d\u0438\u0436\u0435.<br \/>\n<\/strong><\/p>\n<p>Apr\u00e8s plusieurs ann\u00e9es du travail en coulisses pour les jardins fran\u00e7ais pr\u00e9sent\u00e9s au Festivals en Russie, en 2018 Anna Filimonova signe un jardin par son propre nom.<\/p>\n<figure id=\"attachment_2054\" aria-describedby=\"caption-attachment-2054\" style=\"width: 470px\" class=\"wp-caption aligncenter\"><a href=\"https:\/\/galeriedeparis.fr\/wp3_af\/wp-content\/uploads\/2018\/07\/jardin-MSTA-horisontal-photo-Claude-Pasquer.jpg\"><img loading=\"lazy\" decoding=\"async\" class=\"wp-image-2054\" src=\"https:\/\/galeriedeparis.fr\/wp3_af\/wp-content\/uploads\/2018\/07\/jardin-MSTA-horisontal-photo-Claude-Pasquer-300x225.jpg\" alt=\"\" width=\"470\" height=\"355\" \/><\/a><figcaption id=\"caption-attachment-2054\" class=\"wp-caption-text\">Marie-Sol de la Tour d&rsquo;Auvergne dans son jardin \u00e0 Moscow Flower Show<\/figcaption><\/figure>\n<p><a href=\"https:\/\/galeriedeparis.fr\/wp3_af\/wp-content\/uploads\/2018\/07\/AINAY-LE-VIEIL.3eme-chartreuse-St-Franc\u0327ois-dAssise-pre\u0302chant-aux-oiseaux-irisJCoeur2B.jpg\"><img loading=\"lazy\" decoding=\"async\" class=\"alignnone wp-image-2053\" src=\"https:\/\/galeriedeparis.fr\/wp3_af\/wp-content\/uploads\/2018\/07\/AINAY-LE-VIEIL.3eme-chartreuse-St-Franc\u0327ois-dAssise-pre\u0302chant-aux-oiseaux-irisJCoeur2B-300x225.jpg\" alt=\"\" width=\"240\" height=\"182\" \/><\/a><a href=\"https:\/\/galeriedeparis.fr\/wp3_af\/wp-content\/uploads\/2018\/07\/PHOTO-2018-06-30-12-03-23.jpg\"><img loading=\"lazy\" decoding=\"async\" class=\"alignnone wp-image-2051\" src=\"https:\/\/galeriedeparis.fr\/wp3_af\/wp-content\/uploads\/2018\/07\/PHOTO-2018-06-30-12-03-23-225x300.jpg\" alt=\"\" width=\"136\" height=\"179\" \/><\/a><a href=\"https:\/\/galeriedeparis.fr\/wp3_af\/wp-content\/uploads\/2018\/07\/PHOTO-2018-06-30-12-03-23-1.jpg\"><img loading=\"lazy\" decoding=\"async\" class=\"alignnone wp-image-2052\" src=\"https:\/\/galeriedeparis.fr\/wp3_af\/wp-content\/uploads\/2018\/07\/PHOTO-2018-06-30-12-03-23-1-225x300.jpg\" alt=\"\" width=\"135\" height=\"176\" \/><\/a><\/p>\n<p><strong>Alliant l&rsquo;art de paysage et la peinture ce jardin est une adaptation d&rsquo;un jardin se trouvant au<a href=\"http:\/\/chateau-ainaylevieil.fr\/\" target=\"_blank\" rel=\"noopener noreferrer\"> Ch\u00e2teau d&rsquo;Ainay-le-Vieil\u00a0 <\/a><\/strong><\/p>\n<p><strong>Ce Jardin est r\u00e9alis\u00e9<\/strong> sur<strong> l&rsquo;invitation de Karina Lazareva pr\u00e9sidente du Festival \u00a0\u00bb Moscow Flower Show\u00a0\u00bb\u00a0 dans un cadre des projets sp\u00e9ciaux, hors concours.<\/strong><\/p>\n<p><strong>Il est d\u00e9di\u00e9 \u00e0 Marie-Sol de La Tour d\u2019Auvergne, la propri\u00e9taire du ch\u00e2teau et cr\u00e9atrice de ses jardins, Vice Pr\u00e9sidente de la Fondation des Parcs et Jardins de France et amie fid\u00e8les des jardins et festivals russes. Pour la remercier de tout son d\u00e9vouement \u00e0 l\u2019amiti\u00e9 et\u00a0 les \u00e9changes franco-russes dans le domaine des jardins depuis 2010\u00a0 nous avons d\u00e9cid\u00e9 de l&rsquo;honorer par cette cr\u00e9ation.<br \/>\n<\/strong><\/p>\n<div class=\"\">\n<p><strong><strong>Visionnez le vid\u00e9o pr\u00e9sentant Marie-Sol de la Tour d&rsquo;Auvergne \u00e0 Moscow Flower Show pr\u00e9sentant son jardin\u00a0<\/strong><\/strong><\/p>\n<figure id=\"attachment_2066\" aria-describedby=\"caption-attachment-2066\" style=\"width: 300px\" class=\"wp-caption alignnone\"><a href=\"https:\/\/galeriedeparis.fr\/wp3_af\/?p=2050\" target=\"_blank\" rel=\"noopener noreferrer\"><img loading=\"lazy\" decoding=\"async\" class=\"size-medium wp-image-2066\" src=\"https:\/\/galeriedeparis.fr\/wp3_af\/wp-content\/uploads\/2018\/07\/mSTA-video-300x215.jpg\" alt=\"\" width=\"300\" height=\"215\" srcset=\"https:\/\/galeriedeparis.fr\/wp3_af\/wp-content\/uploads\/2018\/07\/mSTA-video-300x215.jpg 300w, https:\/\/galeriedeparis.fr\/wp3_af\/wp-content\/uploads\/2018\/07\/mSTA-video-768x550.jpg 768w, https:\/\/galeriedeparis.fr\/wp3_af\/wp-content\/uploads\/2018\/07\/mSTA-video-419x300.jpg 419w, https:\/\/galeriedeparis.fr\/wp3_af\/wp-content\/uploads\/2018\/07\/mSTA-video.jpg 802w\" sizes=\"auto, (max-width: 300px) 100vw, 300px\" \/><\/a><figcaption id=\"caption-attachment-2066\" class=\"wp-caption-text\">Moscow Flower Show, jardin du Ch\u00e2teau d&rsquo;Ainay-le-Vieil<\/figcaption><\/figure>\n<p><strong><a href=\"https:\/\/www.youtube.com\/watch?v=qhSiBPYmBEo&amp;feature=youtu.be\" target=\"_blank\" rel=\"noopener noreferrer\">https:\/\/www.youtube.com\/watch?v=qhSiBPYmBEo&amp;feature=youtu.be<\/a><\/strong><\/p>\n<\/div>\n<div class=\"\"><strong>et Merci pour ce vid\u00e9o r\u00e9alis\u00e9 par Claude Pasquer<\/strong><\/div>\n<div class=\"\"><\/div>\n<div class=\"\">plus<\/div>\n<div>\n<div class=\"\">\n<div class=\"\"><strong><em>Description en fran\u00e7ais:<\/em><\/strong> <br class=\"\" \/>Dans le parc paysager entourant l\u2019enceinte f\u00e9odale du ch\u00e2teau d\u2019Ainay-le-Vieil, les jardins d\u2019eau de la Renaissance entrainent le visiteur dans une promenade initiatique \u00e0 l\u2019art des jardins. Une structure architecturale ancienne surplombe les canaux et pr\u00e9sente dans ses cinq enclos, diff\u00e9rents jardins a th\u00e8mes. L\u2019un d\u2019eux, le Jardin de la M\u00e9ditation \u00e9voque les jardins du Moyen \u00c2ge et est organis\u00e9 autour d\u2019une fresque montrant \u00ab Saint-Fran\u00e7ois-d\u2019Assise pr\u00eachant les oiseaux \u00bb d\u2019apr\u00e8s Giotto. Elle rend hommage a quatre membres de la famille ayant tous joue un role significatif a Ainay et illustre l\u2019amour de la nature et des animaux qu\u2019ils avaient en commun : \u00a0\u00ab Georges -Henri l\u2019ami des oiseaux, G\u00e9raud le po\u00e8te, Jeanne l\u2019\u00e2me des lieux et Jean-Pierre l\u2019amoureux de la nature \u00bb. C\u2019est un jardin rempli d\u2019amour et de po\u00e9sie.<\/div>\n<div class=\"\">Ici le jardin d&rsquo;Ainay comme il est dans le ch\u00e2teau, cliquer sur les photos pour savoir plus: <a href=\"http:\/\/chateau-ainaylevieil.fr\/\" target=\"_blank\" rel=\"noopener noreferrer\"><img loading=\"lazy\" decoding=\"async\" class=\"alignnone wp-image-2062\" src=\"https:\/\/galeriedeparis.fr\/wp3_af\/wp-content\/uploads\/2018\/07\/AINAY-LE-VIEIL.3eme-chartreuse-St-Franc\u0327ois-dAssise-pre\u0302chant-aux-oiseaux4-300x225.jpeg\" alt=\"\" width=\"189\" height=\"145\" \/>\u00a0<\/a><a href=\"http:\/\/chateau-ainaylevieil.fr\/\" target=\"_blank\" rel=\"noopener noreferrer\"><img loading=\"lazy\" decoding=\"async\" class=\"alignnone wp-image-2035\" src=\"https:\/\/galeriedeparis.fr\/wp3_af\/wp-content\/uploads\/2018\/05\/AINAY-LE-VIEIL.3eme-chartreuse-St-Franc\u0327ois-dAssise-pre\u0302chant-aux-oiseaux-irisJCoeur2B-300x200.jpg\" alt=\"\" width=\"208\" height=\"147\" \/><\/a><\/div>\n<div class=\"\"><\/div>\n<\/div>\n<\/div>\n<p><strong>\u041e\u043f\u0438\u0441\u0430\u043d\u0438\u0435 \u0441\u0430\u0434\u0430 \u043d\u0430 \u0440\u0443\u0441\u0441\u043a\u043e\u043c <\/strong><\/p>\n<p><strong>\u041f\u043e\u0441\u0432\u044f\u0449\u0430\u0435\u0442\u0441\u044f \u041c\u0430\u0440\u0438\u0441\u043e\u043b\u044c \u0434\u0435 \u043b\u044f \u0422\u0443\u0440 \u0434\u2019 \u041e\u0432\u0435\u0440\u043d\u044c, \u0430\u0432\u0442\u043e\u0440\u0441\u043a\u0430\u044f \u0430\u0434\u0430\u043f\u0442\u0430\u0446\u0438\u044f \u0434\u043b\u044f\u00a0Moscow Flower Show \u0410\u043d\u043d\u044b \u0424\u0438\u043b\u0438\u043c\u043e\u043d\u043e\u0432\u043e\u0439.<\/strong><br \/>\n\u0412 \u043f\u0435\u0439\u0437\u0430\u0436\u043d\u043e\u043c \u043f\u0430\u0440\u043a\u0435, \u043e\u043a\u0440\u0443\u0436\u0430\u044e\u0449\u0435\u043c \u0444\u0435\u043e\u0434\u0430\u043b\u044c\u043d\u044b\u0435 \u043a\u0440\u0435\u043f\u043e\u0441\u0442\u043d\u044b\u0435 \u0441\u0442\u0435\u043d\u044b \u0437\u0430\u043c\u043a\u0430 \u042d\u043d\u0435-\u043b\u0435-\u0412\u044c\u0435\u0439, \u0440\u0430\u0441\u043a\u0438\u043d\u0443\u043b\u0438\u0441\u044c \u0432\u043e\u0434\u043d\u044b\u0435 \u0441\u0430\u0434\u044b \u0420\u0435\u043d\u0435\u0441\u0441\u0430\u043d\u0441\u0430, \u043e\u043d\u0438 \u043f\u0440\u0438\u0433\u043b\u0430\u0448\u0430\u044e\u0442 \u043f\u043e\u0441\u0435\u0442\u0438\u0442\u0435\u043b\u044f \u043d\u0430 \u043f\u0440\u043e\u0433\u0443\u043b\u043a\u0443 \u043f\u043e \u0438\u0441\u0442\u043e\u0440\u0438\u0438 \u0441\u0430\u0434\u043e\u0432\u043e\u0433\u043e \u0438\u0441\u043a\u0443\u0441\u0441\u0442\u0432\u0430. \u00a0\u0421\u0442\u0430\u0440\u0438\u043d\u043d\u0430\u044f \u043a\u0430\u043c\u0435\u043d\u043d\u0430\u044f \u043f\u043e\u0441\u0442\u0440\u043e\u0439\u043a\u0430, \u0441\u043e\u0445\u0440\u0430\u043d\u0438\u0432\u0448\u0430\u044f\u0441\u044f \u0437\u0430 \u043a\u0430\u043d\u0430\u043b\u0430\u043c\u0438, \u043f\u0440\u0435\u0434\u0441\u0442\u0430\u0432\u043b\u044f\u0435\u0442 \u0441\u043e\u0431\u043e\u0439 5 \u043a\u043e\u043c\u043d\u0430\u0442 &#8211; 5 \u0428\u0430\u0440\u0442\u0440\u0435\u0437 \u043f\u043e\u0434 \u043e\u0442\u043a\u0440\u044b\u0442\u044b\u043c \u043d\u0435\u0431\u043e\u043c, \u043a\u0430\u0436\u0434\u0430\u044f \u0441\u043e\u0434\u0435\u0440\u0436\u0438\u0442 \u0441\u0430\u0434, \u043f\u043e\u0441\u0432\u044f\u0449\u0435\u043d\u043d\u044b\u0439 \u0442\u0435\u043c\u0435 \u0438\u0437 \u0438\u0441\u0442\u043e\u0440\u0438\u0438 \u0441\u0430\u0434\u043e\u0432. \u041e\u0434\u043d\u0430 \u0438\u0437 \u043a\u043e\u043c\u043d\u0430\u0442 \u2013 \u00ab\u0441\u0430\u0434 \u043c\u0435\u0434\u0438\u0442\u0430\u0446\u0438\u0439\u00bb \u043d\u0430\u043f\u043e\u043c\u0438\u043d\u0430\u0435\u0442 \u0441\u0430\u0434\u044b \u0421\u0440\u0435\u0434\u043d\u0435\u0432\u0435\u043a\u043e\u0432\u044c\u044f, \u044d\u0442\u043e\u0442 \u0441\u0430\u0434 \u043e\u0440\u0433\u0430\u043d\u0438\u0437\u043e\u0432\u0430\u043d \u0432\u043e\u043a\u0440\u0443\u0433 \u0444\u0440\u0435\u0441\u043a\u0438, \u043f\u0440\u0435\u0434\u0441\u0442\u0430\u0432\u043b\u044f\u044e\u0449\u0435\u0439 \u0421\u0432\u044f\u0442\u043e\u0433\u043e \u0424\u0440\u0430\u043d\u0446\u0438\u0441\u043a\u0430 \u0410\u0441\u0441\u0438\u0441\u043a\u043e\u0433\u043e, \u0447\u0438\u0442\u0430\u044e\u0449\u0435\u0433\u043e \u043f\u0440\u043e\u043f\u043e\u0432\u0435\u0434\u044c \u043f\u0442\u0438\u0446\u0430\u043c, \u043f\u043e \u043c\u043e\u0442\u0438\u0432\u0430\u043c \u0438\u0437\u0432\u0435\u0441\u0442\u043d\u043e\u0439 \u043e\u0434\u043d\u043e\u0438\u043c\u0435\u043d\u043d\u043e\u0439 \u0444\u0440\u0435\u0441\u043a\u0438 \u0414\u0436\u043e\u0442\u0442\u043e. \u042d\u0442\u0430 \u0444\u0440\u0435\u0441\u043a\u0430 \u044f\u0432\u043b\u044f\u0435\u0442\u0441\u044f \u0434\u0430\u043d\u044c\u044e \u0447\u0435\u0441\u0442\u0438 \u0447\u0435\u0442\u044b\u0440\u0435\u043c \u0447\u043b\u0435\u043d\u0430\u043c \u0441\u0435\u043c\u044c\u0438 \u0432\u043b\u0430\u0434\u0435\u043b\u044c\u0446\u0435\u0432 \u0437\u0430\u043c\u043a\u0430, \u043a\u0430\u0436\u0434\u044b\u0439 \u0438\u0437 \u043a\u043e\u0442\u043e\u0440\u044b\u0445 \u0441\u044b\u0433\u0440\u0430\u043b \u043e\u0441\u043e\u0431\u043e \u0432\u0430\u0436\u043d\u0443\u044e \u0440\u043e\u043b\u044c \u0432 \u042d\u043d\u0435, \u0430 \u0442\u0430\u043a\u0436\u0435 \u0438\u043b\u043b\u044e\u0441\u0442\u0440\u0438\u0440\u0443\u0435\u0442 \u043b\u044e\u0431\u043e\u0432\u044c \u043a \u043f\u0440\u0438\u0440\u043e\u0434\u0435 \u0438 \u0436\u0438\u0432\u043e\u0442\u043d\u044b\u043c, \u043a\u043e\u0442\u043e\u0440\u0430\u044f \u043e\u0431\u044a\u0435\u0434\u0438\u043d\u044f\u043b\u0430 \u0438\u0445 \u0432\u0441\u0435\u0445. \u0416\u043e\u0440\u0436-\u0410\u043d\u0440\u0438, \u0434\u0440\u0443\u0433 \u043f\u0442\u0438\u0446, \u0416\u0435\u0440\u043e-\u043f\u043e\u044d\u0442, \u0416\u0430\u043d\u043d\u0430-\u0434\u0443\u0448\u0430 \u044d\u0442\u043e \u0437\u0430\u043c\u043a\u0430 \u043a\u0430\u043a \u0441\u0435\u043c\u0435\u0439\u043d\u043e\u0433\u043e \u0434\u043e\u043c\u0430 \u0438 \u0416\u0430\u043d-\u041f\u044c\u0435\u0440, \u0432\u043b\u044e\u0431\u043b\u0435\u043d\u043d\u044b\u0439 \u0432 \u043f\u0440\u0438\u0440\u043e\u0434\u0443. \u042d\u0442\u043e\u0442 \u0441\u0430\u0434 \u0432 \u0417\u0430\u043c\u043a\u0435 \u043f\u043e\u043b\u043e\u043d \u043b\u044e\u0431\u0432\u0438, \u043f\u043e\u044d\u0437\u0438\u0438 \u0438 \u0433\u0430\u0440\u043c\u043e\u043d\u0438\u0438.<\/p>\n<p>\u041d\u0435\u043c\u043d\u043e\u0433\u043e \u043e \u0432\u044b\u0441\u0442\u0430\u0432\u043a\u0435\u00a0 \u0432 2018 \u0433\u043e\u0434\u0443\u00a0 <a href=\"http:\/\/www.gardener.ru\/events\/exhibition\/cat2091.php?&amp;print=1\" target=\"_blank\" rel=\"noopener noreferrer\">http:\/\/www.gardener.ru\/events\/exhibition\/cat2091.php?&amp;print=1<\/a><\/p>\n<p>&nbsp;<\/p>\n","protected":false},"excerpt":{"rendered":"<p>Du 29 juin au 8 juillet 2018 \u00e0 Moscou dans le parc Mus\u00e9on se tient la plus grande et belle exposition-festival des jardins en Russie &#8211; Moscow Flower Show. \u0421 29 \u043f\u043e 8 \u0438\u044e\u043b\u044f \u0432 \u043f\u0430\u0440\u043a\u0435 \u041c\u0443\u0437\u0435\u043e\u043d \u0432 \u041c\u043e\u0441\u043a\u0432\u0435 \u043d\u0430 Moscow Flower Show \u0410\u043d\u043d\u0430 \u0424\u0438\u043b\u0438\u043c\u043e\u043d\u043e\u0432\u0430 \u043f\u0440\u0435\u0434\u0441\u0442\u0430\u0432\u0438\u043b\u0430\u00a0 \u0442\u0432\u043e\u0440\u0447\u0435\u0441\u043a\u0443\u044e \u0430\u0434\u0430\u043f\u0442\u0430\u0446\u0438\u044f \u0421\u0430\u0434\u0430 \u0438\u0437 \u0417\u0430\u043c\u043a\u0430 \u042d\u043d\u0435-\u043b\u0435-\u0412\u044c\u0435\u0439, \u043f\u043e\u0441\u0432\u044f\u0449\u0435\u043d\u043d\u0443\u044e \u043a\u043d\u044f\u0433\u0438\u043d\u0435 \u041c\u0430\u0440\u0438\u0441\u043e\u043b\u044c &hellip; <\/p>\n<p class=\"link-more\"><a href=\"https:\/\/galeriedeparis.fr\/wp3_af\/?p=2050\" class=\"more-link\">Continuer la lecture<span class=\"screen-reader-text\"> de &laquo;&nbsp;Anna presente une adaptation du jardin du Ch\u00e2teau d&rsquo;Ainay-le-Vieil d\u00e9di\u00e9e \u00e0 Marie-Sol de la Tour d&rsquo;Auvergne \u00e0 Moscow Flower Show&nbsp;&raquo;<\/span><\/a><\/p>\n","protected":false},"author":2,"featured_media":2051,"comment_status":"closed","ping_status":"closed","sticky":false,"template":"","format":"standard","meta":{"footnotes":""},"categories":[261,66,12,1],"tags":[],"class_list":["post-2050","post","type-post","status-publish","format-standard","has-post-thumbnail","hentry","category-a-la-une","category-c34-filimonova-anna","category-expositions","category-non-classe"],"_links":{"self":[{"href":"https:\/\/galeriedeparis.fr\/wp3_af\/index.php?rest_route=\/wp\/v2\/posts\/2050","targetHints":{"allow":["GET"]}}],"collection":[{"href":"https:\/\/galeriedeparis.fr\/wp3_af\/index.php?rest_route=\/wp\/v2\/posts"}],"about":[{"href":"https:\/\/galeriedeparis.fr\/wp3_af\/index.php?rest_route=\/wp\/v2\/types\/post"}],"author":[{"embeddable":true,"href":"https:\/\/galeriedeparis.fr\/wp3_af\/index.php?rest_route=\/wp\/v2\/users\/2"}],"replies":[{"embeddable":true,"href":"https:\/\/galeriedeparis.fr\/wp3_af\/index.php?rest_route=%2Fwp%2Fv2%2Fcomments&post=2050"}],"version-history":[{"count":13,"href":"https:\/\/galeriedeparis.fr\/wp3_af\/index.php?rest_route=\/wp\/v2\/posts\/2050\/revisions"}],"predecessor-version":[{"id":2057,"href":"https:\/\/galeriedeparis.fr\/wp3_af\/index.php?rest_route=\/wp\/v2\/posts\/2050\/revisions\/2057"}],"wp:featuredmedia":[{"embeddable":true,"href":"https:\/\/galeriedeparis.fr\/wp3_af\/index.php?rest_route=\/wp\/v2\/media\/2051"}],"wp:attachment":[{"href":"https:\/\/galeriedeparis.fr\/wp3_af\/index.php?rest_route=%2Fwp%2Fv2%2Fmedia&parent=2050"}],"wp:term":[{"taxonomy":"category","embeddable":true,"href":"https:\/\/galeriedeparis.fr\/wp3_af\/index.php?rest_route=%2Fwp%2Fv2%2Fcategories&post=2050"},{"taxonomy":"post_tag","embeddable":true,"href":"https:\/\/galeriedeparis.fr\/wp3_af\/index.php?rest_route=%2Fwp%2Fv2%2Ftags&post=2050"}],"curies":[{"name":"wp","href":"https:\/\/api.w.org\/{rel}","templated":true}]}}