{"id":206,"date":"2004-02-07T00:00:00","date_gmt":"2004-02-06T23:00:00","guid":{"rendered":"http:\/\/galeriedeparis.fr\/wp3_af\/?p=206"},"modified":"2013-11-02T11:45:11","modified_gmt":"2013-11-02T10:45:11","slug":"amours-urbains","status":"publish","type":"post","link":"https:\/\/galeriedeparis.fr\/wp3_af\/?p=206","title":{"rendered":"Amours Urbains &#8211; Mairie du Ve de Paris &#8211; F\u00e9vrier 2001"},"content":{"rendered":"<p>http:\/\/crossline.com\/filimonova\/mairiev.htm<\/p>\n<p>Anna Filimonova \u00e0 la Mairie du V\u00e8me, Paris<\/p>\n<div align=\"center\"><\/div>\n<div align=\"left\">\n<table style=\"width: 763px;\" border=\"0\" cellspacing=\"0\" cellpadding=\"0\" bgcolor=\"#c0c0c0\">\n<tbody>\n<tr>\n<td width=\"546\"><img loading=\"lazy\" decoding=\"async\" class=\" size-full wp-image-205\" alt=\"parisjou.gif (257262 octets)\" src=\"http:\/\/galeriedeparis.fr\/wp3_af\/wp-content\/uploads\/2004\/02\/crossline.com_filimonova_mairieV_parisjou.gif\" width=\"544\" height=\"785\" border=\"0\" \/><\/td>\n<td align=\"center\" valign=\"top\" bgcolor=\"#c0c0c0\" width=\"217\"><span style=\"color: #800000;\"><strong>Du 7 au 24 f\u00e9vrier 2001<\/strong><br \/>\n\u00e0 la Mairie du V<span style=\"vertical-align: super;\">\u00e8me<\/span> arrondissement<br \/>\n12, place du Panth\u00e9on,<\/span><span style=\"color: #800000;\"> <strong>Anna Filimonova<\/strong> a pr\u00e9sent\u00e9<br \/>\nune nouvelle s\u00e9rie d&rsquo;oeuvres<br \/>\nsur papiers exotiques<br \/>\nintitul\u00e9e <strong>\u00ab\u00a0Amours Urbains\u00a0\u00bb<\/strong><\/span><\/p>\n<p><span style=\"color: #008080;\"><em>From February 7 until 24 2001<br \/>\nin the City-hall<br \/>\nof V arrondissement of Paris<br \/>\n12, place du Panth\u00e9on<br \/>\n<strong>Anna Filimonova<\/strong> presented the new serie of workks on paper\u00a0\u00bb<br \/>\n<strong>\u00ab\u00a0Urban lovers\u00a0\u00bb<\/strong><\/em><\/span><\/p>\n<p><span style=\"color: #800000;\">ci-contre:<br \/>\nextrait du journal municipal de Paris, et les photos d&rsquo;Anna le jour du vernissage avec ses invit\u00e9s.<\/span><\/p>\n<p><span style=\"color: #800000;\">Cliquez<a href=\"mairi5.htm\"> ici<\/a> pour voir<br \/>\nd&rsquo;autres photos du vernissage<br \/>\net l&rsquo;extrait du dossier<br \/>\nsur<br \/>\n<strong>Anna Filimonova<\/strong> par<br \/>\n<strong>Laurence Morechand<\/strong>,<br \/>\nr\u00e9dactrice en chef de<br \/>\n<strong>\u00ab\u00a0Femme Artiste International\u00a0\u00bb<br \/>\n<\/strong>revue trimestriel d&rsquo;art<br \/>\ndes femmes \u00e0 travers le monde.<br \/>\n<\/span><\/p>\n<p><em><span style=\"color: #008080;\">To see more photos and to read the article of Laurence Morechand, editor-in chief of<br \/>\n\u00ab\u00a0Women Artist International\u00a0\u00bb magasine<br \/>\nabout Anna FIlimonova works in this show, <\/span><\/em><\/td>\n<\/tr>\n<tr>\n<td width=\"546\"><\/td>\n<td width=\"217\"><a href=\"NewFCC\/index.htm\"><span style=\"color: #800000;\"><strong>\u00a0<\/strong><\/span><\/a><\/td>\n<\/tr>\n<\/tbody>\n<\/table>\n<\/div>\n","protected":false},"excerpt":{"rendered":"<p>http:\/\/crossline.com\/filimonova\/mairiev.htm Anna Filimonova \u00e0 la Mairie du V\u00e8me, Paris Du 7 au 24 f\u00e9vrier 2001 \u00e0 la Mairie du V\u00e8me arrondissement 12, place du Panth\u00e9on, Anna Filimonova a pr\u00e9sent\u00e9 une nouvelle s\u00e9rie d&rsquo;oeuvres sur papiers exotiques intitul\u00e9e \u00ab\u00a0Amours Urbains\u00a0\u00bb From February 7 until 24 2001 in the City-hall of V arrondissement of Paris 12, place &hellip; <\/p>\n<p class=\"link-more\"><a href=\"https:\/\/galeriedeparis.fr\/wp3_af\/?p=206\" class=\"more-link\">Continuer la lecture<span class=\"screen-reader-text\"> de &laquo;&nbsp;Amours Urbains &#8211; Mairie du Ve de Paris &#8211; F\u00e9vrier 2001&nbsp;&raquo;<\/span><\/a><\/p>\n","protected":false},"author":1,"featured_media":205,"comment_status":"open","ping_status":"open","sticky":false,"template":"","format":"standard","meta":{"footnotes":""},"categories":[66],"tags":[32,241,29,242,35],"class_list":["post-206","post","type-post","status-publish","format-standard","has-post-thumbnail","hentry","category-c34-filimonova-anna","tag-filimonova","tag-mairie-du-v","tag-paris","tag-place-du-pantheon","tag-russie"],"_links":{"self":[{"href":"https:\/\/galeriedeparis.fr\/wp3_af\/index.php?rest_route=\/wp\/v2\/posts\/206","targetHints":{"allow":["GET"]}}],"collection":[{"href":"https:\/\/galeriedeparis.fr\/wp3_af\/index.php?rest_route=\/wp\/v2\/posts"}],"about":[{"href":"https:\/\/galeriedeparis.fr\/wp3_af\/index.php?rest_route=\/wp\/v2\/types\/post"}],"author":[{"embeddable":true,"href":"https:\/\/galeriedeparis.fr\/wp3_af\/index.php?rest_route=\/wp\/v2\/users\/1"}],"replies":[{"embeddable":true,"href":"https:\/\/galeriedeparis.fr\/wp3_af\/index.php?rest_route=%2Fwp%2Fv2%2Fcomments&post=206"}],"version-history":[{"count":3,"href":"https:\/\/galeriedeparis.fr\/wp3_af\/index.php?rest_route=\/wp\/v2\/posts\/206\/revisions"}],"predecessor-version":[{"id":1195,"href":"https:\/\/galeriedeparis.fr\/wp3_af\/index.php?rest_route=\/wp\/v2\/posts\/206\/revisions\/1195"}],"wp:featuredmedia":[{"embeddable":true,"href":"https:\/\/galeriedeparis.fr\/wp3_af\/index.php?rest_route=\/wp\/v2\/media\/205"}],"wp:attachment":[{"href":"https:\/\/galeriedeparis.fr\/wp3_af\/index.php?rest_route=%2Fwp%2Fv2%2Fmedia&parent=206"}],"wp:term":[{"taxonomy":"category","embeddable":true,"href":"https:\/\/galeriedeparis.fr\/wp3_af\/index.php?rest_route=%2Fwp%2Fv2%2Fcategories&post=206"},{"taxonomy":"post_tag","embeddable":true,"href":"https:\/\/galeriedeparis.fr\/wp3_af\/index.php?rest_route=%2Fwp%2Fv2%2Ftags&post=206"}],"curies":[{"name":"wp","href":"https:\/\/api.w.org\/{rel}","templated":true}]}}