{"id":2139,"date":"2018-09-29T16:03:25","date_gmt":"2018-09-29T15:03:25","guid":{"rendered":"https:\/\/galeriedeparis.fr\/wp3_af\/?p=2139"},"modified":"2018-10-09T08:53:23","modified_gmt":"2018-10-09T07:53:23","slug":"retrouvez-anna-filimonova-salon-dautomne-2018-du-jeudi-25-au-dimanche-28-octobre-2018","status":"publish","type":"post","link":"https:\/\/galeriedeparis.fr\/wp3_af\/?p=2139","title":{"rendered":"Retrouvez Anna Filimonova Salon d&rsquo;Automne 2018 du jeudi 25 au dimanche 28 octobre 2018"},"content":{"rendered":"<p style=\"text-align: center;\">Chers amis,<\/p>\n<p style=\"text-align: center;\">j&rsquo;ai le plaisir de vous convier \u00e0 retrouver mon oeuvre <a href=\"http:\/\/www.philharmonique-oise.fr\/l-orchestre\/\" target=\"_blank\" rel=\"noopener\">\u00ab\u00a0L&rsquo;orchestre symphonique de l&rsquo;Oise<\/a> sous le D\u00f4me de Chantilly\u00a0du jeudi 25 au dimanche 28 octobre 2018<\/p>\n<p style=\"text-align: center;\">\u00a0au Salon d&rsquo;Automne 2018.<\/p>\n<figure id=\"attachment_2016\" aria-describedby=\"caption-attachment-2016\" style=\"width: 485px\" class=\"wp-caption aligncenter\"><a href=\"https:\/\/galeriedeparis.fr\/wp3_af\/wp-content\/uploads\/2018\/05\/FullSizeRender-1.jpg\"><img loading=\"lazy\" decoding=\"async\" class=\" wp-image-2016\" src=\"https:\/\/galeriedeparis.fr\/wp3_af\/wp-content\/uploads\/2018\/05\/FullSizeRender-1-300x154.jpg\" alt=\"L'Orchestre Symphonique de l'Oise sous le D\u00f4me de Chantilly\" width=\"485\" height=\"249\" srcset=\"https:\/\/galeriedeparis.fr\/wp3_af\/wp-content\/uploads\/2018\/05\/FullSizeRender-1-300x154.jpg 300w, https:\/\/galeriedeparis.fr\/wp3_af\/wp-content\/uploads\/2018\/05\/FullSizeRender-1-768x393.jpg 768w, https:\/\/galeriedeparis.fr\/wp3_af\/wp-content\/uploads\/2018\/05\/FullSizeRender-1-1024x524.jpg 1024w, https:\/\/galeriedeparis.fr\/wp3_af\/wp-content\/uploads\/2018\/05\/FullSizeRender-1-500x256.jpg 500w\" sizes=\"auto, (max-width: 485px) 100vw, 485px\" \/><\/a><figcaption id=\"caption-attachment-2016\" class=\"wp-caption-text\">L&rsquo;Orchestre Symphonique de l&rsquo;Oise sous le D\u00f4me de Chantilly<\/figcaption><\/figure>\n<p>Le Salon se tiendra sur l\u2019avenue des Champs Elys\u00e9es sous chapiteaux entre les places Georges Clemenceau et Concorde.<br \/>\nEntr\u00e9e libre et gratuite par la place Georges Clemenceau c\u00f4t\u00e9 Petit Palais.<\/p>\n<div class=\"fusion-text\">\n<h1>Plus d&rsquo;infos sur :\u00a0<a href=\"https:\/\/www.salon-automne.com\/fr\/prochain-salon\/\" target=\"_blank\" rel=\"noopener\">https:\/\/www.salon-automne.com\/fr\/prochain-salon\/<\/a><\/h1>\n<\/div>\n<p><a href=\"http:\/\/www.philharmonique-oise.fr\/actualites\/\" target=\"_blank\" rel=\"noopener\">j&rsquo;ai cr\u00e9e ce triptyque apr\u00e8s avoir assist\u00e9 au concert exceptionnel de l&rsquo;Orchestre sous la direction de Thierry Pelican<\/a><\/p>\n<p>Deux partie du triptyque seront pr\u00e9sent\u00e9es au Salon d&rsquo;Automne<\/p>\n<p>Cette oeuvre\u00a0 a \u00e9t\u00e9 pr\u00e9sent\u00e9e pour la premi\u00e8re fois lors de mon exposition personnelle\u00a0 r\u00e9cente \u00a0\u00bb Couleurs de la Musique\u00a0\u00bb \u00e0 Nancy<\/p>\n<p><a href=\"https:\/\/galeriedeparis.fr\/wp3_af\/wp-content\/uploads\/2018\/05\/groupe-devant-tableau-de-Veroniqua.jpg\"><img loading=\"lazy\" decoding=\"async\" class=\"alignnone size-medium wp-image-2042\" src=\"https:\/\/galeriedeparis.fr\/wp3_af\/wp-content\/uploads\/2018\/05\/groupe-devant-tableau-de-Veroniqua-300x225.jpg\" alt=\"\" width=\"300\" height=\"225\" srcset=\"https:\/\/galeriedeparis.fr\/wp3_af\/wp-content\/uploads\/2018\/05\/groupe-devant-tableau-de-Veroniqua-300x225.jpg 300w, https:\/\/galeriedeparis.fr\/wp3_af\/wp-content\/uploads\/2018\/05\/groupe-devant-tableau-de-Veroniqua-768x576.jpg 768w, https:\/\/galeriedeparis.fr\/wp3_af\/wp-content\/uploads\/2018\/05\/groupe-devant-tableau-de-Veroniqua-400x300.jpg 400w, https:\/\/galeriedeparis.fr\/wp3_af\/wp-content\/uploads\/2018\/05\/groupe-devant-tableau-de-Veroniqua.jpg 960w\" sizes=\"auto, (max-width: 300px) 100vw, 300px\" \/><\/a><\/p>\n<p>Une amiti\u00e9 d\u00e9j\u00e0 ancienne me r\u00e9unit avec cet orchestre pour qui j&rsquo;ai d\u00e9ja r\u00e9alis\u00e9 les oeuvres et qui a\u00a0 aussi mis mon tableau sur la couverture de sa brochure au sujet de la fresque musicale sur la grande guerre en 2014.<\/p>\n<p><a href=\"https:\/\/galeriedeparis.fr\/wp3_af\/wp-content\/uploads\/2018\/08\/fresque-musicale-orchetre-oise.jpg\"><img loading=\"lazy\" decoding=\"async\" class=\"alignnone size-medium wp-image-2170\" src=\"https:\/\/galeriedeparis.fr\/wp3_af\/wp-content\/uploads\/2018\/08\/fresque-musicale-orchetre-oise-202x300.jpg\" alt=\"\" width=\"202\" height=\"300\" srcset=\"https:\/\/galeriedeparis.fr\/wp3_af\/wp-content\/uploads\/2018\/08\/fresque-musicale-orchetre-oise-202x300.jpg 202w, https:\/\/galeriedeparis.fr\/wp3_af\/wp-content\/uploads\/2018\/08\/fresque-musicale-orchetre-oise.jpg 528w\" sizes=\"auto, (max-width: 202px) 100vw, 202px\" \/><\/a><\/p>\n<p>&nbsp;<\/p>\n<div class=\"fusion-text\">\n<h1><\/h1>\n<pre>Pour sa 115\u00e8me \u00e9dition, le tr\u00e8s renomm\u00e9 Salon d\u2019Automne vous invite du jeudi 25 au dimanche 28 octobre 2018 pour (re)d\u00e9couvrir l\u2019Art d\u2019aujourd\u2019hui et de demain.\r\nUne importante programmation culturelle a lieu pendant toute la dur\u00e9e de l\u2019\u00e9v\u00e8nement alliant conf\u00e9rences, d\u00e9bats, musiques, d\u00e9fil\u00e9s de mode, performances.\r\nFort de deux grandes personnalit\u00e9s, <strong>Fran\u00e7ois Cheng<\/strong>, parrain de cette 115\u00e8me \u00e9dition, <b>Franquin<\/b>\u00a0invit\u00e9 d\u2019honneur,\u00a0le Salon d\u2019Automne 2018 se veut le lieu de la Rencontre\u00a0: la rencontre entre des Arts, des artistes, des professionnels du monde l\u2019art, mais surtout, la rencontre entre les Arts et son public.<\/pre>\n<\/div>\n","protected":false},"excerpt":{"rendered":"<p>Chers amis, j&rsquo;ai le plaisir de vous convier \u00e0 retrouver mon oeuvre \u00ab\u00a0L&rsquo;orchestre symphonique de l&rsquo;Oise sous le D\u00f4me de Chantilly\u00a0du jeudi 25 au dimanche 28 octobre 2018 \u00a0au Salon d&rsquo;Automne 2018. Le Salon se tiendra sur l\u2019avenue des Champs Elys\u00e9es sous chapiteaux entre les places Georges Clemenceau et Concorde. Entr\u00e9e libre et gratuite par &hellip; <\/p>\n<p class=\"link-more\"><a href=\"https:\/\/galeriedeparis.fr\/wp3_af\/?p=2139\" class=\"more-link\">Continuer la lecture<span class=\"screen-reader-text\"> de &laquo;&nbsp;Retrouvez Anna Filimonova Salon d&rsquo;Automne 2018 du jeudi 25 au dimanche 28 octobre 2018&nbsp;&raquo;<\/span><\/a><\/p>\n","protected":false},"author":3,"featured_media":0,"comment_status":"closed","ping_status":"closed","sticky":false,"template":"","format":"standard","meta":{"footnotes":""},"categories":[12],"tags":[],"class_list":["post-2139","post","type-post","status-publish","format-standard","hentry","category-expositions"],"_links":{"self":[{"href":"https:\/\/galeriedeparis.fr\/wp3_af\/index.php?rest_route=\/wp\/v2\/posts\/2139","targetHints":{"allow":["GET"]}}],"collection":[{"href":"https:\/\/galeriedeparis.fr\/wp3_af\/index.php?rest_route=\/wp\/v2\/posts"}],"about":[{"href":"https:\/\/galeriedeparis.fr\/wp3_af\/index.php?rest_route=\/wp\/v2\/types\/post"}],"author":[{"embeddable":true,"href":"https:\/\/galeriedeparis.fr\/wp3_af\/index.php?rest_route=\/wp\/v2\/users\/3"}],"replies":[{"embeddable":true,"href":"https:\/\/galeriedeparis.fr\/wp3_af\/index.php?rest_route=%2Fwp%2Fv2%2Fcomments&post=2139"}],"version-history":[{"count":4,"href":"https:\/\/galeriedeparis.fr\/wp3_af\/index.php?rest_route=\/wp\/v2\/posts\/2139\/revisions"}],"predecessor-version":[{"id":2167,"href":"https:\/\/galeriedeparis.fr\/wp3_af\/index.php?rest_route=\/wp\/v2\/posts\/2139\/revisions\/2167"}],"wp:attachment":[{"href":"https:\/\/galeriedeparis.fr\/wp3_af\/index.php?rest_route=%2Fwp%2Fv2%2Fmedia&parent=2139"}],"wp:term":[{"taxonomy":"category","embeddable":true,"href":"https:\/\/galeriedeparis.fr\/wp3_af\/index.php?rest_route=%2Fwp%2Fv2%2Fcategories&post=2139"},{"taxonomy":"post_tag","embeddable":true,"href":"https:\/\/galeriedeparis.fr\/wp3_af\/index.php?rest_route=%2Fwp%2Fv2%2Ftags&post=2139"}],"curies":[{"name":"wp","href":"https:\/\/api.w.org\/{rel}","templated":true}]}}