{"id":2224,"date":"2018-10-09T08:51:38","date_gmt":"2018-10-09T07:51:38","guid":{"rendered":"https:\/\/galeriedeparis.fr\/wp3_af\/?p=2224"},"modified":"2019-03-03T15:25:42","modified_gmt":"2019-03-03T14:25:42","slug":"anna-filimonova-selectionnee-par-lacademie-jacques-boitiat-pour-participer-au-grand-prix-de-barbizon-2018","status":"publish","type":"post","link":"https:\/\/galeriedeparis.fr\/wp3_af\/?p=2224","title":{"rendered":"Anna Filimonova s\u00e9lectionn\u00e9e par l&rsquo;Acad\u00e9mie Jacques Boitiat pour participer au Grand Prix de Barbizon 2018"},"content":{"rendered":"<p>Retrouvez les\u00a0 oeuvres d&rsquo;Anna \u00e0 l&rsquo;exposition annuelle de l&rsquo;Acad\u00e9mie Jacques Boitiat<br \/>\ndu 20 au 28 octobre 2018 dans l&rsquo;Espace Culturel Marc Jacquet dans le c\u00e9l\u00e8bre village de \u00a0Barbizon au sud de la r\u00e9gion Parisienne.<\/p>\n<pre><span style=\"color: #0000ff;\"><strong>Vernissage : le samedi 20 octobre 2018 \u00e0 11h30\u00a0<\/strong><\/span>\r\n\r\nEspace Culturel de Barbizon, Place M. Jacquet, 77630 Barbizon\r\n\r\n<\/pre>\n<p>S\u00e9lectionn\u00e9e par l&rsquo;Acad\u00e9mie Jacques Boitiat pour participer au\u00a0 Grand Prix de Barbizon 2018 Anna y pr\u00e9sentera le portrait de la chanteuse russe Veronika Bulicheva qu&rsquo;on peut d&rsquo;ailleurs \u00e9couter en concert le 28 octobre \u00e0 Paris. en savoir plus :<a href=\"https:\/\/mailchi.mp\/e6cf36faa6c8\/histoire-de-cration-de-lep-of-the-ural-veronina-bulycheva?e=57a3174256\" target=\"_blank\" rel=\"noopener\">\u00a0 https:\/\/mailchi.mp\/e6cf36faa6c8\/histoire-de-cration-de-lep-of-the-ural-veronina-bulycheva?e=57a3174256<\/a><\/p>\n<figure id=\"attachment_2014\" aria-describedby=\"caption-attachment-2014\" style=\"width: 505px\" class=\"wp-caption aligncenter\"><a href=\"https:\/\/galeriedeparis.fr\/wp3_af\/wp-content\/uploads\/2018\/05\/Veronkia-Boulicheva-romance-non-il-ne-maimait-pas-.jpg\"><img loading=\"lazy\" decoding=\"async\" class=\" wp-image-2014\" src=\"https:\/\/galeriedeparis.fr\/wp3_af\/wp-content\/uploads\/2018\/05\/Veronkia-Boulicheva-romance-non-il-ne-maimait-pas--219x300.jpg\" alt=\"\" width=\"505\" height=\"692\" \/><\/a><figcaption id=\"caption-attachment-2014\" class=\"wp-caption-text\">Portrait de Veronika Boulicheva chantant la romance tsigane \u00a0\u00bb Non, il ne m&rsquo;aimait pas vraiment\u00a0\u00bb<\/figcaption><\/figure>\n<p><a href=\"https:\/\/galeriedeparis.fr\/wp3_af\/wp-content\/uploads\/2018\/10\/expo-Anna-a-Barbizon-Boitat.jpg\"><img loading=\"lazy\" decoding=\"async\" class=\"wp-image-2415 aligncenter\" src=\"https:\/\/galeriedeparis.fr\/wp3_af\/wp-content\/uploads\/2018\/10\/expo-Anna-a-Barbizon-Boitat-300x169.jpg\" alt=\"oeuves d'Anna Filimonova \u00e0 l'exposition de l'Acad\u00e9mie Boitat \" width=\"426\" height=\"240\" srcset=\"https:\/\/galeriedeparis.fr\/wp3_af\/wp-content\/uploads\/2018\/10\/expo-Anna-a-Barbizon-Boitat-300x169.jpg 300w, https:\/\/galeriedeparis.fr\/wp3_af\/wp-content\/uploads\/2018\/10\/expo-Anna-a-Barbizon-Boitat-768x432.jpg 768w, https:\/\/galeriedeparis.fr\/wp3_af\/wp-content\/uploads\/2018\/10\/expo-Anna-a-Barbizon-Boitat-1024x576.jpg 1024w, https:\/\/galeriedeparis.fr\/wp3_af\/wp-content\/uploads\/2018\/10\/expo-Anna-a-Barbizon-Boitat.jpg 2048w\" sizes=\"auto, (max-width: 426px) 100vw, 426px\" \/><\/a><\/p>\n<p>Vous rendre \u00e0 Barbizon :\u00a0<a href=\"http:\/\/www.barbizon.fr\" target=\"_blank\" rel=\"noopener\">http:\/\/www.barbizon.fr<\/a><\/p>\n<p>&nbsp;<\/p>\n<p>&nbsp;<\/p>\n<p>&nbsp;<\/p>\n","protected":false},"excerpt":{"rendered":"<p>Retrouvez les\u00a0 oeuvres d&rsquo;Anna \u00e0 l&rsquo;exposition annuelle de l&rsquo;Acad\u00e9mie Jacques Boitiat du 20 au 28 octobre 2018 dans l&rsquo;Espace Culturel Marc Jacquet dans le c\u00e9l\u00e8bre village de \u00a0Barbizon au sud de la r\u00e9gion Parisienne. Vernissage : le samedi 20 octobre 2018 \u00e0 11h30\u00a0 Espace Culturel de Barbizon, Place M. Jacquet, 77630 Barbizon S\u00e9lectionn\u00e9e par l&rsquo;Acad\u00e9mie &hellip; <\/p>\n<p class=\"link-more\"><a href=\"https:\/\/galeriedeparis.fr\/wp3_af\/?p=2224\" class=\"more-link\">Continuer la lecture<span class=\"screen-reader-text\"> de &laquo;&nbsp;Anna Filimonova s\u00e9lectionn\u00e9e par l&rsquo;Acad\u00e9mie Jacques Boitiat pour participer au Grand Prix de Barbizon 2018&nbsp;&raquo;<\/span><\/a><\/p>\n","protected":false},"author":2,"featured_media":0,"comment_status":"closed","ping_status":"closed","sticky":false,"template":"","format":"standard","meta":{"footnotes":""},"categories":[12,1],"tags":[377,376,33,380,378,224,375,381,374,301,382,191,383,379],"class_list":["post-2224","post","type-post","status-publish","format-standard","hentry","category-expositions","category-non-classe","tag-20-au-28-octobre-2018","tag-academie-jacques-boitiat","tag-anna-filimonova","tag-barbizon","tag-espace-culturel-marc-jacquet","tag-exposition-2","tag-exposition-annuelle","tag-grand-prix-de-barbizon-2018","tag-oeuvres","tag-peinture","tag-portrait-chanteuse-russe","tag-vernissage","tag-veronika-bulicheva","tag-village"],"_links":{"self":[{"href":"https:\/\/galeriedeparis.fr\/wp3_af\/index.php?rest_route=\/wp\/v2\/posts\/2224","targetHints":{"allow":["GET"]}}],"collection":[{"href":"https:\/\/galeriedeparis.fr\/wp3_af\/index.php?rest_route=\/wp\/v2\/posts"}],"about":[{"href":"https:\/\/galeriedeparis.fr\/wp3_af\/index.php?rest_route=\/wp\/v2\/types\/post"}],"author":[{"embeddable":true,"href":"https:\/\/galeriedeparis.fr\/wp3_af\/index.php?rest_route=\/wp\/v2\/users\/2"}],"replies":[{"embeddable":true,"href":"https:\/\/galeriedeparis.fr\/wp3_af\/index.php?rest_route=%2Fwp%2Fv2%2Fcomments&post=2224"}],"version-history":[{"count":9,"href":"https:\/\/galeriedeparis.fr\/wp3_af\/index.php?rest_route=\/wp\/v2\/posts\/2224\/revisions"}],"predecessor-version":[{"id":2416,"href":"https:\/\/galeriedeparis.fr\/wp3_af\/index.php?rest_route=\/wp\/v2\/posts\/2224\/revisions\/2416"}],"wp:attachment":[{"href":"https:\/\/galeriedeparis.fr\/wp3_af\/index.php?rest_route=%2Fwp%2Fv2%2Fmedia&parent=2224"}],"wp:term":[{"taxonomy":"category","embeddable":true,"href":"https:\/\/galeriedeparis.fr\/wp3_af\/index.php?rest_route=%2Fwp%2Fv2%2Fcategories&post=2224"},{"taxonomy":"post_tag","embeddable":true,"href":"https:\/\/galeriedeparis.fr\/wp3_af\/index.php?rest_route=%2Fwp%2Fv2%2Ftags&post=2224"}],"curies":[{"name":"wp","href":"https:\/\/api.w.org\/{rel}","templated":true}]}}