{"id":2274,"date":"2018-01-28T22:35:04","date_gmt":"2018-01-28T21:35:04","guid":{"rendered":"https:\/\/galeriedeparis.fr\/wp3_af\/?p=2274"},"modified":"2019-03-03T15:15:32","modified_gmt":"2019-03-03T14:15:32","slug":"souvenirs-de-chine-ishu-shangjin","status":"publish","type":"post","link":"https:\/\/galeriedeparis.fr\/wp3_af\/?p=2274","title":{"rendered":"2018- Souvenirs de Chine. \u00ab\u00a0Ishu Shangjin\u00a0\u00bb &#8211; ce que veut dire : \u00a0\u00bb Shangjin artistique\u00a0\u00bb."},"content":{"rendered":"<h2 class=\"entry-title\">Du 14 octobre au 15 novembre 2018 Anna Filimonova a pass\u00e9<br \/>\n5 semaines \u00e0 la r\u00e9sidence artistique internationale en Chine dans le province Hubei. Cette page est d\u00e9di\u00e9e aux souvenirs artistiques, oeuvres, photos des moments de la r\u00e9sidence.<\/h2>\n<h2 class=\"entry-title\">Pour savoir plus sur l&rsquo;organisation de la r\u00e9sidence proprement dit\u00a0 consultez<a href=\"http:\/\/: https:\/\/galeriedeparis.fr\/wp3_af\/?p=2229\" target=\"_blank\" rel=\"noopener\"> cette page sp\u00e9cifique.<\/a><\/h2>\n<figure id=\"attachment_2268\" aria-describedby=\"caption-attachment-2268\" style=\"width: 464px\" class=\"wp-caption alignnone\"><a href=\"https:\/\/galeriedeparis.fr\/wp3_af\/wp-content\/uploads\/2018\/10\/AFilimonova-montwu-dangG_9755.jpg\"><img loading=\"lazy\" decoding=\"async\" class=\"wp-image-2268\" src=\"https:\/\/galeriedeparis.fr\/wp3_af\/wp-content\/uploads\/2018\/10\/AFilimonova-montwu-dangG_9755-222x300.jpg\" alt=\"\" width=\"464\" height=\"627\" srcset=\"https:\/\/galeriedeparis.fr\/wp3_af\/wp-content\/uploads\/2018\/10\/AFilimonova-montwu-dangG_9755-222x300.jpg 222w, https:\/\/galeriedeparis.fr\/wp3_af\/wp-content\/uploads\/2018\/10\/AFilimonova-montwu-dangG_9755-768x1037.jpg 768w, https:\/\/galeriedeparis.fr\/wp3_af\/wp-content\/uploads\/2018\/10\/AFilimonova-montwu-dangG_9755-758x1024.jpg 758w, https:\/\/galeriedeparis.fr\/wp3_af\/wp-content\/uploads\/2018\/10\/AFilimonova-montwu-dangG_9755.jpg 1108w\" sizes=\"auto, (max-width: 464px) 100vw, 464px\" \/><\/a><figcaption id=\"caption-attachment-2268\" class=\"wp-caption-text\">Mon s\u00e9jour commence par la d\u00e9couverte de la Montagne Sacr\u00e9 Wu-Dang &#8211; lieu de naissance de Tao\u00efsme mais aussi de Kung-fu<\/figcaption><\/figure>\n<figure id=\"attachment_2277\" aria-describedby=\"caption-attachment-2277\" style=\"width: 445px\" class=\"wp-caption alignnone\"><a href=\"https:\/\/galeriedeparis.fr\/wp3_af\/wp-content\/uploads\/2018\/12\/AFilimonova-avec-Wang-Ligen-ShagjinMG_0174.jpg\"><img loading=\"lazy\" decoding=\"async\" class=\"wp-image-2277\" src=\"https:\/\/galeriedeparis.fr\/wp3_af\/wp-content\/uploads\/2018\/12\/AFilimonova-avec-Wang-Ligen-ShagjinMG_0174-300x300.jpg\" alt=\"\" width=\"445\" height=\"445\" \/><\/a><figcaption id=\"caption-attachment-2277\" class=\"wp-caption-text\">Apr\u00e8s 5 jours pass\u00e9s dans les montagnes sacr\u00e9es, nous descendons dans l&rsquo;ancien Bourg Shangjin o\u00f9 l&rsquo;essentiel d&rsquo;impression pour moi apparait dans les rencontres humaines. La Chine me s\u00e9duit par ses visages plust\u00f4t que par ses paysages.<\/figcaption><\/figure>\n<figure id=\"attachment_2275\" aria-describedby=\"caption-attachment-2275\" style=\"width: 398px\" class=\"wp-caption alignnone\"><a href=\"https:\/\/galeriedeparis.fr\/wp3_af\/wp-content\/uploads\/2018\/12\/portait-de-Wand-ligen-_0299-e1546032327872.jpg\"><img loading=\"lazy\" decoding=\"async\" class=\"wp-image-2275\" src=\"https:\/\/galeriedeparis.fr\/wp3_af\/wp-content\/uploads\/2018\/12\/portait-de-Wand-ligen-_0299-e1546032327872-225x300.jpg\" alt=\"huile sur toile\" width=\"398\" height=\"530\" srcset=\"https:\/\/galeriedeparis.fr\/wp3_af\/wp-content\/uploads\/2018\/12\/portait-de-Wand-ligen-_0299-e1546032327872-225x300.jpg 225w, https:\/\/galeriedeparis.fr\/wp3_af\/wp-content\/uploads\/2018\/12\/portait-de-Wand-ligen-_0299-e1546032327872-768x1024.jpg 768w, https:\/\/galeriedeparis.fr\/wp3_af\/wp-content\/uploads\/2018\/12\/portait-de-Wand-ligen-_0299-e1546032327872.jpg 1224w\" sizes=\"auto, (max-width: 398px) 100vw, 398px\" \/><\/a><figcaption id=\"caption-attachment-2275\" class=\"wp-caption-text\">Portrait de Wang Ligen, artiste et \u00ab\u00a0galeriste\u00a0\u00bb du bourg, jeune propri\u00e9taire d&rsquo;une boutique d&rsquo;art dans la vieille rue o\u00f9 nous, les artistes fran\u00e7ais passons des moments d&rsquo;\u00e9changes passionnant. Via la google traduction maitris\u00e9 par notre nouveau ami chinois, la communication s&rsquo;av\u00e8re amicale et la barri\u00e8re de la langue s&rsquo;\u00e9loigne autour d&rsquo;un verre de th\u00e9.<\/figcaption><\/figure>\n<figure id=\"attachment_2280\" aria-describedby=\"caption-attachment-2280\" style=\"width: 396px\" class=\"wp-caption alignnone\"><a href=\"https:\/\/galeriedeparis.fr\/wp3_af\/wp-content\/uploads\/2018\/12\/Afilimonova-aquarelle-rue-mobilette-.jpg\"><img loading=\"lazy\" decoding=\"async\" class=\"wp-image-2280\" src=\"https:\/\/galeriedeparis.fr\/wp3_af\/wp-content\/uploads\/2018\/12\/Afilimonova-aquarelle-rue-mobilette--300x225.jpg\" alt=\"\" width=\"396\" height=\"297\" srcset=\"https:\/\/galeriedeparis.fr\/wp3_af\/wp-content\/uploads\/2018\/12\/Afilimonova-aquarelle-rue-mobilette--300x225.jpg 300w, https:\/\/galeriedeparis.fr\/wp3_af\/wp-content\/uploads\/2018\/12\/Afilimonova-aquarelle-rue-mobilette--768x576.jpg 768w, https:\/\/galeriedeparis.fr\/wp3_af\/wp-content\/uploads\/2018\/12\/Afilimonova-aquarelle-rue-mobilette--1024x768.jpg 1024w, https:\/\/galeriedeparis.fr\/wp3_af\/wp-content\/uploads\/2018\/12\/Afilimonova-aquarelle-rue-mobilette-.jpg 1632w\" sizes=\"auto, (max-width: 396px) 100vw, 396px\" \/><\/a><figcaption id=\"caption-attachment-2280\" class=\"wp-caption-text\">Le Bourg de Shangjin surprend par ses couleurs et sa vie anim\u00e9e et paisible \u00e0 la fois. La multitude d&rsquo;engins \u00e9lectrique peuple ses rues.<\/figcaption><\/figure>\n<p><a href=\"https:\/\/galeriedeparis.fr\/wp3_af\/wp-content\/uploads\/2018\/12\/portait-de-Wand-ligen-_0299-e1546032327872.jpg\">\u00a0\u00a0 <\/a><a href=\"https:\/\/galeriedeparis.fr\/wp3_af\/wp-content\/uploads\/2018\/12\/a-filimonova-avec-la-preinciesse-du-printemps-_0735-e1546032431337.jpg\"><img loading=\"lazy\" decoding=\"async\" class=\"alignnone size-medium wp-image-2276\" src=\"https:\/\/galeriedeparis.fr\/wp3_af\/wp-content\/uploads\/2018\/12\/a-filimonova-avec-la-preinciesse-du-printemps-_0735-e1546032431337-225x300.jpg\" alt=\"\" width=\"225\" height=\"300\" srcset=\"https:\/\/galeriedeparis.fr\/wp3_af\/wp-content\/uploads\/2018\/12\/a-filimonova-avec-la-preinciesse-du-printemps-_0735-e1546032431337-225x300.jpg 225w, https:\/\/galeriedeparis.fr\/wp3_af\/wp-content\/uploads\/2018\/12\/a-filimonova-avec-la-preinciesse-du-printemps-_0735-e1546032431337-768x1024.jpg 768w, https:\/\/galeriedeparis.fr\/wp3_af\/wp-content\/uploads\/2018\/12\/a-filimonova-avec-la-preinciesse-du-printemps-_0735-e1546032431337.jpg 1224w\" sizes=\"auto, (max-width: 225px) 100vw, 225px\" \/><\/a><\/p>\n<p><a href=\"https:\/\/galeriedeparis.fr\/wp3_af\/wp-content\/uploads\/2018\/10\/coiffure-de-la-dinastie-Mink0285-e1546032374609.jpg\"><img loading=\"lazy\" decoding=\"async\" class=\"alignnone size-medium wp-image-2269\" src=\"https:\/\/galeriedeparis.fr\/wp3_af\/wp-content\/uploads\/2018\/10\/coiffure-de-la-dinastie-Mink0285-e1546032374609-225x300.jpg\" alt=\"\" width=\"225\" height=\"300\" srcset=\"https:\/\/galeriedeparis.fr\/wp3_af\/wp-content\/uploads\/2018\/10\/coiffure-de-la-dinastie-Mink0285-e1546032374609-225x300.jpg 225w, https:\/\/galeriedeparis.fr\/wp3_af\/wp-content\/uploads\/2018\/10\/coiffure-de-la-dinastie-Mink0285-e1546032374609-768x1024.jpg 768w, https:\/\/galeriedeparis.fr\/wp3_af\/wp-content\/uploads\/2018\/10\/coiffure-de-la-dinastie-Mink0285-e1546032374609.jpg 1224w\" sizes=\"auto, (max-width: 225px) 100vw, 225px\" \/>\u00a0\u00a0<\/a><a href=\"https:\/\/galeriedeparis.fr\/wp3_af\/wp-content\/uploads\/2018\/12\/A-Filimonova-petite-fille-en-rouge-IMG_0677-e1546033272349.jpg\"><img loading=\"lazy\" decoding=\"async\" class=\"alignnone wp-image-2282\" src=\"https:\/\/galeriedeparis.fr\/wp3_af\/wp-content\/uploads\/2018\/12\/A-Filimonova-petite-fille-en-rouge-IMG_0677-e1546033272349-225x300.jpg\" alt=\"\" width=\"191\" height=\"255\" srcset=\"https:\/\/galeriedeparis.fr\/wp3_af\/wp-content\/uploads\/2018\/12\/A-Filimonova-petite-fille-en-rouge-IMG_0677-e1546033272349-225x300.jpg 225w, https:\/\/galeriedeparis.fr\/wp3_af\/wp-content\/uploads\/2018\/12\/A-Filimonova-petite-fille-en-rouge-IMG_0677-e1546033272349-768x1024.jpg 768w, https:\/\/galeriedeparis.fr\/wp3_af\/wp-content\/uploads\/2018\/12\/A-Filimonova-petite-fille-en-rouge-IMG_0677-e1546033272349.jpg 1224w\" sizes=\"auto, (max-width: 191px) 100vw, 191px\" \/><\/a><\/p>\n<figure id=\"attachment_2283\" aria-describedby=\"caption-attachment-2283\" style=\"width: 300px\" class=\"wp-caption alignnone\"><a href=\"https:\/\/galeriedeparis.fr\/wp3_af\/wp-content\/uploads\/2018\/12\/AFilimonova-model-en-coiffure-dinastie-Ming-_0277.jpg\"><img loading=\"lazy\" decoding=\"async\" class=\"size-medium wp-image-2283\" src=\"https:\/\/galeriedeparis.fr\/wp3_af\/wp-content\/uploads\/2018\/12\/AFilimonova-model-en-coiffure-dinastie-Ming-_0277-300x225.jpg\" alt=\"\" width=\"300\" height=\"225\" srcset=\"https:\/\/galeriedeparis.fr\/wp3_af\/wp-content\/uploads\/2018\/12\/AFilimonova-model-en-coiffure-dinastie-Ming-_0277-300x225.jpg 300w, https:\/\/galeriedeparis.fr\/wp3_af\/wp-content\/uploads\/2018\/12\/AFilimonova-model-en-coiffure-dinastie-Ming-_0277-768x576.jpg 768w, https:\/\/galeriedeparis.fr\/wp3_af\/wp-content\/uploads\/2018\/12\/AFilimonova-model-en-coiffure-dinastie-Ming-_0277-1024x768.jpg 1024w\" sizes=\"auto, (max-width: 300px) 100vw, 300px\" \/><\/a><figcaption id=\"caption-attachment-2283\" class=\"wp-caption-text\">dav<\/figcaption><\/figure>\n<p>Vous pouvez voir plus d\u2019\u0153uvres cr\u00e9\u00e9es en Chine dans cet album ouvert sur facebook, ce n&rsquo;est pas n\u00e9cessaire d&rsquo;y avoir un compte clickez<a href=\"https:\/\/www.facebook.com\/media\/set\/?set=a.10157314078808291&amp;type=1&amp;l=4a19622cea\" target=\"_blank\" rel=\"noopener\"> ici<\/a><\/p>\n<p>&nbsp;<\/p>\n<p>&nbsp;<\/p>\n","protected":false},"excerpt":{"rendered":"<p>Du 14 octobre au 15 novembre 2018 Anna Filimonova a pass\u00e9 5 semaines \u00e0 la r\u00e9sidence artistique internationale en Chine dans le province Hubei. Cette page est d\u00e9di\u00e9e aux souvenirs artistiques, oeuvres, photos des moments de la r\u00e9sidence. Pour savoir plus sur l&rsquo;organisation de la r\u00e9sidence proprement dit\u00a0 consultez cette page sp\u00e9cifique. \u00a0\u00a0 \u00a0\u00a0 Vous &hellip; <\/p>\n<p class=\"link-more\"><a href=\"https:\/\/galeriedeparis.fr\/wp3_af\/?p=2274\" class=\"more-link\">Continuer la lecture<span class=\"screen-reader-text\"> de &laquo;&nbsp;2018- Souvenirs de Chine. \u00ab\u00a0Ishu Shangjin\u00a0\u00bb &#8211; ce que veut dire : \u00a0\u00bb Shangjin artistique\u00a0\u00bb.&nbsp;&raquo;<\/span><\/a><\/p>\n","protected":false},"author":2,"featured_media":2257,"comment_status":"closed","ping_status":"closed","sticky":false,"template":"","format":"standard","meta":{"footnotes":""},"categories":[261,1,384],"tags":[235,283,385,140,374,387,386],"class_list":["post-2274","post","type-post","status-publish","format-standard","has-post-thumbnail","hentry","category-a-la-une","category-non-classe","category-oeuvres","tag-art","tag-carnets-de-voyages","tag-chine","tag-encre-de-chine","tag-oeuvres","tag-residences-artistiques","tag-voyage-en-chine"],"_links":{"self":[{"href":"https:\/\/galeriedeparis.fr\/wp3_af\/index.php?rest_route=\/wp\/v2\/posts\/2274","targetHints":{"allow":["GET"]}}],"collection":[{"href":"https:\/\/galeriedeparis.fr\/wp3_af\/index.php?rest_route=\/wp\/v2\/posts"}],"about":[{"href":"https:\/\/galeriedeparis.fr\/wp3_af\/index.php?rest_route=\/wp\/v2\/types\/post"}],"author":[{"embeddable":true,"href":"https:\/\/galeriedeparis.fr\/wp3_af\/index.php?rest_route=\/wp\/v2\/users\/2"}],"replies":[{"embeddable":true,"href":"https:\/\/galeriedeparis.fr\/wp3_af\/index.php?rest_route=%2Fwp%2Fv2%2Fcomments&post=2274"}],"version-history":[{"count":11,"href":"https:\/\/galeriedeparis.fr\/wp3_af\/index.php?rest_route=\/wp\/v2\/posts\/2274\/revisions"}],"predecessor-version":[{"id":2281,"href":"https:\/\/galeriedeparis.fr\/wp3_af\/index.php?rest_route=\/wp\/v2\/posts\/2274\/revisions\/2281"}],"wp:featuredmedia":[{"embeddable":true,"href":"https:\/\/galeriedeparis.fr\/wp3_af\/index.php?rest_route=\/wp\/v2\/media\/2257"}],"wp:attachment":[{"href":"https:\/\/galeriedeparis.fr\/wp3_af\/index.php?rest_route=%2Fwp%2Fv2%2Fmedia&parent=2274"}],"wp:term":[{"taxonomy":"category","embeddable":true,"href":"https:\/\/galeriedeparis.fr\/wp3_af\/index.php?rest_route=%2Fwp%2Fv2%2Fcategories&post=2274"},{"taxonomy":"post_tag","embeddable":true,"href":"https:\/\/galeriedeparis.fr\/wp3_af\/index.php?rest_route=%2Fwp%2Fv2%2Ftags&post=2274"}],"curies":[{"name":"wp","href":"https:\/\/api.w.org\/{rel}","templated":true}]}}