{"id":276,"date":"2009-03-29T23:00:00","date_gmt":"2009-03-29T22:00:00","guid":{"rendered":"http:\/\/galeriedeparis.fr\/wp3_af\/?p=276"},"modified":"2013-11-16T17:57:50","modified_gmt":"2013-11-16T16:57:50","slug":"cityvox-mars-2009","status":"publish","type":"post","link":"https:\/\/galeriedeparis.fr\/wp3_af\/?p=276","title":{"rendered":"cityvox &#8211; mars 2009"},"content":{"rendered":"<p>Source :<\/p>\n<p>http:\/\/www.fra.cityvox.fr\/expositions-arts_paris\/l-univers-a-travers-le-regard-feminin_292738\/Profil-Eve<\/p>\n<p><em>&#8230; Cette participation a \u00e9t\u00e9 pens\u00e9e par l&rsquo;artiste comme une r\u00e9miniscence des p\u00e9riodes parisiennes, avec les sujets particuli\u00e8rement f\u00e9minins &#8211; sur la demande du Centre de Russie.<br \/>\nC&rsquo;est pourquoi \u00e0 cot\u00e9 des paysages de Paris &#8211; le sujet privil\u00e9gi\u00e9 depuis 3 ans, Anna exposera aussi des portraits r\u00e9alis\u00e9s \u00e0 des moments diff\u00e9rents, certains sont tout juste sortis de l&rsquo;atelier, d&rsquo;autres datent de la p\u00e9riode du Salon Aux Batignolles ou m\u00eame de son s\u00e9jour \u00e0 la Cit\u00e9 des Arts en 1994.<br \/>\nLes spectateurs verront les oeuvres \u00e0 l&rsquo;huile et \u00e0 l&rsquo;aquarelle, aussi bien qu&rsquo;un nu, une vision d&rsquo;Eve tr\u00e8s personnelle r\u00e9alis\u00e9e en technique mixte avec collages de papier japonais&#8230;<\/em><\/p>\n<p><img loading=\"lazy\" decoding=\"async\" class=\" size-full wp-image-275\" alt=\"\" src=\"http:\/\/galeriedeparis.fr\/wp3_af\/wp-content\/uploads\/2009\/03\/filimonova_cityvox_mars2009.png\" width=\"974\" height=\"608\" border=\"0\" srcset=\"https:\/\/galeriedeparis.fr\/wp3_af\/wp-content\/uploads\/2009\/03\/filimonova_cityvox_mars2009.png 974w, https:\/\/galeriedeparis.fr\/wp3_af\/wp-content\/uploads\/2009\/03\/filimonova_cityvox_mars2009-300x187.png 300w, https:\/\/galeriedeparis.fr\/wp3_af\/wp-content\/uploads\/2009\/03\/filimonova_cityvox_mars2009-480x300.png 480w\" sizes=\"auto, (max-width: 706px) 89vw, (max-width: 767px) 82vw, 740px\" \/><\/p>\n","protected":false},"excerpt":{"rendered":"<p>Source : http:\/\/www.fra.cityvox.fr\/expositions-arts_paris\/l-univers-a-travers-le-regard-feminin_292738\/Profil-Eve &#8230; Cette participation a \u00e9t\u00e9 pens\u00e9e par l&rsquo;artiste comme une r\u00e9miniscence des p\u00e9riodes parisiennes, avec les sujets particuli\u00e8rement f\u00e9minins &#8211; sur la demande du Centre de Russie. C&rsquo;est pourquoi \u00e0 cot\u00e9 des paysages de Paris &#8211; le sujet privil\u00e9gi\u00e9 depuis 3 ans, Anna exposera aussi des portraits r\u00e9alis\u00e9s \u00e0 des moments diff\u00e9rents, &hellip; <\/p>\n<p class=\"link-more\"><a href=\"https:\/\/galeriedeparis.fr\/wp3_af\/?p=276\" class=\"more-link\">Continuer la lecture<span class=\"screen-reader-text\"> de &laquo;&nbsp;cityvox &#8211; mars 2009&nbsp;&raquo;<\/span><\/a><\/p>\n","protected":false},"author":1,"featured_media":275,"comment_status":"open","ping_status":"open","sticky":false,"template":"","format":"standard","meta":{"footnotes":""},"categories":[73],"tags":[],"class_list":["post-276","post","type-post","status-publish","format-standard","has-post-thumbnail","hentry","category-c44-revue-de-presse"],"_links":{"self":[{"href":"https:\/\/galeriedeparis.fr\/wp3_af\/index.php?rest_route=\/wp\/v2\/posts\/276","targetHints":{"allow":["GET"]}}],"collection":[{"href":"https:\/\/galeriedeparis.fr\/wp3_af\/index.php?rest_route=\/wp\/v2\/posts"}],"about":[{"href":"https:\/\/galeriedeparis.fr\/wp3_af\/index.php?rest_route=\/wp\/v2\/types\/post"}],"author":[{"embeddable":true,"href":"https:\/\/galeriedeparis.fr\/wp3_af\/index.php?rest_route=\/wp\/v2\/users\/1"}],"replies":[{"embeddable":true,"href":"https:\/\/galeriedeparis.fr\/wp3_af\/index.php?rest_route=%2Fwp%2Fv2%2Fcomments&post=276"}],"version-history":[{"count":2,"href":"https:\/\/galeriedeparis.fr\/wp3_af\/index.php?rest_route=\/wp\/v2\/posts\/276\/revisions"}],"predecessor-version":[{"id":1215,"href":"https:\/\/galeriedeparis.fr\/wp3_af\/index.php?rest_route=\/wp\/v2\/posts\/276\/revisions\/1215"}],"wp:featuredmedia":[{"embeddable":true,"href":"https:\/\/galeriedeparis.fr\/wp3_af\/index.php?rest_route=\/wp\/v2\/media\/275"}],"wp:attachment":[{"href":"https:\/\/galeriedeparis.fr\/wp3_af\/index.php?rest_route=%2Fwp%2Fv2%2Fmedia&parent=276"}],"wp:term":[{"taxonomy":"category","embeddable":true,"href":"https:\/\/galeriedeparis.fr\/wp3_af\/index.php?rest_route=%2Fwp%2Fv2%2Fcategories&post=276"},{"taxonomy":"post_tag","embeddable":true,"href":"https:\/\/galeriedeparis.fr\/wp3_af\/index.php?rest_route=%2Fwp%2Fv2%2Ftags&post=276"}],"curies":[{"name":"wp","href":"https:\/\/api.w.org\/{rel}","templated":true}]}}