{"id":304,"date":"2009-06-07T21:38:55","date_gmt":"2009-06-07T20:38:55","guid":{"rendered":"http:\/\/galeriedeparis.fr\/wp3_af\/?p=304"},"modified":"2013-11-16T18:10:54","modified_gmt":"2013-11-16T17:10:54","slug":"16e-salon-national-des-peintres-de-larmee-juin-juillet-2009","status":"publish","type":"post","link":"https:\/\/galeriedeparis.fr\/wp3_af\/?p=304","title":{"rendered":"16e Salon National des Peintres de l&rsquo;Arm\u00e9e &#8211; Juin \/ juillet 2009"},"content":{"rendered":"<p>Le 16e Salon National des Peintres de l&rsquo;Arm\u00e9e se tiendra \u00e0 Paris, du 20 juin au 15 juillet 2009, dans le cadre prestigieux de l&rsquo;H\u00f4tel National des Invalides, corridor de Valenciennes, 129, rue de Grenelle, Paris VIIe.<\/p>\n<p>Mus\u00e9e \u00e9ph\u00e9m\u00e8re, il donne l\u2019occasion aux peintres officiels de l\u2019arm\u00e9e d\u2019exposer leurs \u0153uvres les plus r\u00e9centes. A leurs c\u00f4t\u00e9s, une quarantaine d&rsquo;artistes pr\u00e9sentent leurs travaux inspir\u00e9s par le fait militaire.<\/p>\n<p>Anna Filimonova exposera une \u0153uvre en technique mixte sur carton repr\u00e9sentant les Invalides en hivers.<\/p>\n<p>Anna Filimonova, t\u00e9l. 06 61 91 23 98 &#8211; Renseignements : 01.44.42.32.87<\/p>\n<p><img loading=\"lazy\" decoding=\"async\" class=\" size-full wp-image-303\" alt=\"\" src=\"http:\/\/galeriedeparis.fr\/wp3_af\/wp-content\/uploads\/2009\/06\/images_AF_16esalonpeintrearmee.jpg\" width=\"394\" height=\"239\" border=\"0\" srcset=\"https:\/\/galeriedeparis.fr\/wp3_af\/wp-content\/uploads\/2009\/06\/images_AF_16esalonpeintrearmee.jpg 394w, https:\/\/galeriedeparis.fr\/wp3_af\/wp-content\/uploads\/2009\/06\/images_AF_16esalonpeintrearmee-300x181.jpg 300w\" sizes=\"auto, (max-width: 394px) 100vw, 394px\" \/><\/p>\n","protected":false},"excerpt":{"rendered":"<p>Le 16e Salon National des Peintres de l&rsquo;Arm\u00e9e se tiendra \u00e0 Paris, du 20 juin au 15 juillet 2009, dans le cadre prestigieux de l&rsquo;H\u00f4tel National des Invalides, corridor de Valenciennes, 129, rue de Grenelle, Paris VIIe. Mus\u00e9e \u00e9ph\u00e9m\u00e8re, il donne l\u2019occasion aux peintres officiels de l\u2019arm\u00e9e d\u2019exposer leurs \u0153uvres les plus r\u00e9centes. A leurs &hellip; <\/p>\n<p class=\"link-more\"><a href=\"https:\/\/galeriedeparis.fr\/wp3_af\/?p=304\" class=\"more-link\">Continuer la lecture<span class=\"screen-reader-text\"> de &laquo;&nbsp;16e Salon National des Peintres de l&rsquo;Arm\u00e9e &#8211; Juin \/ juillet 2009&nbsp;&raquo;<\/span><\/a><\/p>\n","protected":false},"author":1,"featured_media":303,"comment_status":"open","ping_status":"open","sticky":false,"template":"","format":"standard","meta":{"footnotes":""},"categories":[66],"tags":[],"class_list":["post-304","post","type-post","status-publish","format-standard","has-post-thumbnail","hentry","category-c34-filimonova-anna"],"_links":{"self":[{"href":"https:\/\/galeriedeparis.fr\/wp3_af\/index.php?rest_route=\/wp\/v2\/posts\/304","targetHints":{"allow":["GET"]}}],"collection":[{"href":"https:\/\/galeriedeparis.fr\/wp3_af\/index.php?rest_route=\/wp\/v2\/posts"}],"about":[{"href":"https:\/\/galeriedeparis.fr\/wp3_af\/index.php?rest_route=\/wp\/v2\/types\/post"}],"author":[{"embeddable":true,"href":"https:\/\/galeriedeparis.fr\/wp3_af\/index.php?rest_route=\/wp\/v2\/users\/1"}],"replies":[{"embeddable":true,"href":"https:\/\/galeriedeparis.fr\/wp3_af\/index.php?rest_route=%2Fwp%2Fv2%2Fcomments&post=304"}],"version-history":[{"count":2,"href":"https:\/\/galeriedeparis.fr\/wp3_af\/index.php?rest_route=\/wp\/v2\/posts\/304\/revisions"}],"predecessor-version":[{"id":1216,"href":"https:\/\/galeriedeparis.fr\/wp3_af\/index.php?rest_route=\/wp\/v2\/posts\/304\/revisions\/1216"}],"wp:featuredmedia":[{"embeddable":true,"href":"https:\/\/galeriedeparis.fr\/wp3_af\/index.php?rest_route=\/wp\/v2\/media\/303"}],"wp:attachment":[{"href":"https:\/\/galeriedeparis.fr\/wp3_af\/index.php?rest_route=%2Fwp%2Fv2%2Fmedia&parent=304"}],"wp:term":[{"taxonomy":"category","embeddable":true,"href":"https:\/\/galeriedeparis.fr\/wp3_af\/index.php?rest_route=%2Fwp%2Fv2%2Fcategories&post=304"},{"taxonomy":"post_tag","embeddable":true,"href":"https:\/\/galeriedeparis.fr\/wp3_af\/index.php?rest_route=%2Fwp%2Fv2%2Ftags&post=304"}],"curies":[{"name":"wp","href":"https:\/\/api.w.org\/{rel}","templated":true}]}}