{"id":3071,"date":"2024-07-30T14:02:58","date_gmt":"2024-07-30T13:02:58","guid":{"rendered":"https:\/\/galeriedeparis.fr\/wp3_af\/?p=3071"},"modified":"2025-02-10T12:38:19","modified_gmt":"2025-02-10T11:38:19","slug":"retrouvez-mes-petits-formats-a-la-galerie-de-paris-tous-le-mois-de-decembre-2022","status":"publish","type":"post","link":"https:\/\/galeriedeparis.fr\/wp3_af\/?p=3071","title":{"rendered":"R\u00e9trouvez mes oeuvres \u00e0 la Galerie de Paris \u00e0 10 minutes de la Tour Eiffel"},"content":{"rendered":"<p>Chers Amis,<\/p>\n<p>Vous pouvez retrouvez mes oeuvres en permanence\u00a0 \u00e0 la<a href=\"https:\/\/www.galeriedeparis.com\/Welcome\/\" target=\"_blank\" rel=\"noopener\"> Galerie de Paris. &#8211;<\/a><br \/>\nmais surtout suivez mon profil <a href=\"https:\/\/www.instagram.com\/stories\/annafilimonovaartist\/\" target=\"_blank\" rel=\"noopener\">sur instagram<\/a> pour tout savoir de mes actualit\u00e9s<a href=\"https:\/\/galeriedeparis.fr\/wp3_af\/wp-content\/uploads\/2024\/06\/anna-JO-2024.jpg\"><img loading=\"lazy\" decoding=\"async\" class=\"size-medium wp-image-3184 alignleft\" src=\"https:\/\/galeriedeparis.fr\/wp3_af\/wp-content\/uploads\/2024\/06\/anna-JO-2024-117x300.jpg\" alt=\"\" width=\"117\" height=\"300\" srcset=\"https:\/\/galeriedeparis.fr\/wp3_af\/wp-content\/uploads\/2024\/06\/anna-JO-2024-117x300.jpg 117w, https:\/\/galeriedeparis.fr\/wp3_af\/wp-content\/uploads\/2024\/06\/anna-JO-2024-768x1965.jpg 768w, https:\/\/galeriedeparis.fr\/wp3_af\/wp-content\/uploads\/2024\/06\/anna-JO-2024-400x1024.jpg 400w, https:\/\/galeriedeparis.fr\/wp3_af\/wp-content\/uploads\/2024\/06\/anna-JO-2024.jpg 1357w\" sizes=\"auto, (max-width: 117px) 100vw, 117px\" \/><\/a><\/p>\n<p style=\"text-align: left;\"><a href=\"https:\/\/villagesuisseparis.com\/galerie\/galerie-de-paris\" target=\"_blank\" rel=\"noopener\">La Galerie de Paris<\/a> se trouve au <a href=\"https:\/\/villagesuisseparis.com\/\" target=\"_blank\" rel=\"noopener\">Village Suisse, \u00a0\u00a0<\/a> c&rsquo;est la boutique 82 situ\u00e9e sur la place\u00a0 interne du village qui s&rsquo;appelle place de Lugano<br \/>\n( toutes les petites courettes du village portent les noms des villes suisses. )<br \/>\nA noter que l&rsquo;adresse officielle\u00a0 postale de cet ensemble des galeries et des antiquaires\u00a0 est 78 avenue de Suffren 750015 Paris, tout pr\u00e8s de la Tour Eiffel)\u00a0 <a href=\"https:\/\/www.galeriedeparis.com\/Welcome\/?page_id=62\">ici\u00a0 <\/a><br \/>\nIl est plus rapide d&rsquo;arriver par l&rsquo;avenue de la Motte-Piquet-Grennelle et entr\u00e9 par le coin le plus \u00e0 gauche \u00e0 l&rsquo;angle de l&rsquo;avenue Champaulbert et la rue d&rsquo;Alasseur.<\/p>\n<p style=\"text-align: left;\">En dehors de mes expositions personnelles p\u00e9riodiques<br \/>\nil y a toujours quelques oeuvres \u00e0 la galerie et puis elle est succeptible de vous renseigner et prendre des commandes.<\/p>\n<p><a href=\"https:\/\/galeriedeparis.fr\/wp3_af\/wp-content\/uploads\/2021\/12\/galerie-bvillage-suisse-.jpg\">\u00a0<\/a><a href=\"https:\/\/galeriedeparis.fr\/wp3_af\/wp-content\/uploads\/2024\/06\/galerie-avec-oeuves-ANNA.jpg\"><img loading=\"lazy\" decoding=\"async\" class=\"alignnone wp-image-3186\" src=\"https:\/\/galeriedeparis.fr\/wp3_af\/wp-content\/uploads\/2024\/06\/galerie-avec-oeuves-ANNA-211x300.jpg\" alt=\"\" width=\"315\" height=\"448\" srcset=\"https:\/\/galeriedeparis.fr\/wp3_af\/wp-content\/uploads\/2024\/06\/galerie-avec-oeuves-ANNA-211x300.jpg 211w, https:\/\/galeriedeparis.fr\/wp3_af\/wp-content\/uploads\/2024\/06\/galerie-avec-oeuves-ANNA.jpg 704w\" sizes=\"auto, (max-width: 315px) 100vw, 315px\" \/><\/a><\/p>\n<div id=\"primary\" class=\"content-area\">\n<article id=\"post-62\" class=\"post-62 page type-page status-publish hentry\">\n<header class=\"entry-header\">\n<h2 class=\"entry-title\" style=\"text-align: center;\">Pour se rendre \u00e0 la Galerie de Paris<br \/>\n( ouverte\u00a0 g\u00e9n\u00e9ralement du samedi au dimanche,<br \/>\nde 14:30 \u00e0 18:30)<\/h2>\n<\/header>\n<div class=\"entry-content\" style=\"text-align: center;\">\n<p><strong>Acc\u00e8s le plus rapide est par le 12 avenue de Champaubert 75015 Paris,<br \/>\nMetro \u00ab\u00a0La Motte Piquet Grenelle\u00a0\u00bb, bus 80 et 92<\/strong><br \/>\n<a href=\"https:\/\/www.google.com\/maps\/place\/12+Av.+de+Champaubert,+75015+Paris\/@48.8509853,2.2966085,17z\/data=!3m1!4b1!4m5!3m4!1s0x47e67113a9977841:0x8a88ae32cb8bcfa!8m2!3d48.8509818!4d2.2987972\" target=\"_blank\" rel=\"noreferrer noopener\">Voici le lien Google pour vous y rendre <\/a><\/p>\n<\/div>\n<p>Je vous invite\u00a0 \u00e9galement \u00e0 visiter le site de<a href=\"http:\/\/www.dessinclassique.fr\" target=\"_blank\" rel=\"noopener\"> l&rsquo;ECOLE DE DESSIN CLASSIQUE que j&rsquo;ai cr\u00e9e en 2021 sur la base de l&rsquo;association festival cultures Crois\u00e9es et\u00a0 avec l&rsquo;aide et soutien de ma coll\u00e8gue Natalia Leybina<\/a><\/p>\n<p>&nbsp;<\/p>\n<\/article>\n<\/div>\n","protected":false},"excerpt":{"rendered":"<p>Chers Amis, Vous pouvez retrouvez mes oeuvres en permanence\u00a0 \u00e0 la Galerie de Paris. &#8211; mais surtout suivez mon profil sur instagram pour tout savoir de mes actualit\u00e9s La Galerie de Paris se trouve au Village Suisse, \u00a0\u00a0 c&rsquo;est la boutique 82 situ\u00e9e sur la place\u00a0 interne du village qui s&rsquo;appelle place de Lugano ( &hellip; <\/p>\n<p class=\"link-more\"><a href=\"https:\/\/galeriedeparis.fr\/wp3_af\/?p=3071\" class=\"more-link\">Continuer la lecture<span class=\"screen-reader-text\"> de &laquo;&nbsp;R\u00e9trouvez mes oeuvres \u00e0 la Galerie de Paris \u00e0 10 minutes de la Tour Eiffel&nbsp;&raquo;<\/span><\/a><\/p>\n","protected":false},"author":2,"featured_media":3188,"comment_status":"closed","ping_status":"closed","sticky":true,"template":"","format":"standard","meta":{"footnotes":""},"categories":[261,12],"tags":[],"class_list":["post-3071","post","type-post","status-publish","format-standard","has-post-thumbnail","hentry","category-a-la-une","category-expositions"],"_links":{"self":[{"href":"https:\/\/galeriedeparis.fr\/wp3_af\/index.php?rest_route=\/wp\/v2\/posts\/3071","targetHints":{"allow":["GET"]}}],"collection":[{"href":"https:\/\/galeriedeparis.fr\/wp3_af\/index.php?rest_route=\/wp\/v2\/posts"}],"about":[{"href":"https:\/\/galeriedeparis.fr\/wp3_af\/index.php?rest_route=\/wp\/v2\/types\/post"}],"author":[{"embeddable":true,"href":"https:\/\/galeriedeparis.fr\/wp3_af\/index.php?rest_route=\/wp\/v2\/users\/2"}],"replies":[{"embeddable":true,"href":"https:\/\/galeriedeparis.fr\/wp3_af\/index.php?rest_route=%2Fwp%2Fv2%2Fcomments&post=3071"}],"version-history":[{"count":28,"href":"https:\/\/galeriedeparis.fr\/wp3_af\/index.php?rest_route=\/wp\/v2\/posts\/3071\/revisions"}],"predecessor-version":[{"id":3219,"href":"https:\/\/galeriedeparis.fr\/wp3_af\/index.php?rest_route=\/wp\/v2\/posts\/3071\/revisions\/3219"}],"wp:featuredmedia":[{"embeddable":true,"href":"https:\/\/galeriedeparis.fr\/wp3_af\/index.php?rest_route=\/wp\/v2\/media\/3188"}],"wp:attachment":[{"href":"https:\/\/galeriedeparis.fr\/wp3_af\/index.php?rest_route=%2Fwp%2Fv2%2Fmedia&parent=3071"}],"wp:term":[{"taxonomy":"category","embeddable":true,"href":"https:\/\/galeriedeparis.fr\/wp3_af\/index.php?rest_route=%2Fwp%2Fv2%2Fcategories&post=3071"},{"taxonomy":"post_tag","embeddable":true,"href":"https:\/\/galeriedeparis.fr\/wp3_af\/index.php?rest_route=%2Fwp%2Fv2%2Ftags&post=3071"}],"curies":[{"name":"wp","href":"https:\/\/api.w.org\/{rel}","templated":true}]}}