{"id":3189,"date":"2024-07-14T21:35:25","date_gmt":"2024-07-14T20:35:25","guid":{"rendered":"https:\/\/galeriedeparis.fr\/wp3_af\/?p=3189"},"modified":"2024-08-19T12:30:33","modified_gmt":"2024-08-19T11:30:33","slug":"salon-dautomne-revient-sur-les-champs-elysees-en-octobre-2024","status":"publish","type":"post","link":"https:\/\/galeriedeparis.fr\/wp3_af\/?p=3189","title":{"rendered":"Salon d&rsquo;Automne sur les Champs-Elys\u00e9es en octobre 2024"},"content":{"rendered":"<p>Bonne nouvelle pour le monde de l&rsquo;Art\u00a0 : prochain <strong>Salon d&rsquo;Automne<\/strong> revient sur les Champs-Elys\u00e9es.<br \/>\nA cette occasion j&rsquo;ai le grand plasir de revenir au Salon.<\/p>\n<p>La 121-\u00e8me \u00e9dition aura lieu\u00a0 du mercredi 23 octobre au dimanche 27 octobre 2024 sur\u00a0 Place Clemenceau avenue des Champs-\u00c9lys\u00e9es<br \/>\nElle reprend ses quartiers dans Pavillons \u00e9ph\u00e9m\u00e8res de la place Clemenceau \u00e0 la place de la Concorde 75008 Paris | France<\/p>\n<p>En tant que soci\u00e9taire de ce\u00a0 Grand Salon Historique je prendrai part \u00e0 sa nouvelle \u00e9dition\u00a0 dans la section \u00ab\u00a0Peinture\u00a0\u00bb au sein du groupe\u00a0 \u00a0\u00bb figuration\u00a0\u00bb.<\/p>\n<figure id=\"attachment_3190\" aria-describedby=\"caption-attachment-3190\" style=\"width: 640px\" class=\"wp-caption alignnone\"><a href=\"https:\/\/galeriedeparis.fr\/wp3_af\/wp-content\/uploads\/2024\/08\/Anna-Filimonova-fene\u0302tre-BD.jpg\"><img loading=\"lazy\" decoding=\"async\" class=\"wp-image-3190 size-large\" src=\"https:\/\/galeriedeparis.fr\/wp3_af\/wp-content\/uploads\/2024\/08\/Anna-Filimonova-fene\u0302tre-BD-1011x1024.jpg\" alt=\"\" width=\"640\" height=\"648\" srcset=\"https:\/\/galeriedeparis.fr\/wp3_af\/wp-content\/uploads\/2024\/08\/Anna-Filimonova-fene\u0302tre-BD-1011x1024.jpg 1011w, https:\/\/galeriedeparis.fr\/wp3_af\/wp-content\/uploads\/2024\/08\/Anna-Filimonova-fene\u0302tre-BD-296x300.jpg 296w, https:\/\/galeriedeparis.fr\/wp3_af\/wp-content\/uploads\/2024\/08\/Anna-Filimonova-fene\u0302tre-BD-768x778.jpg 768w\" sizes=\"auto, (max-width: 640px) 100vw, 640px\" \/><\/a><figcaption id=\"caption-attachment-3190\" class=\"wp-caption-text\">Mon oeuvre 80&#215;80 cm r\u00e9alis\u00e9 en 2024 en technique mixte au \u00ab\u00a0Moulin Jaune\u00a0\u00bb &#8211; jardin remarquable de Slava Polounine, c\u00e9l\u00e8bre mime et clouwn russe . Cet univers enchanteur \u00e9tait explor\u00e9 lors des plein airs avec mes coll\u00e8gues de Frenchpleinairpainters.com<\/figcaption><\/figure>\n<p>Le vernissage <strong>le 22 octobre sur invitation uniquement.<\/strong><br \/>\n<strong>Horaires d\u2019ouverture au public<\/strong> :<br \/>\ndu mercredi 23 au dimanche 27 octobre 2024<br \/>\nTous les jours de 11h \u00e0 20h, le dimanche fermeture \u00e0 18h.<br \/>\nEntr\u00e9e payante Plein tarif : 15\u20ac<br \/>\nTarif r\u00e9duit : 12\u20ac (de 12 \u00e0 26 ans, \u00e9tudiants, carte famille nombreuse)<br \/>\nEntr\u00e9e gratuite : moins de 12 ans, \u00e9tudiant en art, demandeurs d&#8217;emploi, Minist\u00e8re de la culture, presse, MDPH (+ 1 accompagnant)<\/p>\n<p>Le <a href=\"https:\/\/www.salon-automne.com\/fr\" target=\"_blank\" rel=\"noopener\">Salon d\u2019Automne<\/a> est une association d\u2019artistes, sans but lucratif, n\u00e9e en 1903, reconnue d\u2019utilit\u00e9 publique depuis 1920, dont le but est l\u2019encouragement et le d\u00e9veloppement des beaux-arts dans toutes ses manifestations et particuli\u00e8rement par des expositions tant en France qu\u2019\u00e0 l\u2019\u00e9tranger. Il organise \u00e0 Paris une grande r\u00e9union annuelle de prestige qui met en avant plusieurs centaines d\u2019\u0153uvres d\u2019art dans toutes les disciplines<\/p>\n","protected":false},"excerpt":{"rendered":"<p>Bonne nouvelle pour le monde de l&rsquo;Art\u00a0 : prochain Salon d&rsquo;Automne revient sur les Champs-Elys\u00e9es. A cette occasion j&rsquo;ai le grand plasir de revenir au Salon. La 121-\u00e8me \u00e9dition aura lieu\u00a0 du mercredi 23 octobre au dimanche 27 octobre 2024 sur\u00a0 Place Clemenceau avenue des Champs-\u00c9lys\u00e9es Elle reprend ses quartiers dans Pavillons \u00e9ph\u00e9m\u00e8res de la &hellip; <\/p>\n<p class=\"link-more\"><a href=\"https:\/\/galeriedeparis.fr\/wp3_af\/?p=3189\" class=\"more-link\">Continuer la lecture<span class=\"screen-reader-text\"> de &laquo;&nbsp;Salon d&rsquo;Automne sur les Champs-Elys\u00e9es en octobre 2024&nbsp;&raquo;<\/span><\/a><\/p>\n","protected":false},"author":5,"featured_media":3190,"comment_status":"closed","ping_status":"closed","sticky":false,"template":"","format":"standard","meta":{"footnotes":""},"categories":[66,1],"tags":[],"class_list":["post-3189","post","type-post","status-publish","format-standard","has-post-thumbnail","hentry","category-c34-filimonova-anna","category-non-classe"],"_links":{"self":[{"href":"https:\/\/galeriedeparis.fr\/wp3_af\/index.php?rest_route=\/wp\/v2\/posts\/3189","targetHints":{"allow":["GET"]}}],"collection":[{"href":"https:\/\/galeriedeparis.fr\/wp3_af\/index.php?rest_route=\/wp\/v2\/posts"}],"about":[{"href":"https:\/\/galeriedeparis.fr\/wp3_af\/index.php?rest_route=\/wp\/v2\/types\/post"}],"author":[{"embeddable":true,"href":"https:\/\/galeriedeparis.fr\/wp3_af\/index.php?rest_route=\/wp\/v2\/users\/5"}],"replies":[{"embeddable":true,"href":"https:\/\/galeriedeparis.fr\/wp3_af\/index.php?rest_route=%2Fwp%2Fv2%2Fcomments&post=3189"}],"version-history":[{"count":6,"href":"https:\/\/galeriedeparis.fr\/wp3_af\/index.php?rest_route=\/wp\/v2\/posts\/3189\/revisions"}],"predecessor-version":[{"id":3209,"href":"https:\/\/galeriedeparis.fr\/wp3_af\/index.php?rest_route=\/wp\/v2\/posts\/3189\/revisions\/3209"}],"wp:featuredmedia":[{"embeddable":true,"href":"https:\/\/galeriedeparis.fr\/wp3_af\/index.php?rest_route=\/wp\/v2\/media\/3190"}],"wp:attachment":[{"href":"https:\/\/galeriedeparis.fr\/wp3_af\/index.php?rest_route=%2Fwp%2Fv2%2Fmedia&parent=3189"}],"wp:term":[{"taxonomy":"category","embeddable":true,"href":"https:\/\/galeriedeparis.fr\/wp3_af\/index.php?rest_route=%2Fwp%2Fv2%2Fcategories&post=3189"},{"taxonomy":"post_tag","embeddable":true,"href":"https:\/\/galeriedeparis.fr\/wp3_af\/index.php?rest_route=%2Fwp%2Fv2%2Ftags&post=3189"}],"curies":[{"name":"wp","href":"https:\/\/api.w.org\/{rel}","templated":true}]}}