{"id":3247,"date":"2025-05-23T10:47:22","date_gmt":"2025-05-23T09:47:22","guid":{"rendered":"https:\/\/galeriedeparis.fr\/wp3_af\/?p=3247"},"modified":"2025-05-23T14:50:50","modified_gmt":"2025-05-23T13:50:50","slug":"anna-filimonova","status":"publish","type":"post","link":"https:\/\/galeriedeparis.fr\/wp3_af\/?p=3247","title":{"rendered":"Anna Filimonova \u00ab\u00a0Correspondances\u00a0\u00bb exposition retrospective de 30 ans de carri\u00e8re"},"content":{"rendered":"\n<p><strong>Salons d\u2019exposition de l\u2019H\u00f4tel de Ville \u2013<a href=\"https:\/\/www.google.fr\/maps\/place\/Mairie+de+La+Celle-Saint-Cloud\/@48.8482315,2.1336991,546m\/data=!3m3!1e3!4b1!5s0x47e67d25df4afc11:0x1789159c90fdd2a8!4m6!3m5!1s0x47e67d266d8d24d7:0x3252455d73d6c402!8m2!3d48.848228!4d2.136274!16s%2Fg%2F1tk6pn6w?entry=ttu&amp;g_ep=EgoyMDI1MDUxNS4xIKXMDSoASAFQAw%3D%3D\" data-type=\"link\" data-id=\"https:\/\/www.google.fr\/maps\/place\/Mairie+de+La+Celle-Saint-Cloud\/@48.8482315,2.1336991,546m\/data=!3m3!1e3!4b1!5s0x47e67d25df4afc11:0x1789159c90fdd2a8!4m6!3m5!1s0x47e67d266d8d24d7:0x3252455d73d6c402!8m2!3d48.848228!4d2.136274!16s%2Fg%2F1tk6pn6w?entry=ttu&amp;g_ep=EgoyMDI1MDUxNS4xIKXMDSoASAFQAw%3D%3D\"> La Celle-Saint-Cloud (78)<\/a><\/strong><\/p>\n\n\n\n<p><strong><\/strong><strong>Du jeudi 11 septembre 2025 au samedi 5 octobre 2025<\/strong><\/p>\n\n\n\n<p>Pour \u00eatre invit\u00e9 (e) au vernisssage<a href=\"https:\/\/forms.gle\/5CNjHKxkFqiKByeD6\" data-type=\"link\" data-id=\"https:\/\/forms.gle\/5CNjHKxkFqiKByeD6\"> remplissez ce lien s&rsquo;il vous plait<\/a><\/p>\n\n\n\n<p>Comuniqu\u00e9 de presse :<img loading=\"lazy\" decoding=\"async\" width=\"750\" height=\"1002\" class=\"wp-image-3251\" style=\"width: 750px;\" src=\"https:\/\/galeriedeparis.fr\/wp3_af\/wp-content\/uploads\/2025\/05\/FILIMONOVA-BD-RENCONTRES-EN-TURQUOISE-AST-61x46-cm-scaled.jpeg\" alt=\"\" srcset=\"https:\/\/galeriedeparis.fr\/wp3_af\/wp-content\/uploads\/2025\/05\/FILIMONOVA-BD-RENCONTRES-EN-TURQUOISE-AST-61x46-cm-scaled.jpeg 1917w, https:\/\/galeriedeparis.fr\/wp3_af\/wp-content\/uploads\/2025\/05\/FILIMONOVA-BD-RENCONTRES-EN-TURQUOISE-AST-61x46-cm-225x300.jpeg 225w, https:\/\/galeriedeparis.fr\/wp3_af\/wp-content\/uploads\/2025\/05\/FILIMONOVA-BD-RENCONTRES-EN-TURQUOISE-AST-61x46-cm-767x1024.jpeg 767w, https:\/\/galeriedeparis.fr\/wp3_af\/wp-content\/uploads\/2025\/05\/FILIMONOVA-BD-RENCONTRES-EN-TURQUOISE-AST-61x46-cm-768x1026.jpeg 768w, https:\/\/galeriedeparis.fr\/wp3_af\/wp-content\/uploads\/2025\/05\/FILIMONOVA-BD-RENCONTRES-EN-TURQUOISE-AST-61x46-cm-1150x1536.jpeg 1150w, https:\/\/galeriedeparis.fr\/wp3_af\/wp-content\/uploads\/2025\/05\/FILIMONOVA-BD-RENCONTRES-EN-TURQUOISE-AST-61x46-cm-1533x2048.jpeg 1533w\" sizes=\"auto, (max-width: 706px) 89vw, (max-width: 767px) 82vw, 740px\" \/><\/p>\n\n\n\n<p><strong>Correspondances : une r\u00e9trospective po\u00e9tique<\/strong> (<a href=\"https:\/\/galeriedeparis.fr\/wp3_af\/wp-content\/uploads\/2025\/05\/Anna-Filimonova.communique-de-presse_compressed.pdf\" data-type=\"link\" data-id=\"https:\/\/galeriedeparis.fr\/wp3_af\/wp-content\/uploads\/2025\/05\/Anna-Filimonova.communique-de-presse_compressed.pdf\"> t\u00e9l\u00e9chargez la version PDF)<\/a><\/p>\n\n\n\n<p><strong>L\u2019exposition c\u00e9l\u00e8bre trente ann\u00e9es d\u2019une \u0153uvre profond\u00e9ment incarn\u00e9e, o\u00f9 la peinture devient \u00e0 la fois langage, m\u00e9moire et r\u00e9sonance int\u00e9rieure. Rassemblant pr\u00e8s de cent \u0153uvres, dont une soixantaine de toiles \u00e0 l\u2019huile, cette r\u00e9trospective retrace \u00e0 la fois l\u2019\u00e9volution d\u2019un style figuratif, \u00e9mancip\u00e9 dans une libert\u00e9 expressive nourrie par l\u2019intuition, la lumi\u00e8re et le mouvement, ainsi que les correspondances que l\u2019artiste a su tisser entre sa ville natale de Saint-P\u00e9tersbourg et la France &#8211; qu\u2019elle n\u2019a cess\u00e9e de peindre tout au long de sa carri\u00e8re.<\/strong><\/p>\n\n\n\n<p><strong>L\u2019artiste s\u2019inscrit dans la lign\u00e9e de peintres qui subliment le quotidien, qui cherchent moins \u00e0 figer le r\u00e9el qu\u2019\u00e0 en capter l\u2019\u00e9lan, la lumi\u00e8re fugace, le souffle du vivant. Ici, les couleurs parlent, les lignes chantent. \u00c0 la mani\u00e8re de Monet ou de C\u00e9zanne, Anna Filimonova peint ce qui palpite : une silhouette en mouvement, un jardin travers\u00e9 par le vent, un regard saisi dans le silence&#8230; Ses \u0153uvres repr\u00e9sentent des instants suspendus, fragiles et intenses, o\u00f9 la po\u00e9sie retrace la mati\u00e8re de la peinture.<\/strong> <strong>Pour Anna<\/strong><strong> Filimonova, cette exposition Correspondances n\u2019est pas une simple r\u00e9trospective : c\u2019est une d\u00e9claration d\u2019amour \u00e0 la France, et plus encore \u00e0 Paris, cette ville dont elle est tomb\u00e9e \u00e9perdument amoureuse en y posant ses valises en 1992. Alors jeune artiste venue de Saint-P\u00e9tersbourg, boursi\u00e8re de l\u2019\u00c9tat fran\u00e7ais, elle d\u00e9couvre une capitale qui ne cesse, depuis, de nourrir son regard et son imaginaire. Trente ans plus tard, c\u2019est toute une vie de cr\u00e9ation qu\u2019elle revisite ici, non pas \u00e0 la mani\u00e8re d\u2019un bilan fig\u00e9, mais comme une fresque vivante, vibrante, travers\u00e9e de lieux divers, de visages, de saisons et d\u2019\u00e9motions. Car pour elle, raconter ces trente ann\u00e9es de peinture, c\u2019est aussi retracer l\u2019\u00e9volution de sa propre perception de son voyage de la Russie \u00e0 la France et de sa culture. Chaque toile, dans cette exposition, refl\u00e8te un moment de transformation int\u00e9rieure autant qu\u2019un fragment de paysage qu\u2019elle a pu traverser. Correspondances incarne la volont\u00e9 d\u2019Anna Filimonova de reprendre la parole picturale avec intensit\u00e9, d\u2019offrir au public non seulement des \u0153uvres, mais un itin\u00e9raire, un t\u00e9moignage vivant de trois d\u00e9cennies de peinture entre deux rives, entre La Seine et la Neva<\/strong><strong>, entre la m\u00e9moire et la lumi\u00e8re, entre l\u2019intime et l\u2019universel.<\/strong><\/p>\n\n\n\n<p><strong>Accueillie et soutenue par la Ville de la Celle-Saint-Cloud, en partenariat avec  la Galerie de Paris (Village Suisse, Paris) et ), l\u2019exposition Correspondances incarne aussi un fort engagement local. Elle c\u00e9l\u00e8bre les parcours artistiques qui, par-del\u00e0 les fronti\u00e8res, tissent des liens entre les cultures, les regards et les sensibilit\u00e9s.<\/strong><\/p>\n","protected":false},"excerpt":{"rendered":"<p>Salons d\u2019exposition de l\u2019H\u00f4tel de Ville \u2013 La Celle-Saint-Cloud (78) Du jeudi 11 septembre 2025 au samedi 5 octobre 2025 Pour \u00eatre invit\u00e9 (e) au vernisssage remplissez ce lien s&rsquo;il vous plait Comuniqu\u00e9 de presse : Correspondances : une r\u00e9trospective po\u00e9tique ( t\u00e9l\u00e9chargez la version PDF) L\u2019exposition c\u00e9l\u00e8bre trente ann\u00e9es d\u2019une \u0153uvre profond\u00e9ment incarn\u00e9e, o\u00f9 &hellip; <\/p>\n<p class=\"link-more\"><a href=\"https:\/\/galeriedeparis.fr\/wp3_af\/?p=3247\" class=\"more-link\">Continuer la lecture<span class=\"screen-reader-text\"> de &laquo;&nbsp;Anna Filimonova \u00ab\u00a0Correspondances\u00a0\u00bb exposition retrospective de 30 ans de carri\u00e8re&nbsp;&raquo;<\/span><\/a><\/p>\n","protected":false},"author":5,"featured_media":3251,"comment_status":"closed","ping_status":"closed","sticky":true,"template":"","format":"standard","meta":{"footnotes":""},"categories":[261,12],"tags":[33,224,32,30,191],"class_list":["post-3247","post","type-post","status-publish","format-standard","has-post-thumbnail","hentry","category-a-la-une","category-expositions","tag-anna-filimonova","tag-exposition-2","tag-filimonova","tag-france","tag-vernissage"],"_links":{"self":[{"href":"https:\/\/galeriedeparis.fr\/wp3_af\/index.php?rest_route=\/wp\/v2\/posts\/3247","targetHints":{"allow":["GET"]}}],"collection":[{"href":"https:\/\/galeriedeparis.fr\/wp3_af\/index.php?rest_route=\/wp\/v2\/posts"}],"about":[{"href":"https:\/\/galeriedeparis.fr\/wp3_af\/index.php?rest_route=\/wp\/v2\/types\/post"}],"author":[{"embeddable":true,"href":"https:\/\/galeriedeparis.fr\/wp3_af\/index.php?rest_route=\/wp\/v2\/users\/5"}],"replies":[{"embeddable":true,"href":"https:\/\/galeriedeparis.fr\/wp3_af\/index.php?rest_route=%2Fwp%2Fv2%2Fcomments&post=3247"}],"version-history":[{"count":11,"href":"https:\/\/galeriedeparis.fr\/wp3_af\/index.php?rest_route=\/wp\/v2\/posts\/3247\/revisions"}],"predecessor-version":[{"id":3261,"href":"https:\/\/galeriedeparis.fr\/wp3_af\/index.php?rest_route=\/wp\/v2\/posts\/3247\/revisions\/3261"}],"wp:featuredmedia":[{"embeddable":true,"href":"https:\/\/galeriedeparis.fr\/wp3_af\/index.php?rest_route=\/wp\/v2\/media\/3251"}],"wp:attachment":[{"href":"https:\/\/galeriedeparis.fr\/wp3_af\/index.php?rest_route=%2Fwp%2Fv2%2Fmedia&parent=3247"}],"wp:term":[{"taxonomy":"category","embeddable":true,"href":"https:\/\/galeriedeparis.fr\/wp3_af\/index.php?rest_route=%2Fwp%2Fv2%2Fcategories&post=3247"},{"taxonomy":"post_tag","embeddable":true,"href":"https:\/\/galeriedeparis.fr\/wp3_af\/index.php?rest_route=%2Fwp%2Fv2%2Ftags&post=3247"}],"curies":[{"name":"wp","href":"https:\/\/api.w.org\/{rel}","templated":true}]}}