{"id":327,"date":"2008-06-24T23:00:00","date_gmt":"2008-06-24T22:00:00","guid":{"rendered":"http:\/\/galeriedeparis.fr\/wp3_af\/?p=327"},"modified":"2013-11-06T23:06:51","modified_gmt":"2013-11-06T22:06:51","slug":"musee-des-beaux-arts-tenshin-juinjuillet-2008","status":"publish","type":"post","link":"https:\/\/galeriedeparis.fr\/wp3_af\/?p=327","title":{"rendered":"Mus\u00e9e des Beaux-Arts TENSHIN &#8211; juin\/juillet 2008"},"content":{"rendered":"<p><meta http-equiv=\"Content-Type\" content=\"text\/html; charset=Shift_JIS\" \/><meta http-equiv=\"Content-Style-Type\" content=\"text\/css\" \/><meta name=\"keywords\" content=\"Art \u00c9poque,Salon 2008 de la Soci\u00e9t\u00e9 Nationale des Beaux-Arts,Art \u00c9poque au en Ibaraki\" \/><meta name=\"description\" content=\"Salon 2008 de la Societe Nationale des Beaux-Arts et Art \u00c9poque en Ibaraki \u00abEntre Ciel et Terre\u00bb\" \/>\t<link href=\"css\/header.css\" rel=\"stylesheet\" type=\"text\/css\" \/> \t<link href=\"css\/index.css\" rel=\"stylesheet\" type=\"text\/css\" \/> \t<link href=\"css\/footer.css\" rel=\"stylesheet\" type=\"text\/css\" \/>\n<div id=\"outline\">\n<div class=\"outline-marign\">\n<div class=\"main\">\n<h3>150\u00e8me anniversaire des relations franco-japonaises<\/h3>\n<h1>Salon 2008 de la Soci\u00e9t\u00e9 Nationale des Beaux-Arts<br \/>\net Art \u00c9poque en Ibaraki pr\u00e9sentent<\/h1>\n<h2>\u00abEntre Ciel et Terre\u00bb<\/h2>\n<h3>Dates : du 25 juin 2008 au 06 juillet 2008<br \/>\nDe 9 h 30 a 17 h 00<\/h3>\n<h3>Lieu : Mus\u00e9e des Beaux-Arts TENSHIN<br \/>\n(D\u00e9partement d&rsquo;Ibaraki)<br \/>\nSalles B et C &lt;entr\u00e9e libre&gt;<\/h3>\n<p>2083, Tsubaki Otsu-cho Kitaibaraki-Shi<br \/>\n319-1703 IBARAKI pr\u00e9f. JAPON<br \/>\nTel: (0081) 293-46-5311<\/p>\n<h4>Organisateurs \uff1a<br \/>\nArt \u00c9poque et Soci\u00e9t\u00e9 Nationale des Beaux-Arts<\/h4>\n<\/div>\n<\/div>\n<\/div>\n<p><a href=\" URL:\/\/http\/\/www.espace96.com\/salon2008\/\" target=\"_blank\"> URL:http:\/\/www.espace96.com\/salon2008\/<\/a><\/p>\n<h4>Autres Partenaires :<br \/>\nMinistere des Affaires Etrangeres,<br \/>\nService Culturel de l&rsquo;Ambassade de France au Japon,<br \/>\nPrefecture d&rsquo;Ibaraki, Comite Educatif du departement d&rsquo;Ibaraki,<br \/>\nMito Keisei Grand Magasin Co.,Ltd., IBARAKI Shinbun (le quotidien),<br \/>\nASAHI Shinbun (le quotidien) &#8211; Siege regional de Mito,<br \/>\nYOMIURI Shinbun (le quotidien) &#8211; Succursale de Mito,<br \/>\nMAINICHI Shinbun (le quotidien) &#8211; Succursale de Mito,<br \/>\nNHK &#8211; Bureau de Mito, IBS &#8211; Station d&rsquo;Ibaraki<\/h4>\n<table id=\"contact-tbl\">\n<tbody>\n<tr>\n<td class=\"leftside\">Contact : MAKI Yo\u00efchi<\/td>\n<td class=\"rightside\">Contact : YOSHIDA Shigeyuki<\/td>\n<\/tr>\n<tr>\n<td class=\"leftside\">(Le Pr\u00e9sident d&rsquo;Art \u00c9poque \/ Le Soci\u00e9taire de la SNBA)<\/td>\n<td class=\"rightside\">(Directeur de l&rsquo;Espace Homme \/ Tr\u00e9soriers d&rsquo;Art \u00c9poque)<\/td>\n<\/tr>\n<tr>\n<td class=\"leftside\">3444-12, Higashi-Ishikawa Hitachinaka-Shi<br \/>\n312-0052 IBARAKI pr\u00e9f. JAPON<br \/>\nTel: (0081) 29-273-9887<br \/>\nE-mail:maquis_y@pa2.so-net.ne.jp<\/td>\n<td class=\"rightside\">SANKI Lease Co.,Ltd.(2F) 302, Takaba Hitachinaka-Shi<br \/>\n312-0062 IBARAKI pr\u00e9f. JAPON<br \/>\nE-mail:espace@wa2.so-net.ne.jp<\/td>\n<\/tr>\n<\/tbody>\n<\/table>\n<p><!-- end main --><\/p>\n<div class=\"side\">\n<ul class=\"updatelist\">\n<li><a href=\"http:\/\/www.espace96.com\/salon2008\/artistes.html\" target=\"_blank\">exposant\uff082008\/05\/01\uff09<\/a><\/li>\n<\/ul>\n<\/div>\n<p><!-- end side --><\/p>\n<p><!-- end outline-marign --><\/p>\n<p><!-- end outline --><\/p>\n<div id=\"footer\">\n<p>copyright(C)2008 Art\u00c9poque<\/p>\n<\/div>\n","protected":false},"excerpt":{"rendered":"<p>150\u00e8me anniversaire des relations franco-japonaises Salon 2008 de la Soci\u00e9t\u00e9 Nationale des Beaux-Arts et Art \u00c9poque en Ibaraki pr\u00e9sentent \u00abEntre Ciel et Terre\u00bb Dates : du 25 juin 2008 au 06 juillet 2008 De 9 h 30 a 17 h 00 Lieu : Mus\u00e9e des Beaux-Arts TENSHIN (D\u00e9partement d&rsquo;Ibaraki) Salles B et C &lt;entr\u00e9e libre&gt; &hellip; <\/p>\n<p class=\"link-more\"><a href=\"https:\/\/galeriedeparis.fr\/wp3_af\/?p=327\" class=\"more-link\">Continuer la lecture<span class=\"screen-reader-text\"> de &laquo;&nbsp;Mus\u00e9e des Beaux-Arts TENSHIN &#8211; juin\/juillet 2008&nbsp;&raquo;<\/span><\/a><\/p>\n","protected":false},"author":1,"featured_media":324,"comment_status":"open","ping_status":"open","sticky":false,"template":"","format":"standard","meta":{"footnotes":""},"categories":[66],"tags":[33,88,248,32,30,87,244,34,246,245,243,29,35,247],"class_list":["post-327","post","type-post","status-publish","format-standard","has-post-thumbnail","hentry","category-c34-filimonova-anna","tag-anna-filimonova","tag-artiste","tag-entre-ciel-et-terre","tag-filimonova","tag-france","tag-galerie-de-paris","tag-ibaraki","tag-japon","tag-maki-yoichi","tag-musee-des-beaux-arts-tenshin","tag-nationale-des-beaux-arts","tag-paris","tag-russie","tag-yoshida-shigeyuki"],"_links":{"self":[{"href":"https:\/\/galeriedeparis.fr\/wp3_af\/index.php?rest_route=\/wp\/v2\/posts\/327","targetHints":{"allow":["GET"]}}],"collection":[{"href":"https:\/\/galeriedeparis.fr\/wp3_af\/index.php?rest_route=\/wp\/v2\/posts"}],"about":[{"href":"https:\/\/galeriedeparis.fr\/wp3_af\/index.php?rest_route=\/wp\/v2\/types\/post"}],"author":[{"embeddable":true,"href":"https:\/\/galeriedeparis.fr\/wp3_af\/index.php?rest_route=\/wp\/v2\/users\/1"}],"replies":[{"embeddable":true,"href":"https:\/\/galeriedeparis.fr\/wp3_af\/index.php?rest_route=%2Fwp%2Fv2%2Fcomments&post=327"}],"version-history":[{"count":2,"href":"https:\/\/galeriedeparis.fr\/wp3_af\/index.php?rest_route=\/wp\/v2\/posts\/327\/revisions"}],"predecessor-version":[{"id":1201,"href":"https:\/\/galeriedeparis.fr\/wp3_af\/index.php?rest_route=\/wp\/v2\/posts\/327\/revisions\/1201"}],"wp:featuredmedia":[{"embeddable":true,"href":"https:\/\/galeriedeparis.fr\/wp3_af\/index.php?rest_route=\/wp\/v2\/media\/324"}],"wp:attachment":[{"href":"https:\/\/galeriedeparis.fr\/wp3_af\/index.php?rest_route=%2Fwp%2Fv2%2Fmedia&parent=327"}],"wp:term":[{"taxonomy":"category","embeddable":true,"href":"https:\/\/galeriedeparis.fr\/wp3_af\/index.php?rest_route=%2Fwp%2Fv2%2Fcategories&post=327"},{"taxonomy":"post_tag","embeddable":true,"href":"https:\/\/galeriedeparis.fr\/wp3_af\/index.php?rest_route=%2Fwp%2Fv2%2Ftags&post=327"}],"curies":[{"name":"wp","href":"https:\/\/api.w.org\/{rel}","templated":true}]}}