{"id":463,"date":"2004-09-01T23:00:00","date_gmt":"2004-09-01T22:00:00","guid":{"rendered":"http:\/\/galeriedeparis.fr\/wp3_af\/?p=463"},"modified":"2013-10-17T00:43:27","modified_gmt":"2013-10-16T23:43:27","slug":"interview-danna-filimonova-double-culture-2-septembre-2004","status":"publish","type":"post","link":"https:\/\/galeriedeparis.fr\/wp3_af\/?p=463","title":{"rendered":"Interview d&rsquo;Anna Filimonova &#8211; Double Culture &#8211; 2 septembre 2004"},"content":{"rendered":"<p><a href=\"http:\/\/web2.radio-france.fr\/chaines\/france-culture\/emissions\/doublecult\/fiche.php?diffusion_id=24416\" target=\"_blank\">\u00a0<\/a><\/p>\n<p>&nbsp;<\/p>\n<p>1967 &#8211; Anna Filimonova est n\u00e9e \u00e0 Saint~P\u00e9tersbourg, Russie dans une famille de scientifiques .<\/p>\n<p>A l&rsquo;\u00e2ge de 7ans elle a son premier professeur de dessin Mme. Zinaida Borkovskaya (\u00e9l\u00e8ve de Bilibine)<br \/>\nAnna commence des \u00e9tudes d&rsquo;art tres t\u00f4t, apr\u00e8s plusieurs ann\u00e9es de cours du soir apr\u00e8s l&rsquo;\u00e9cole, elle entre en 1978 au Lyc\u00e9e des Beaux Arts \u00ab\u00a0Ioganson\u00a0\u00bb, \u00e0 Leningrad, \u00e9tablissement unique en URSS, sp\u00e9cialis\u00e9 pour enfants prometteurs<br \/>\n1985 &#8211; gagne le concours d&rsquo;entr\u00e9e \u00e0 l&rsquo; Acad\u00e9mie des beaux-arts de Saint~P\u00e9tersbourg, Russie<br \/>\n1991 &#8211; obtient le Dipl\u00f4me \u00ab\u00a0Artiste Peintre\u00a0\u00bb gr\u00e2ce au Portrait de Youri Temirkanov chef de l&rsquo;Orchestre Philharmonique de Saint~P\u00e9tersbourg.<br \/>\nPortraits des artistes du Th\u00e9\u00e2tre Kirov (commande) comme celui du violonceliste Shostak.<br \/>\n1992-1993 &#8211; elle obtient une Bourse du Gouvernement Fran\u00e7ais pour un S\u00e9jour \u00e0 La Cit\u00e9 Internationale des Arts de Paris, et elle suit en parall\u00e8le les cours en auditeur libre \u00e0 l&rsquo;\u00c9cole du Louvre, Paris.<br \/>\n1994-1995 elle entre par \u00e9quivalence en D.E.A. \u00e0 la Sorbonne, \u00e0 la facult\u00e9 de Philosophie de l&rsquo;Art et suit des s\u00e9minaires \u00e0 l&rsquo;\u00e9cole de Hautes \u00c9tudes de Sciences Sociales, elle voyage beaucoup en Europe et USA,<br \/>\nau printemps 1995 elle est envoy\u00e9e pour 3 mois \u00e0 New York par Universit\u00e9 Paris I avec une bourse de recherche<br \/>\n1995 &#8211; elle soutient \u00ab\u00a0avec Mention tr\u00e8s bien\u00a0\u00bb son m\u00e9moire de D.E.A. de Philosophie de l&rsquo;art,<br \/>\n\u00e0 l&rsquo;Universit\u00e9 Paris I Sorbonne sous la direction des professeurs Olivier Revault d&rsquo;Allonnes et Gilbert Lascaut.<br \/>\n1991-2001 elle est participante et organisatrice r\u00e9guli\u00e8re des \u00e9v\u00e9nements scientifiques et artistiques, colloques,<br \/>\nconf\u00e9rences, festivals et expositions internationaux, entre autre: elle est invit\u00e9e au Congr\u00e8s Mondial des Artistes relatif \u00e0 la \u00ab\u00a0Recommandation de l&rsquo;UNESCO au pays membres\u00a0\u00bb en juin 1997 \u00e0 Paris, \u00e0 la conf\u00e9rence organis\u00e9e par l&rsquo;AIDEC au C.C.I.de Toulouse en 1997 , en octobre 1997 colloque sur le \u00ab\u00a0Multiculturalisme\u00a0\u00bb au Centre Culturel Canadien.<br \/>\nEn 1998 Anna con\u00e7oit et organise le Colloque Culturel International \u00ab\u00a0Cultures Crois\u00e9es\u00a0\u00bb \u00e0 Paris \u00e0 l&rsquo;IESA ,<br \/>\nAnna Filimonova est mod\u00e9rateur de la Table Ronde dans le cadre du Salon annuel \u00ab\u00a0Itin\u00e9raire\u00a0\u00bb \u00e0 Mairie de Levallois-Perret, France;<br \/>\nEn 2000 elle est \u00e0 la t\u00eate d&rsquo;un \u00e9v\u00e8nement multidisciplinaire Festival \u00ab\u00a0Cultures Crois\u00e9es\u00a0\u00bb qui accompagne son exposition personnelle \u00e0 l&rsquo;Espace St Martin, et elle est l&rsquo;auteur de ce programme multiculturel.<br \/>\nEn novembre 1998 Anna cr\u00e9ait avec son \u00e9poux Jean-Luc Masson le Salon des Batignolles qui ouvre reguli\u00e8rement ses portes et pr\u00e9pare, en ce moment, sa 5\u00e8me saison. Ce salon r\u00e9unit des artistes de tous les horizons<br \/>\nEn 2003 elle a \u00e0 nouveau promu une initiative culturelle d&rsquo;envergure cette fois-ci international.<br \/>\nSous son \u00e9lan association Festival \u00ab\u00a0Cultures Crois\u00e9es\u00a0\u00bb a organis\u00e9 un festival \u00ab\u00a0Paris \u00e0 Saint-P\u00e9tersbourg\u00a0\u00bb accompagnant l&rsquo;exposition personnelle de l&rsquo;artiste \u00e0 la galerie Nevographe sur l&rsquo;avenue Nevsky \u00e0 Saint-P\u00e9tersbrourg, Russie,<br \/>\nPlusieurs participants fran\u00e7ais se sont d\u00e9plac\u00e9s dans le cadre de ce programme multiculturel. Cet \u00e9venement enti\u00e8rement financ\u00e9 par des partenaires priv\u00e9 et par l&rsquo;association a m\u00e9rit\u00e9 d&rsquo;\u00eatre inscrit dans le calendrier officiel des Festivit\u00e9s du Tricentenaire de Saint-P\u00e9tersbourg et il a \u00e9t\u00e9 attribu\u00e9 un dipl\u00f4me de \u00ab\u00a0M\u00e9c\u00e8ne d&rsquo;honneur\u00a0\u00bb \u00e0 l&rsquo;association .<\/p>\n<p>&nbsp;<\/p>\n<p><!-- - PAGE  --><\/p>\n<table style=\"width: 840px;\" border=\"0\" cellspacing=\"0\" cellpadding=\"0\" bgcolor=\"#a6a6a6\">\n<tbody>\n<tr>\n<td width=\"10\" height=\"20\"><img loading=\"lazy\" decoding=\"async\" alt=\"\" src=\"http:\/\/galeriedeparis.fr\/wp3_af\/wp-content\/uploads\/2004\/09\/image.radio-france.fr_img_vide.gif\" width=\"1\" height=\"1\" \/><\/td>\n<td class=\"c10_noir\" width=\"678\">Un site du groupe Radio France \u00a9 RF \/ Droits de reproduction r\u00e9serv\u00e9s.<\/td>\n<td width=\"53\"><a onclick=\"return(PagePrint())\" onmouseover=\"imgSwap('a2','imprimer_on');\" onmouseout=\"imgSwap('a2','imprimer');\" href=\"#\"><img loading=\"lazy\" decoding=\"async\" class=\" size-full wp-image-460\" alt=\"\" src=\"http:\/\/galeriedeparis.fr\/wp3_af\/wp-content\/uploads\/2004\/09\/image.radio-france.fr_chaines_france-culture2_img_boutons_bt_imprimer.gif\" width=\"53\" height=\"11\" name=\"a2\" border=\"0\" \/><\/a><\/td>\n<td width=\"18\" height=\"1\"><img loading=\"lazy\" decoding=\"async\" class=\" size-full wp-image-461\" alt=\"\" src=\"http:\/\/galeriedeparis.fr\/wp3_af\/wp-content\/uploads\/2004\/09\/image.radio-france.fr_img_vide.gif\" width=\"1\" height=\"1\" \/><\/td>\n<td width=\"72\" height=\"1\"><a onmouseover=\"imgSwap('a3','pagetop_on');\" onmouseout=\"imgSwap('a3','pagetop');\" href=\"#pagetop\"><img loading=\"lazy\" decoding=\"async\" class=\" size-full wp-image-462\" alt=\"\" src=\"http:\/\/galeriedeparis.fr\/wp3_af\/wp-content\/uploads\/2004\/09\/image.radio-france.fr_chaines_france-culture2_img_boutons_bt_pagetop.gif\" width=\"72\" height=\"11\" name=\"a3\" border=\"0\" \/><\/a><\/td>\n<td width=\"9\" height=\"1\"><\/td>\n<\/tr>\n<\/tbody>\n<\/table>\n<p><noscript><img decoding=\"async\" src=\"http:\/\/stat3.cybermonitor.com\/radiofrancev3_v?R=lib&amp;S=total\" \/><\/p>\n<p><noscript> &amp;lt;img width=\u00a0\u00bb1&Prime; height=\u00a0\u00bb1&Prime; src=\u00a0\u00bbhttp:\/\/logp.xiti.com\/hit.xiti?s=24121&amp;amp;s2=3&amp;amp;p=chaines\/france-culture\/emissions\/doublecult&amp;amp;\u00a0\u00bb  &amp;gt; &amp;lt;\/mce:noscript&amp;gt; &amp;lt;\/body&amp;gt; &amp;lt;\/html&amp;gt;<\/noscript><\/p>\n","protected":false},"excerpt":{"rendered":"<p>\u00a0 &nbsp; 1967 &#8211; Anna Filimonova est n\u00e9e \u00e0 Saint~P\u00e9tersbourg, Russie dans une famille de scientifiques . A l&rsquo;\u00e2ge de 7ans elle a son premier professeur de dessin Mme. Zinaida Borkovskaya (\u00e9l\u00e8ve de Bilibine) Anna commence des \u00e9tudes d&rsquo;art tres t\u00f4t, apr\u00e8s plusieurs ann\u00e9es de cours du soir apr\u00e8s l&rsquo;\u00e9cole, elle entre en 1978 au &hellip; <\/p>\n<p class=\"link-more\"><a href=\"https:\/\/galeriedeparis.fr\/wp3_af\/?p=463\" class=\"more-link\">Continuer la lecture<span class=\"screen-reader-text\"> de &laquo;&nbsp;Interview d&rsquo;Anna Filimonova &#8211; Double Culture &#8211; 2 septembre 2004&nbsp;&raquo;<\/span><\/a><\/p>\n","protected":false},"author":1,"featured_media":381,"comment_status":"open","ping_status":"open","sticky":false,"template":"","format":"standard","meta":{"footnotes":""},"categories":[73],"tags":[33,94,30,97,87,29],"class_list":["post-463","post","type-post","status-publish","format-standard","has-post-thumbnail","hentry","category-c44-revue-de-presse","tag-anna-filimonova","tag-double-culture","tag-france","tag-france-culture","tag-galerie-de-paris","tag-paris"],"_links":{"self":[{"href":"https:\/\/galeriedeparis.fr\/wp3_af\/index.php?rest_route=\/wp\/v2\/posts\/463","targetHints":{"allow":["GET"]}}],"collection":[{"href":"https:\/\/galeriedeparis.fr\/wp3_af\/index.php?rest_route=\/wp\/v2\/posts"}],"about":[{"href":"https:\/\/galeriedeparis.fr\/wp3_af\/index.php?rest_route=\/wp\/v2\/types\/post"}],"author":[{"embeddable":true,"href":"https:\/\/galeriedeparis.fr\/wp3_af\/index.php?rest_route=\/wp\/v2\/users\/1"}],"replies":[{"embeddable":true,"href":"https:\/\/galeriedeparis.fr\/wp3_af\/index.php?rest_route=%2Fwp%2Fv2%2Fcomments&post=463"}],"version-history":[{"count":4,"href":"https:\/\/galeriedeparis.fr\/wp3_af\/index.php?rest_route=\/wp\/v2\/posts\/463\/revisions"}],"predecessor-version":[{"id":1191,"href":"https:\/\/galeriedeparis.fr\/wp3_af\/index.php?rest_route=\/wp\/v2\/posts\/463\/revisions\/1191"}],"wp:featuredmedia":[{"embeddable":true,"href":"https:\/\/galeriedeparis.fr\/wp3_af\/index.php?rest_route=\/wp\/v2\/media\/381"}],"wp:attachment":[{"href":"https:\/\/galeriedeparis.fr\/wp3_af\/index.php?rest_route=%2Fwp%2Fv2%2Fmedia&parent=463"}],"wp:term":[{"taxonomy":"category","embeddable":true,"href":"https:\/\/galeriedeparis.fr\/wp3_af\/index.php?rest_route=%2Fwp%2Fv2%2Fcategories&post=463"},{"taxonomy":"post_tag","embeddable":true,"href":"https:\/\/galeriedeparis.fr\/wp3_af\/index.php?rest_route=%2Fwp%2Fv2%2Ftags&post=463"}],"curies":[{"name":"wp","href":"https:\/\/api.w.org\/{rel}","templated":true}]}}