{"id":487,"date":"2003-07-14T23:00:00","date_gmt":"2003-07-14T22:00:00","guid":{"rendered":"http:\/\/galeriedeparis.fr\/wp3_af\/?p=487"},"modified":"2013-11-02T11:42:10","modified_gmt":"2013-11-02T10:42:10","slug":"q10-ans-de-paris-a-saint-petersbourg-avec-amourq-mai-2003","status":"publish","type":"post","link":"https:\/\/galeriedeparis.fr\/wp3_af\/?p=487","title":{"rendered":"\u00ab\u00a010 ans de Paris, \u00e0 Saint P\u00e9tersbourg avec amour\u00a0\u00bb  &#8211; Mai 2003"},"content":{"rendered":"<p>Source : <a href=\"http:\/\/www.crossline.com\/filimonova\/stpetb.htm\" target=\"_blank\">http:\/\/www.crossline.com\/filimonova\/stpetb.htm<\/a><\/p>\n<p>&nbsp;<\/p>\n<div align=\"left\">\n<table style=\"width: 765px;\" border=\"0\" cellspacing=\"0\" cellpadding=\"0\" bgcolor=\"#008080\">\n<tbody>\n<tr>\n<td align=\"left\" valign=\"top\" height=\"25\"><\/td>\n<td colspan=\"2\" align=\"right\" valign=\"top\" width=\"434\"><\/td>\n<\/tr>\n<tr>\n<td align=\"center\" valign=\"top\" bgcolor=\"#008080\">\n<div align=\"center\"><center><\/p>\n<table border=\"0\" cellspacing=\"0\" cellpadding=\"0\">\n<tbody>\n<tr>\n<td>\n<div align=\"center\"><center><\/p>\n<table border=\"0\" cellspacing=\"1\" bgcolor=\"#280080\">\n<tbody>\n<tr>\n<td><\/td>\n<\/tr>\n<tr>\n<td bgcolor=\"#280080\"><strong><span style=\"font-family: Verdana; color: #ceeeff;\"><small>La galerie Nevograph est situ\u00e9e<\/small><br \/>\n<small>sur la c\u00e9l\u00e8brissime Perspective <\/small><br \/>\n<small>Nevsky au num\u00e9ro 3,<br \/>\nau c\u0153ur historique de la ville<\/small><\/span><\/strong><br \/>\n<span style=\"color: #280080;\">M<\/span><\/td>\n<\/tr>\n<tr>\n<td><\/td>\n<\/tr>\n<\/tbody>\n<\/table>\n<p>&nbsp;<\/p>\n<p><\/center><\/div>\n<\/td>\n<\/tr>\n<tr>\n<td align=\"center\" valign=\"top\" bgcolor=\"#008080\"><strong><span style=\"color: #ffff00;\"><span style=\"font-family: Verdana;\"><br \/>\n<small>\u00e0 L&rsquo;occasion de cette exposition<\/small><br \/>\n<small>Anna Filimonova a propos\u00e9 <\/small><br \/>\n<small>\u00e0 ses amis de d\u00e9couvrir <\/small><br \/>\n<small>sa ville natale. <\/small><br \/>\n<\/span><span style=\"font-family: Verdana; font-size: x-small;\">Certains internautes<br \/>\nse sont joints \u00e0 ce voyage<br \/>\nvous pouvez d\u00e9couvrir<br \/>\n<\/span><\/span><span style=\"font-family: Verdana; color: #ffff00; font-size: x-small;\">des t\u00e9moignages et T\u00e9l\u00e9charger<br \/>\n<a href=\"http:\/\/galeriedeparis.fr\/wp3_af\/wp-content\/uploads\/2003\/07\/voyage.pdf\">le programme du voyage<\/a><\/span><\/strong><img loading=\"lazy\" decoding=\"async\" class=\" size-full wp-image-472\" alt=\"ecolbeauxart.gif (13783 octets)\" src=\"http:\/\/galeriedeparis.fr\/wp3_af\/wp-content\/uploads\/2003\/07\/www.crossline.com_filimonova_russe_ecolbeauxart.gif\" width=\"142\" height=\"100\" \/><\/td>\n<\/tr>\n<\/tbody>\n<\/table>\n<p>&nbsp;<\/p>\n<p><\/center><\/div>\n<\/td>\n<td align=\"center\" valign=\"top\">\n<div align=\"center\"><center><\/p>\n<table border=\"0\" cellspacing=\"0\" cellpadding=\"0\">\n<tbody>\n<tr>\n<td align=\"center\" valign=\"top\"><span style=\"font-family: Verdana; color: #ceeeff;\"><span style=\"font-family: Verdana; color: #ceeeff;\"><strong><small>en 2003 la ville natale d\u2019Anna Filimonova<\/small><br \/>\n<small><br \/>\n<\/small><a href=\"http:\/\/petersburgcity.com\/\" target=\"_blank\"><big>Saint-P\u00e9tersbourg<\/big><br \/>\n<big>f\u00eate ses 300 Ans<\/big><\/a><\/strong><\/span><\/span><small>durant la p\u00e9riode des <\/small><br \/>\n<small>Festivit\u00e9s Officielles<small> <\/small><\/small><br \/>\n<small>Du 15 au 30 mai 2003<br \/>\nAnna Filimonova a pr\u00e9sent\u00e9 <\/small><br \/>\n<small>son exposition<\/small> <small>\u00ab\u00a010 ans de Paris,<\/small><br \/>\n<small>\u00e0 Saint P\u00e9tersbourg avec amour\u00a0\u00bb <\/small><\/p>\n<p><img loading=\"lazy\" decoding=\"async\" class=\" size-full wp-image-473\" alt=\"paris by nigth\" src=\"http:\/\/galeriedeparis.fr\/wp3_af\/wp-content\/uploads\/2003\/07\/www.crossline.com_filimonova_russe_parisbynigth.gif\" width=\"300\" height=\"88\" \/> <small><br \/>\npropos\u00e9e comme une r\u00e9trospective de <\/small><br \/>\n<small>ses 10 ans de vie et de travail en Occident<\/small><\/p>\n<p><span style=\"font-family: Verdana; color: #ceeeff; font-size: x-small;\"><strong>cette exposition a permis<br \/>\n\u00e0 Anna Filimonova<br \/>\nde faire un cadeau \u00e0 la ville<br \/>\nsous la forme du<\/strong><\/span><\/p>\n<p><strong><span style=\"font-family: Verdana; color: #ceeeff; font-size: medium;\">Festival<\/span><\/strong><\/p>\n<p><a href=\"stpetbfesti.htm\"><strong><span style=\"font-family: Verdana; color: #ff00ff; font-size: medium;\">\u00ab\u00a0Paris \u00e0 Saint-P\u00e9tersbourg\u00a0\u00bb<\/span><\/strong><\/a><\/p>\n<p><span style=\"font-family: Verdana; color: #8080ff;\"><strong>\u00a0<\/strong><\/span><\/td>\n<\/tr>\n<tr>\n<td>\n<p align=\"center\"><strong><span style=\"font-family: Verdana; color: #ceeeff;\"><small>organis\u00e9 sous l&rsquo;\u00e9gide <\/small><br \/>\n<small>de l&rsquo;association loi 1901<\/small><big><br \/>\n<\/big>\u00a0\u00bb <a href=\"..\/hp\">Festival Cultures Crois\u00e9es<\/a> \u00ab\u00a0<a href=\"..\/hp\"><br \/>\n<\/a><\/span><span style=\"font-family: Arial; color: #ffffff;\"><small>titulaire du <\/small><br \/>\n<small>Dipl\u00f4me de M\u00e9c\u00e8ne d&rsquo;honneur du Tricentenaire<\/small><\/span><\/strong><\/p>\n<p align=\"center\">.<a href=\"StPet2003\/bo3bpat.htm\"><img loading=\"lazy\" decoding=\"async\" class=\" size-full wp-image-476\" alt=\"diplomep.jpg (122106 octets)\" src=\"http:\/\/galeriedeparis.fr\/wp3_af\/wp-content\/uploads\/2003\/07\/www.crossline.com_filimonova_StPet2003_diplomep.jpg\" width=\"88\" height=\"116\" \/><\/a><\/p>\n<\/td>\n<\/tr>\n<tr>\n<td>\n<p align=\"center\"><span style=\"font-family: Verdana; color: #ceeeff;\"><strong><small>cet \u00e9v\u00e8nement a \u00e9t\u00e9 cr\u00e9e en partenariat<\/small><br \/>\n<small>avec <\/small>la galerie d\u2019art \u00ab\u00a0Nevographe\u00a0\u00bb<br \/>\n<\/strong><\/span><\/p>\n<p align=\"center\"><span style=\"font-family: Verdana; color: #ceeeff;\"><strong><a href=\"http:\/\/www.spb300.com\/cal_5.shtml\" target=\"_blank\"><small><small>inscrit dans le calendrier officiel des<\/small><\/small><br \/>\n<small><small>manifestations par le Comit\u00e9 \u00ab\u00a0SPb300\u00a0\u00bb<\/small><\/small><\/a><small><small> <\/small><\/small><\/strong><\/span><\/p>\n<\/td>\n<\/tr>\n<\/tbody>\n<\/table>\n<p>&nbsp;<\/p>\n<p><\/center><\/div>\n<\/td>\n<td align=\"center\" valign=\"top\">\n<div align=\"center\"><center><\/p>\n<table border=\"0\" cellspacing=\"0\" cellpadding=\"0\">\n<tbody>\n<tr>\n<td align=\"center\" valign=\"top\" width=\"155\"><a href=\"http:\/\/petersburgcity.com\/\" target=\"_blank\"><img loading=\"lazy\" decoding=\"async\" class=\" size-full wp-image-477\" alt=\"logo 300 st. pet.\" src=\"http:\/\/galeriedeparis.fr\/wp3_af\/wp-content\/uploads\/2003\/07\/www.crossline.com_filimonova_russe_logo300stpet.gif\" width=\"129\" height=\"74\" \/><\/a><\/p>\n<p><a href=\"http:\/\/petersburgcity.com\/\" target=\"_blank\"><span style=\"font-family: Verdana; color: #ffffff;\"><strong><small><small>Visitez le <\/small><\/small><br \/>\n<small><small>Site officiel de <\/small><\/small><br \/>\n<small><small>Saint P\u00e9tersbourg 300<\/small><\/small><\/strong><\/span><\/a><\/td>\n<\/tr>\n<tr>\n<td>\n<div align=\"center\"><center><\/p>\n<table border=\"0\" cellspacing=\"0\" cellpadding=\"0\" bgcolor=\"#c0c0c0\">\n<tbody>\n<tr>\n<td align=\"center\" width=\"145\" height=\"96\"><a href=\"NewFCC\/index.htm\"><img loading=\"lazy\" decoding=\"async\" class=\" size-full wp-image-479\" alt=\"atelier d'Anna Filimonova\" src=\"http:\/\/galeriedeparis.fr\/wp3_af\/wp-content\/uploads\/2003\/07\/www.crossline.com_filimonova_batignol_ateliertp.jpg\" width=\"142\" height=\"94\" \/><\/a><\/td>\n<\/tr>\n<tr>\n<td bgcolor=\"#000080\" height=\"15\"><\/td>\n<\/tr>\n<tr>\n<td align=\"center\" valign=\"middle\" height=\"20\"><a href=\"NewFCC\/index.htm\"><small><small><strong><span style=\"font-family: Verdana; color: #400040;\">Visitez le site d&rsquo;Anna<\/span><\/strong><\/small><\/small><\/a><\/td>\n<\/tr>\n<tr>\n<td bgcolor=\"#000080\" height=\"70\"><\/td>\n<\/tr>\n<tr>\n<td align=\"center\" valign=\"middle\" width=\"55\"><strong><a href=\"http:\/\/www.kamabelle.com\/neva\"><span style=\"font-family: Arial; color: #000080;\"><small>Appartement<\/small><br \/>\n<small>\u00e0 louer \u00e0 StPb<\/small><\/span><\/a><\/strong><\/td>\n<\/tr>\n<\/tbody>\n<\/table>\n<p>&nbsp;<\/p>\n<p><\/center><\/div>\n<\/td>\n<\/tr>\n<\/tbody>\n<\/table>\n<p>&nbsp;<\/p>\n<p><\/center><\/div>\n<\/td>\n<\/tr>\n<tr>\n<td align=\"center\" valign=\"top\" bgcolor=\"#008080\">\n<p align=\"center\"><span style=\"font-family: Verdana; color: #ffff00; font-size: x-small;\"><strong><br \/>\nComme cette initiative<br \/>\na remport\u00e9 un vif succ\u00e8s<br \/>\nde nouveaux groupes<br \/>\nseront form\u00e9s<br \/>\npour de nouveaux voyages!<\/strong><\/span><\/p>\n<p align=\"center\"><span style=\"font-family: Verdana; color: #ffff00; font-size: x-small;\"><strong><br \/>\n<a href=\"http:\/\/www.crossline.com\/filimonova\/inscription.htm\" target=\"_blank\">Vous pouvez vous inscrire ici<br \/>\nsi vous d\u00e9sirer \u00eatre inform\u00e9(e)<br \/>\nun prochain voyage<br \/>\nen compagnie d&rsquo;artiste<br \/>\nqui aura lieu<br \/>\nen mai 2004<\/a><\/strong><\/span><\/p>\n<p align=\"center\"><strong><span style=\"font-family: Arial; color: #ffff00;\"><small>Anna Filimonova <\/small><br \/>\n<small>et L&rsquo;Association <\/small><\/span><br \/>\n<span style=\"font-family: Verdana; color: #ffff00;\"><small>\u00ab\u00a0Festival Cultures Crois\u00e9es\u00a0\u00bb<\/small><\/span><br \/>\n<span style=\"font-family: Arial; color: #ffff00;\"><small>vous invitent donc \u00e0 venir <\/small><br \/>\n<small>\u00e0 Saint-P\u00e9tersbourg <\/small><br \/>\n<small>en mai 2004<\/small><\/span><\/strong><\/p>\n<p align=\"center\">\n<p align=\"center\"><a href=\"liensutiles.htm\"><span style=\"font-family: Arial; color: #ffff00;\"><strong><small>\u00ab\u00a0liens utiles sur Saint-P\u00e9tersbourg <\/small><br \/>\n<small>et sites culturels franco-russes\u00a0\u00bb<\/small><\/strong><\/span><\/a><\/p>\n<\/td>\n<td colspan=\"2\" align=\"center\" valign=\"top\" width=\"282\">\n<div align=\"center\"><center><\/p>\n<table border=\"0\" cellspacing=\"0\" cellpadding=\"0\">\n<tbody>\n<tr>\n<td>\n<div align=\"center\"><center><\/p>\n<table border=\"0\" cellspacing=\"0\" cellpadding=\"0\">\n<tbody>\n<tr>\n<td>\n<table style=\"width: 430px;\" border=\"0\" cellspacing=\"1\">\n<tbody>\n<tr>\n<td colspan=\"2\" align=\"center\" valign=\"top\" width=\"300\" height=\"30\"><span style=\"font-family: Arial; color: #ffffff;\"><em><strong><small> Avec l&rsquo;aimable soutien de :<\/small><br \/>\n<\/strong><\/em><\/span><\/td>\n<\/tr>\n<tr>\n<td align=\"center\" valign=\"middle\"><small><span style=\"font-family: Arial; color: #ffffff;\"><strong>Journal \u00ab\u00a0Neva\u00a0\u00bb<\/strong><\/span><\/small><\/td>\n<td align=\"center\" valign=\"middle\"><small><span style=\"font-family: Arial; color: #ffffff;\"><strong>Pulkovo Air Lines<\/strong><\/span><\/small><\/td>\n<\/tr>\n<tr>\n<td align=\"center\" valign=\"middle\"><a href=\"http:\/\/www.nevajournal.spb.ru\" target=\"_blank\"><img loading=\"lazy\" decoding=\"async\" class=\" size-full wp-image-480\" alt=\"Novograph - Journal NEVA\" src=\"http:\/\/galeriedeparis.fr\/wp3_af\/wp-content\/uploads\/2003\/07\/www.crossline.com_filimonova_images_logonev2.jpg\" width=\"132\" height=\"36\" \/><\/a><span style=\"font-family: Verdana; color: #ceeeff;\"><strong><br \/>\n<span style=\"font-size: xx-small;\">appartenant \u00e0 une des<br \/>\nplus anciennes \u00e9ditions<br \/>\nintellectuelles et<br \/>\nlitt\u00e9raires la revue<br \/>\n\u00ab\u00a0Neva\u00a0\u00bb, tres appr\u00e9ci\u00e9e<br \/>\npar les connaisseurs<\/span><\/strong><\/span><\/td>\n<td align=\"center\" valign=\"top\"><a href=\"http:\/\/www.pulkovo.ru\/\" target=\"_blank\"><img loading=\"lazy\" decoding=\"async\" class=\" size-full wp-image-481\" alt=\"pulkovo.gif (3493 octets)\" src=\"http:\/\/galeriedeparis.fr\/wp3_af\/wp-content\/uploads\/2003\/07\/www.crossline.com_filimonova_russe_pulkovo.gif\" width=\"132\" height=\"48\" \/><\/a><\/td>\n<\/tr>\n<tr>\n<td colspan=\"2\" align=\"center\" valign=\"middle\">\n<div align=\"center\"><center><\/p>\n<table style=\"width: 435px;\" border=\"0\" cellpadding=\"2\">\n<tbody>\n<tr>\n<td align=\"center\" valign=\"middle\"><span style=\"font-family: Arial; color: #ffffff;\"><strong><small>B\u00e9atrice<\/small><big> <\/big><small>de Andia,<\/small><\/strong><\/span><\/td>\n<td align=\"center\" valign=\"middle\"><small><span style=\"font-family: Arial; color: #ffffff;\"><strong>Vin du tsar<\/strong><\/span><\/small><\/td>\n<td align=\"center\" valign=\"middle\"><span style=\"font-family: Arial; color: #ffffff;\"><strong><small>Festival <\/small><br \/>\n<a name=\"soutien\"><\/a><small>Cultures Crois\u00e9e<\/small><\/strong><\/span><\/td>\n<\/tr>\n<tr>\n<td align=\"center\" valign=\"top\"><a href=\"http:\/\/www.aavp.com\" target=\"_blank\"><img loading=\"lazy\" decoding=\"async\" class=\" size-full wp-image-482\" alt=\"D.A.A.V.P.\" src=\"http:\/\/galeriedeparis.fr\/wp3_af\/wp-content\/uploads\/2003\/07\/www.crossline.com_filimonova_logodavpp.jpg\" width=\"44\" height=\"63\" \/><\/a><br \/>\n<span style=\"font-family: Verdana; color: #ceeeff; font-size: xx-small;\"><strong>D\u00e9legu\u00e9<br \/>\n\u00e0 l&rsquo;Action Artistique<br \/>\nde la Ville de Paris<\/strong><\/span><\/td>\n<td align=\"center\" valign=\"top\">\n<div align=\"center\"><center><\/p>\n<table border=\"0\" cellspacing=\"0\" cellpadding=\"0\">\n<tbody>\n<tr>\n<td bgcolor=\"#ffffff\" width=\"100\"><a href=\"http:\/\/www.vin-du-tsar.tm.fr\/\" target=\"_blank\"><img loading=\"lazy\" decoding=\"async\" class=\" size-full wp-image-483\" alt=\"vin du tsar\" src=\"http:\/\/galeriedeparis.fr\/wp3_af\/wp-content\/uploads\/2003\/07\/www.crossline.com_filimonova_russe_logovdtp.gif\" width=\"107\" height=\"63\" \/><\/a><\/td>\n<\/tr>\n<\/tbody>\n<\/table>\n<p>&nbsp;<\/p>\n<p><\/center><\/div>\n<\/td>\n<td align=\"center\" valign=\"top\"><a href=\"..\/hp\/\" target=\"_blank\"><img loading=\"lazy\" decoding=\"async\" class=\" size-full wp-image-484\" alt=\"festival cultures crois\u00e9es\" src=\"http:\/\/galeriedeparis.fr\/wp3_af\/wp-content\/uploads\/2003\/07\/www.crossline.com_filimonova_festivalccp.jpg\" width=\"55\" height=\"63\" \/><\/a><\/td>\n<\/tr>\n<\/tbody>\n<\/table>\n<p>&nbsp;<\/p>\n<p><\/center><\/div>\n<\/td>\n<\/tr>\n<tr>\n<td align=\"center\" valign=\"middle\"><strong><small><span style=\"font-family: Arial; color: #ffffff;\">Monomax Ltd.<\/span><\/small><\/strong><\/td>\n<td align=\"center\" valign=\"bottom\"><strong><span style=\"font-family: Arial; color: #ffffff;\"><small>Vin Malesan<\/small><br \/>\n<small>Wiliam Piters<\/small><\/span><\/strong><\/td>\n<\/tr>\n<tr>\n<td align=\"center\" valign=\"top\"><a href=\"http:\/\/www.monomax.org\" target=\"_blank\"><img loading=\"lazy\" decoding=\"async\" class=\" size-full wp-image-485\" alt=\"monomax.gif (3895 octets)\" src=\"http:\/\/galeriedeparis.fr\/wp3_af\/wp-content\/uploads\/2003\/07\/www.crossline.com_filimonova_russe_monomax.gif\" width=\"124\" height=\"42\" \/><\/a><\/td>\n<td align=\"center\" valign=\"top\"><a href=\"http:\/\/www.malesan.ru\/\" target=\"_blank\"><img loading=\"lazy\" decoding=\"async\" class=\" size-full wp-image-486\" alt=\"VinMalesan.gif (14881 octets)\" src=\"http:\/\/galeriedeparis.fr\/wp3_af\/wp-content\/uploads\/2003\/07\/www.crossline.com_filimonova_russe_VinMalesanp.gif\" width=\"124\" height=\"63\" \/><\/a><\/td>\n<\/tr>\n<\/tbody>\n<\/table>\n<\/td>\n<\/tr>\n<\/tbody>\n<\/table>\n<p>&nbsp;<\/p>\n<p><\/center><\/div>\n<\/td>\n<\/tr>\n<\/tbody>\n<\/table>\n<p><\/center><\/div>\n<\/td>\n<\/tr>\n<tr>\n<td align=\"center\" valign=\"top\" bgcolor=\"#008080\"><\/td>\n<td colspan=\"2\" align=\"right\" valign=\"bottom\" width=\"282\" height=\"30\"><span style=\"color: #000080;\">\u00a0<\/span><\/td>\n<\/tr>\n<\/tbody>\n<\/table>\n<\/div>\n","protected":false},"excerpt":{"rendered":"<p>Source : http:\/\/www.crossline.com\/filimonova\/stpetb.htm &nbsp; La galerie Nevograph est situ\u00e9e sur la c\u00e9l\u00e8brissime Perspective Nevsky au num\u00e9ro 3, au c\u0153ur historique de la ville M &nbsp; \u00e0 L&rsquo;occasion de cette exposition Anna Filimonova a propos\u00e9 \u00e0 ses amis de d\u00e9couvrir sa ville natale. Certains internautes se sont joints \u00e0 ce voyage vous pouvez d\u00e9couvrir des t\u00e9moignages &hellip; <\/p>\n<p class=\"link-more\"><a href=\"https:\/\/galeriedeparis.fr\/wp3_af\/?p=487\" class=\"more-link\">Continuer la lecture<span class=\"screen-reader-text\"> de &laquo;&nbsp;\u00ab\u00a010 ans de Paris, \u00e0 Saint P\u00e9tersbourg avec amour\u00a0\u00bb  &#8211; Mai 2003&nbsp;&raquo;<\/span><\/a><\/p>\n","protected":false},"author":1,"featured_media":469,"comment_status":"open","ping_status":"open","sticky":false,"template":"","format":"standard","meta":{"footnotes":""},"categories":[66],"tags":[33,107,35],"class_list":["post-487","post","type-post","status-publish","format-standard","has-post-thumbnail","hentry","category-c34-filimonova-anna","tag-anna-filimonova","tag-retrospective","tag-russie"],"_links":{"self":[{"href":"https:\/\/galeriedeparis.fr\/wp3_af\/index.php?rest_route=\/wp\/v2\/posts\/487","targetHints":{"allow":["GET"]}}],"collection":[{"href":"https:\/\/galeriedeparis.fr\/wp3_af\/index.php?rest_route=\/wp\/v2\/posts"}],"about":[{"href":"https:\/\/galeriedeparis.fr\/wp3_af\/index.php?rest_route=\/wp\/v2\/types\/post"}],"author":[{"embeddable":true,"href":"https:\/\/galeriedeparis.fr\/wp3_af\/index.php?rest_route=\/wp\/v2\/users\/1"}],"replies":[{"embeddable":true,"href":"https:\/\/galeriedeparis.fr\/wp3_af\/index.php?rest_route=%2Fwp%2Fv2%2Fcomments&post=487"}],"version-history":[{"count":2,"href":"https:\/\/galeriedeparis.fr\/wp3_af\/index.php?rest_route=\/wp\/v2\/posts\/487\/revisions"}],"predecessor-version":[{"id":1193,"href":"https:\/\/galeriedeparis.fr\/wp3_af\/index.php?rest_route=\/wp\/v2\/posts\/487\/revisions\/1193"}],"wp:featuredmedia":[{"embeddable":true,"href":"https:\/\/galeriedeparis.fr\/wp3_af\/index.php?rest_route=\/wp\/v2\/media\/469"}],"wp:attachment":[{"href":"https:\/\/galeriedeparis.fr\/wp3_af\/index.php?rest_route=%2Fwp%2Fv2%2Fmedia&parent=487"}],"wp:term":[{"taxonomy":"category","embeddable":true,"href":"https:\/\/galeriedeparis.fr\/wp3_af\/index.php?rest_route=%2Fwp%2Fv2%2Fcategories&post=487"},{"taxonomy":"post_tag","embeddable":true,"href":"https:\/\/galeriedeparis.fr\/wp3_af\/index.php?rest_route=%2Fwp%2Fv2%2Ftags&post=487"}],"curies":[{"name":"wp","href":"https:\/\/api.w.org\/{rel}","templated":true}]}}