{"id":488,"date":"2008-03-03T23:00:00","date_gmt":"2008-03-03T22:00:00","guid":{"rendered":"http:\/\/galeriedeparis.fr\/wp3_af\/?p=488"},"modified":"2013-11-06T23:03:14","modified_gmt":"2013-11-06T22:03:14","slug":"artem-lart-et-business-en-russier-mars-2008","status":"publish","type":"post","link":"https:\/\/galeriedeparis.fr\/wp3_af\/?p=488","title":{"rendered":"ARTEM : \u00abArt et Business en Russie\u00bb &#8211; Mars 2008"},"content":{"rendered":"<p>Source : <a href=\"http:\/\/blog.icn-groupe.fr\/?p=236\" target=\"_blank\">http:\/\/blog.icn-groupe.fr\/?p=236<\/a><\/p>\n<p><meta http-equiv=\"Content-Type\" content=\"text\/html; charset=UTF-8\" \/><meta name=\"generator\" content=\"WordPress 2.0.1\" \/><!-- pour nos statistiques, ne changez pas cela --> \t<link href=\"http:\/\/blog.icn-groupe.fr\/wp-content\/themes\/default\/style.css\" rel=\"stylesheet\" media=\"screen\" type=\"text\/css\" \/> \t<link title=\"Flux RSS de ICN InfoBlog\" href=\"http:\/\/blog.icn-groupe.fr\/?feed=rss2\" rel=\"alternate\" type=\"application\/rss+xml\" \/> \t<link href=\"http:\/\/blog.icn-groupe.fr\/xmlrpc.php\" rel=\"pingback\" \/> \t<link title=\"RSD\" href=\"http:\/\/blog.icn-groupe.fr\/xmlrpc.php?rsd\" rel=\"EditURI\" type=\"application\/rsd+xml\" \/>\n<div id=\"page\">\n<hr \/>\n<div class=\"widecolumn\" id=\"content\">\n<div class=\"navigation\">\n<div class=\"alignleft\">\u00ab <a href=\"http:\/\/blog.icn-groupe.fr\/?p=235\">International Business Seminars<\/a><\/div>\n<div class=\"alignright\"><a href=\"http:\/\/blog.icn-groupe.fr\/?p=237\">Congr\u00e8s R\u00e9gional J\u2019EST<\/a> \u00bb<\/div>\n<\/div>\n<\/div>\n<\/div>\n<div class=\"post\" id=\"post-236\">\n<h2><a title=\"Lien permanent : Conf\u00e9rence\" href=\"http:\/\/blog.icn-groupe.fr\/?p=236\" rel=\"bookmark\">Conf\u00e9rence<\/a><\/h2>\n<div class=\"entrytext\">\n<p><img decoding=\"async\" alt=\"\" src=\"http:\/\/etudiant.icn-groupe.fr\/com\/blog\/2007-08\/fevrier\/anna.jpg\" align=\"left\" hspace=\"8\" \/>Mardi 4 mars prochain l\u2019artiste \u2013 peintre <strong>Anna Filimonova<\/strong>, membre du Comit\u00e9 Russie &#8211; France de la Mairie de Moscou, Manager de la Galerie d\u2019Art sur le Toit de la Grande Arche de la D\u00e9fense \u00e0 Paris sera pr\u00e9sente \u00e0 l\u2019\u00c9cole de 9h30 \u00e0 17h30.<br \/>\nLe point culminant de cette journ\u00e9e est pr\u00e9vu vers 15h, et sera consacr\u00e9e \u00e0 un sujet d\u2019actualit\u00e9 qui s\u2019inscrit dans la dynamique ARTEM : <strong>\u00abArt et Business en Russie\u00bb.<\/strong><\/p>\n<p class=\"postmetadata alt\"><small> Cet article a \u00e9t\u00e9 publi\u00e9 le Mercredi 13 f\u00e9vrier 2008 \u00e0 13:01 et est class\u00e9 dans <a title=\"Voir tous les articles dans International\" href=\"http:\/\/blog.icn-groupe.fr\/?cat=5\" rel=\"category tag\">International<\/a>. Vous pouvez suivre les r\u00e9ponses re\u00e7ues par cet article gr\u00e2ce au fil <a href=\"http:\/\/blog.icn-groupe.fr\/?feed=rss2&amp;p=236\">RSS 2.0<\/a>. Les commentaires sont ferm\u00e9 pour le moemnet, mais vous pouvez faire un <a href=\"http:\/\/blog.icn-groupe.fr\/wp-trackback.php?p=236 \" rel=\"trackback\">trackback<\/a> depuis votre site.<\/small><\/p>\n<\/div>\n<\/div>\n<hr \/>\n<div id=\"footer\">\n<p>ICN InfoBlog<!-- 18 requetes. 0.121 secondes. --><\/p>\n<\/div>\n<p><!-- Superbe design par Michael Heilemann - http:\/\/binarybonsai.com\/kubrick\/ --><\/p>\n","protected":false},"excerpt":{"rendered":"<p>Source : http:\/\/blog.icn-groupe.fr\/?p=236 \u00ab International Business Seminars Congr\u00e8s R\u00e9gional J\u2019EST \u00bb Conf\u00e9rence Mardi 4 mars prochain l\u2019artiste \u2013 peintre Anna Filimonova, membre du Comit\u00e9 Russie &#8211; France de la Mairie de Moscou, Manager de la Galerie d\u2019Art sur le Toit de la Grande Arche de la D\u00e9fense \u00e0 Paris sera pr\u00e9sente \u00e0 l\u2019\u00c9cole de 9h30 &hellip; <\/p>\n<p class=\"link-more\"><a href=\"https:\/\/galeriedeparis.fr\/wp3_af\/?p=488\" class=\"more-link\">Continuer la lecture<span class=\"screen-reader-text\"> de &laquo;&nbsp;ARTEM : \u00abArt et Business en Russie\u00bb &#8211; Mars 2008&nbsp;&raquo;<\/span><\/a><\/p>\n","protected":false},"author":1,"featured_media":0,"comment_status":"open","ping_status":"open","sticky":false,"template":"","format":"standard","meta":{"footnotes":""},"categories":[73],"tags":[33,109,108,32,111,110,35],"class_list":["post-488","post","type-post","status-publish","format-standard","hentry","category-c44-revue-de-presse","tag-anna-filimonova","tag-art-et-business-en-russie","tag-artem","tag-filimonova","tag-icn","tag-nancy","tag-russie"],"_links":{"self":[{"href":"https:\/\/galeriedeparis.fr\/wp3_af\/index.php?rest_route=\/wp\/v2\/posts\/488","targetHints":{"allow":["GET"]}}],"collection":[{"href":"https:\/\/galeriedeparis.fr\/wp3_af\/index.php?rest_route=\/wp\/v2\/posts"}],"about":[{"href":"https:\/\/galeriedeparis.fr\/wp3_af\/index.php?rest_route=\/wp\/v2\/types\/post"}],"author":[{"embeddable":true,"href":"https:\/\/galeriedeparis.fr\/wp3_af\/index.php?rest_route=\/wp\/v2\/users\/1"}],"replies":[{"embeddable":true,"href":"https:\/\/galeriedeparis.fr\/wp3_af\/index.php?rest_route=%2Fwp%2Fv2%2Fcomments&post=488"}],"version-history":[{"count":2,"href":"https:\/\/galeriedeparis.fr\/wp3_af\/index.php?rest_route=\/wp\/v2\/posts\/488\/revisions"}],"predecessor-version":[{"id":1200,"href":"https:\/\/galeriedeparis.fr\/wp3_af\/index.php?rest_route=\/wp\/v2\/posts\/488\/revisions\/1200"}],"wp:attachment":[{"href":"https:\/\/galeriedeparis.fr\/wp3_af\/index.php?rest_route=%2Fwp%2Fv2%2Fmedia&parent=488"}],"wp:term":[{"taxonomy":"category","embeddable":true,"href":"https:\/\/galeriedeparis.fr\/wp3_af\/index.php?rest_route=%2Fwp%2Fv2%2Fcategories&post=488"},{"taxonomy":"post_tag","embeddable":true,"href":"https:\/\/galeriedeparis.fr\/wp3_af\/index.php?rest_route=%2Fwp%2Fv2%2Ftags&post=488"}],"curies":[{"name":"wp","href":"https:\/\/api.w.org\/{rel}","templated":true}]}}