{"id":490,"date":"2006-06-05T23:00:00","date_gmt":"2006-06-05T22:00:00","guid":{"rendered":"http:\/\/galeriedeparis.fr\/wp3_af\/?p=490"},"modified":"2013-11-06T23:12:55","modified_gmt":"2013-11-06T22:12:55","slug":"cnap-paris-passion-dartistes-juin-2006","status":"publish","type":"post","link":"https:\/\/galeriedeparis.fr\/wp3_af\/?p=490","title":{"rendered":"Cnap &#8211; Paris&#8230; Passion d&rsquo;Artistes &#8211; Juin 2006"},"content":{"rendered":"<p>Source : <a href=\"http:\/\/www.cnap.culture.gouv.fr\/index.php?page=presentation&amp;rep=listeAnnuaire&amp;type=detail&amp;idInstitution=2356&amp;idEvenement=10440&amp;evenement=paris...-passion-d-artistes\" target=\"_blank\">http:\/\/www.cnap.culture.gouv.fr\/index.php?page=presentation&amp;rep=listeAnnuaire&amp;type=detail&amp;idInstitution=2356&amp;idEvenement=10440&amp;evenement=paris&#8230;-passion-d-artistes<\/a><\/p>\n<p>&nbsp;<\/p>\n<h2>2006 &#8211; Paris&#8230; Passion d&rsquo;Artistes<\/h2>\n<p>06\/06\/2006 &gt; 24\/06\/2006<\/p>\n<p>Les regards crois\u00e9s de 9 artistes contemporains sur la capitale<\/p>\n<p>Artistes pr\u00e9sent\u00e9s :<br \/>\nKojiro Akagi (Japon-France), Sergio Birga (Italie-France), Brigitte Camus (France), Pascale Courbot (France), <strong>Anna Filimonova (Russie-France)<\/strong>, Dan Jacobson (France), Masao Haijima (Japon-France), Jean-Michel Mathieux-Marie (France), Dominique Desm\u00e9 (France)<\/p>\n<p>Adresse :<br \/>\nMairie du 9\u00e8me arrondissement<br \/>\n6, rue Drouot<br \/>\n75009 Paris<\/p>\n<p>Horaires :<br \/>\ndu lundi au samedi de 10h \u00e0 17h (nocturne le jeudi jusqu\u2019\u00e0 19h30 ) entr\u00e9e libre<\/p>\n","protected":false},"excerpt":{"rendered":"<p>Source : http:\/\/www.cnap.culture.gouv.fr\/index.php?page=presentation&amp;rep=listeAnnuaire&amp;type=detail&amp;idInstitution=2356&amp;idEvenement=10440&amp;evenement=paris&#8230;-passion-d-artistes &nbsp; 2006 &#8211; Paris&#8230; Passion d&rsquo;Artistes 06\/06\/2006 &gt; 24\/06\/2006 Les regards crois\u00e9s de 9 artistes contemporains sur la capitale Artistes pr\u00e9sent\u00e9s : Kojiro Akagi (Japon-France), Sergio Birga (Italie-France), Brigitte Camus (France), Pascale Courbot (France), Anna Filimonova (Russie-France), Dan Jacobson (France), Masao Haijima (Japon-France), Jean-Michel Mathieux-Marie (France), Dominique Desm\u00e9 (France) Adresse : Mairie &hellip; <\/p>\n<p class=\"link-more\"><a href=\"https:\/\/galeriedeparis.fr\/wp3_af\/?p=490\" class=\"more-link\">Continuer la lecture<span class=\"screen-reader-text\"> de &laquo;&nbsp;Cnap &#8211; Paris&#8230; Passion d&rsquo;Artistes &#8211; Juin 2006&nbsp;&raquo;<\/span><\/a><\/p>\n","protected":false},"author":1,"featured_media":489,"comment_status":"open","ping_status":"open","sticky":false,"template":"","format":"standard","meta":{"footnotes":""},"categories":[66],"tags":[33,88,112,216,32,30,115,87,34,113,114,29,35],"class_list":["post-490","post","type-post","status-publish","format-standard","has-post-thumbnail","hentry","category-c34-filimonova-anna","tag-anna-filimonova","tag-artiste","tag-cnap","tag-exposition-france-russie-japon","tag-filimonova","tag-france","tag-galerie","tag-galerie-de-paris","tag-japon","tag-mairie-9","tag-mairie-ix","tag-paris","tag-russie"],"_links":{"self":[{"href":"https:\/\/galeriedeparis.fr\/wp3_af\/index.php?rest_route=\/wp\/v2\/posts\/490","targetHints":{"allow":["GET"]}}],"collection":[{"href":"https:\/\/galeriedeparis.fr\/wp3_af\/index.php?rest_route=\/wp\/v2\/posts"}],"about":[{"href":"https:\/\/galeriedeparis.fr\/wp3_af\/index.php?rest_route=\/wp\/v2\/types\/post"}],"author":[{"embeddable":true,"href":"https:\/\/galeriedeparis.fr\/wp3_af\/index.php?rest_route=\/wp\/v2\/users\/1"}],"replies":[{"embeddable":true,"href":"https:\/\/galeriedeparis.fr\/wp3_af\/index.php?rest_route=%2Fwp%2Fv2%2Fcomments&post=490"}],"version-history":[{"count":2,"href":"https:\/\/galeriedeparis.fr\/wp3_af\/index.php?rest_route=\/wp\/v2\/posts\/490\/revisions"}],"predecessor-version":[{"id":1202,"href":"https:\/\/galeriedeparis.fr\/wp3_af\/index.php?rest_route=\/wp\/v2\/posts\/490\/revisions\/1202"}],"wp:featuredmedia":[{"embeddable":true,"href":"https:\/\/galeriedeparis.fr\/wp3_af\/index.php?rest_route=\/wp\/v2\/media\/489"}],"wp:attachment":[{"href":"https:\/\/galeriedeparis.fr\/wp3_af\/index.php?rest_route=%2Fwp%2Fv2%2Fmedia&parent=490"}],"wp:term":[{"taxonomy":"category","embeddable":true,"href":"https:\/\/galeriedeparis.fr\/wp3_af\/index.php?rest_route=%2Fwp%2Fv2%2Fcategories&post=490"},{"taxonomy":"post_tag","embeddable":true,"href":"https:\/\/galeriedeparis.fr\/wp3_af\/index.php?rest_route=%2Fwp%2Fv2%2Ftags&post=490"}],"curies":[{"name":"wp","href":"https:\/\/api.w.org\/{rel}","templated":true}]}}