{"id":492,"date":"2000-08-31T23:00:00","date_gmt":"2000-08-31T22:00:00","guid":{"rendered":"http:\/\/galeriedeparis.fr\/wp3_af\/?p=492"},"modified":"2013-09-28T23:16:27","modified_gmt":"2013-09-28T22:16:27","slug":"table-ronde-septembre-200x","status":"publish","type":"post","link":"https:\/\/galeriedeparis.fr\/wp3_af\/?p=492","title":{"rendered":"Table Ronde &#8211; Septembre 200x"},"content":{"rendered":"<p>Source : <a href=\"http:\/\/www.crossline.com\/filimonova\/confernc.htm\" target=\"_blank\">http:\/\/www.crossline.com\/filimonova\/confernc.htm<\/a><\/p>\n<div align=\"center\"><center><\/p>\n<table border=\"5\" cellspacing=\"4\" cellpadding=\"3\" bgcolor=\"#ffffff\">\n<tbody>\n<tr>\n<td align=\"center\" valign=\"middle\" bgcolor=\"#800000\"><strong><big><span style=\"color: #ffffff;\">Anna Filimonova a anim\u00e9 une Table Ronde organis\u00e9e par<br \/>\nL&rsquo;association Itin\u00e9raire, mouvement artistique de Levallois<br \/>\nsur le th\u00e8me<\/span><span style=\"color: #0000a0;\"><br \/>\n<\/span><big><span style=\"color: #ff0000;\">\u00ab\u00a0\u00c9change culturel France-Su\u00e8de\u00a0\u00bb <\/span><\/big><\/big><\/strong><\/td>\n<\/tr>\n<tr>\n<td align=\"center\" valign=\"middle\" bgcolor=\"#800000\"><img loading=\"lazy\" decoding=\"async\" class=\" size-full wp-image-491\" alt=\"Confrnce.gif (103694 octets)\" src=\"http:\/\/galeriedeparis.fr\/wp3_af\/wp-content\/uploads\/2000\/08\/www.crossline.com_filimonova_images_Confrnce.gif\" width=\"538\" height=\"303\" \/><\/td>\n<\/tr>\n<tr>\n<td bgcolor=\"#800000\"><span style=\"color: #ffffff;\"><strong>le 24 septembre \u00e0 16 h salle du conseil municipal de l&rsquo;h\u00f4tel de ville de Levallois Perret<small><br \/>\n<small>De gauche \u00e0 droite :<\/small> Odette Lecerf (pr\u00e9sidente d&rsquo;Itin\u00e9raire), Anna Filimonova, Mme. Grassi (de la Mairie de Levallois), <\/small><br \/>\n<small>Karine Lewin, Dieter Wieczorek.<\/small><\/strong><\/span><\/td>\n<\/tr>\n<tr>\n<td bgcolor=\"#800000\"><big><strong><span style=\"color: #ffffff;\">Deux questions \u00e9taient \u00e0 l&rsquo;ordre du jour<\/span><span style=\"color: #000080;\"><br \/>\n<\/span><span style=\"color: #ff0000;\"><big><em>\u00ab\u00a0Qui encourage l&rsquo;Art aujourd&rsquo;hui dans nos deux pays ?<br \/>\nL&rsquo;Art t\u00e9moin de nos soci\u00e9t\u00e9s ?<\/em><\/big>\u00ab\u00a0<\/span><\/strong><\/big><strong><span style=\"color: #ffffff;\">Intervenants<\/span><span style=\"color: #ffffff;\">:<\/span><\/strong><\/p>\n<p><strong><span style=\"color: #ff0000;\">Sonja Martinson Uppman<\/span><span style=\"color: #ffffff;\">, conseiller culturel aupr\u00e8s de l&rsquo;Ambassade de Su\u00e8de, directeur du centre culturel su\u00e9dois de Paris.<\/span><\/strong><\/p>\n<p><strong><span style=\"color: #ff0000;\">Laurence Boss\u00e9<\/span><span style=\"color: #ffffff;\">, conservateur, responsable de l&rsquo;ARC (Art Recherche Confrontation) au Mus\u00e9e d&rsquo;Art Moderne de la Ville de Paris<\/span><\/strong><\/p>\n<p><strong><span style=\"color: #ff0000;\">Fran\u00e7oise Schmidt<\/span><span style=\"color: #ffffff;\">, directeur g\u00e9n\u00e9ral de l&rsquo;IESA (Institut d&rsquo;\u00c9tude Sup\u00e9rieures des Arts) juriste et consultant<\/span><\/strong><\/p>\n<p><strong><span style=\"color: #ff0000;\">Bernard Goy<\/span><span style=\"color: #ffffff;\">, d\u00e9l\u00e9gu\u00e9 g\u00e9n\u00e9ral du FRAC-Ile de France (Fonds R\u00e9gional d&rsquo;Art Contemporain<\/span><\/strong><\/p>\n<p><strong><span style=\"color: #ff0000;\">Karin Lewin<\/span><span style=\"color: #ffffff;\">, artiste peintre su\u00e9doise <\/span><\/strong><\/p>\n<p><strong><span style=\"color: #ff0000;\">Dieter Wieczorek<\/span><span style=\"color: #ffffff;\">, artiste\/philosophe<\/span><\/strong><\/p>\n<p><span style=\"color: #ffffff;\"><strong>Si vous souhaitez plus d&rsquo;information envoyez nous un message :<\/strong><\/span><\/p>\n<div align=\"center\"><\/div>\n<p><span style=\"color: #ffffff;\"><strong>La Table Ronde \u00e9tait\u00a0 suivie du vernissage de l&rsquo;exposition \u00ab\u00a0Itin\u00e9raire 98 : la Su\u00e8de\u00a0\u00bb, 98 artistes dont 26 Su\u00e9dois.<\/strong><\/span><\/p>\n<p>&nbsp;<\/td>\n<\/tr>\n<\/tbody>\n<\/table>\n<p>&nbsp;<\/p>\n<p><\/center><\/div>\n","protected":false},"excerpt":{"rendered":"<p>Source : http:\/\/www.crossline.com\/filimonova\/confernc.htm Anna Filimonova a anim\u00e9 une Table Ronde organis\u00e9e par L&rsquo;association Itin\u00e9raire, mouvement artistique de Levallois sur le th\u00e8me \u00ab\u00a0\u00c9change culturel France-Su\u00e8de\u00a0\u00bb le 24 septembre \u00e0 16 h salle du conseil municipal de l&rsquo;h\u00f4tel de ville de Levallois Perret De gauche \u00e0 droite : Odette Lecerf (pr\u00e9sidente d&rsquo;Itin\u00e9raire), Anna Filimonova, Mme. Grassi (de &hellip; <\/p>\n<p class=\"link-more\"><a href=\"https:\/\/galeriedeparis.fr\/wp3_af\/?p=492\" class=\"more-link\">Continuer la lecture<span class=\"screen-reader-text\"> de &laquo;&nbsp;Table Ronde &#8211; Septembre 200x&nbsp;&raquo;<\/span><\/a><\/p>\n","protected":false},"author":1,"featured_media":491,"comment_status":"open","ping_status":"open","sticky":false,"template":"","format":"standard","meta":{"footnotes":""},"categories":[66],"tags":[238],"class_list":["post-492","post","type-post","status-publish","format-standard","has-post-thumbnail","hentry","category-c34-filimonova-anna","tag-iesa"],"_links":{"self":[{"href":"https:\/\/galeriedeparis.fr\/wp3_af\/index.php?rest_route=\/wp\/v2\/posts\/492","targetHints":{"allow":["GET"]}}],"collection":[{"href":"https:\/\/galeriedeparis.fr\/wp3_af\/index.php?rest_route=\/wp\/v2\/posts"}],"about":[{"href":"https:\/\/galeriedeparis.fr\/wp3_af\/index.php?rest_route=\/wp\/v2\/types\/post"}],"author":[{"embeddable":true,"href":"https:\/\/galeriedeparis.fr\/wp3_af\/index.php?rest_route=\/wp\/v2\/users\/1"}],"replies":[{"embeddable":true,"href":"https:\/\/galeriedeparis.fr\/wp3_af\/index.php?rest_route=%2Fwp%2Fv2%2Fcomments&post=492"}],"version-history":[{"count":4,"href":"https:\/\/galeriedeparis.fr\/wp3_af\/index.php?rest_route=\/wp\/v2\/posts\/492\/revisions"}],"predecessor-version":[{"id":1147,"href":"https:\/\/galeriedeparis.fr\/wp3_af\/index.php?rest_route=\/wp\/v2\/posts\/492\/revisions\/1147"}],"wp:featuredmedia":[{"embeddable":true,"href":"https:\/\/galeriedeparis.fr\/wp3_af\/index.php?rest_route=\/wp\/v2\/media\/491"}],"wp:attachment":[{"href":"https:\/\/galeriedeparis.fr\/wp3_af\/index.php?rest_route=%2Fwp%2Fv2%2Fmedia&parent=492"}],"wp:term":[{"taxonomy":"category","embeddable":true,"href":"https:\/\/galeriedeparis.fr\/wp3_af\/index.php?rest_route=%2Fwp%2Fv2%2Fcategories&post=492"},{"taxonomy":"post_tag","embeddable":true,"href":"https:\/\/galeriedeparis.fr\/wp3_af\/index.php?rest_route=%2Fwp%2Fv2%2Ftags&post=492"}],"curies":[{"name":"wp","href":"https:\/\/api.w.org\/{rel}","templated":true}]}}