{"id":493,"date":"2003-11-02T23:00:00","date_gmt":"2003-11-02T22:00:00","guid":{"rendered":"http:\/\/galeriedeparis.fr\/wp3_af\/?p=493"},"modified":"2013-09-28T23:03:52","modified_gmt":"2013-09-28T22:03:52","slug":"expo-bnp-neuilly-sur-seine-novembre-2003","status":"publish","type":"post","link":"https:\/\/galeriedeparis.fr\/wp3_af\/?p=493","title":{"rendered":"Expo BNP Neuilly sur Seine &#8211; Novembre 2003"},"content":{"rendered":"<h2>Exposition de peintures d&rsquo;Anna Filimonova participante des Festivit\u00e9s Officielles du Tricentenaire de Saint-P\u00e9tersbourg,<\/h2>\n<p>du 3 au 28 novembre 2003 \u00e0 la banque <strong>BNP Paris, 168 avenue G\u00e9n\u00e9ral de Gaulle Neuilly sur Seine.<\/strong><\/p>\n<p>Paysages symboliques de la ville de Pierre Le Grand, les relations historiques franco-russe, l&rsquo;attachement de Saint-P\u00e9tersbourg \u00e0 la culture europ\u00e9enne sont au coeur des oeuvres r\u00e9centes de cette artiste parisienne originaire de Saint-P\u00e9tersbourg, cr\u00e9atrice du \u00ab\u00a0Festival International Cultures Crois\u00e9es\u00a0\u00bb.<\/p>\n<dl>\n<dd>Extrait des LES NEWS DE LA COM\u2019 Le journal de la Commission Extra Municipale des Jeunes de Neuilly NOVEMBRE 2003<\/dd>\n<\/dl>\n","protected":false},"excerpt":{"rendered":"<p>Exposition de peintures d&rsquo;Anna Filimonova participante des Festivit\u00e9s Officielles du Tricentenaire de Saint-P\u00e9tersbourg, du 3 au 28 novembre 2003 \u00e0 la banque BNP Paris, 168 avenue G\u00e9n\u00e9ral de Gaulle Neuilly sur Seine. Paysages symboliques de la ville de Pierre Le Grand, les relations historiques franco-russe, l&rsquo;attachement de Saint-P\u00e9tersbourg \u00e0 la culture europ\u00e9enne sont au coeur &hellip; <\/p>\n<p class=\"link-more\"><a href=\"https:\/\/galeriedeparis.fr\/wp3_af\/?p=493\" class=\"more-link\">Continuer la lecture<span class=\"screen-reader-text\"> de &laquo;&nbsp;Expo BNP Neuilly sur Seine &#8211; Novembre 2003&nbsp;&raquo;<\/span><\/a><\/p>\n","protected":false},"author":1,"featured_media":0,"comment_status":"open","ping_status":"open","sticky":false,"template":"","format":"standard","meta":{"footnotes":""},"categories":[66],"tags":[],"class_list":["post-493","post","type-post","status-publish","format-standard","hentry","category-c34-filimonova-anna"],"_links":{"self":[{"href":"https:\/\/galeriedeparis.fr\/wp3_af\/index.php?rest_route=\/wp\/v2\/posts\/493","targetHints":{"allow":["GET"]}}],"collection":[{"href":"https:\/\/galeriedeparis.fr\/wp3_af\/index.php?rest_route=\/wp\/v2\/posts"}],"about":[{"href":"https:\/\/galeriedeparis.fr\/wp3_af\/index.php?rest_route=\/wp\/v2\/types\/post"}],"author":[{"embeddable":true,"href":"https:\/\/galeriedeparis.fr\/wp3_af\/index.php?rest_route=\/wp\/v2\/users\/1"}],"replies":[{"embeddable":true,"href":"https:\/\/galeriedeparis.fr\/wp3_af\/index.php?rest_route=%2Fwp%2Fv2%2Fcomments&post=493"}],"version-history":[{"count":2,"href":"https:\/\/galeriedeparis.fr\/wp3_af\/index.php?rest_route=\/wp\/v2\/posts\/493\/revisions"}],"predecessor-version":[{"id":1140,"href":"https:\/\/galeriedeparis.fr\/wp3_af\/index.php?rest_route=\/wp\/v2\/posts\/493\/revisions\/1140"}],"wp:attachment":[{"href":"https:\/\/galeriedeparis.fr\/wp3_af\/index.php?rest_route=%2Fwp%2Fv2%2Fmedia&parent=493"}],"wp:term":[{"taxonomy":"category","embeddable":true,"href":"https:\/\/galeriedeparis.fr\/wp3_af\/index.php?rest_route=%2Fwp%2Fv2%2Fcategories&post=493"},{"taxonomy":"post_tag","embeddable":true,"href":"https:\/\/galeriedeparis.fr\/wp3_af\/index.php?rest_route=%2Fwp%2Fv2%2Ftags&post=493"}],"curies":[{"name":"wp","href":"https:\/\/api.w.org\/{rel}","templated":true}]}}