{"id":589,"date":"2009-10-10T15:22:42","date_gmt":"2009-10-10T14:22:42","guid":{"rendered":"http:\/\/galeriedeparis.fr\/wp3_af\/?p=589"},"modified":"2013-11-16T18:35:14","modified_gmt":"2013-11-16T17:35:14","slug":"retrouvez-a-filimonova-a-k-akagi-au-grand-palais-nov-09","status":"publish","type":"post","link":"https:\/\/galeriedeparis.fr\/wp3_af\/?p=589","title":{"rendered":"Retrouvez A. Filimonova &#038; K. Akagi lors du salon Art en Capital 2009 au Grand Palais &#8211; Nov. 09"},"content":{"rendered":"<p>Anna Filimonova et Kojiro Akagi exposeront au Salon Art en Capital 2009, du 3 au 9 novembre 2009, au Grand Palais.<\/p>\n<p>Dans les espaces SNBA, Soci\u00e9t\u00e9 Nationale des Beaux-Arts.<\/p>\n<p>Le vernissage d&rsquo;Art en Capital aura lieu le mardi 3 novembre 2009 de 17h00 \u00e0 22h30.<\/p>\n<p>&nbsp;<\/p>\n<p><img loading=\"lazy\" decoding=\"async\" class=\" size-full wp-image-588\" alt=\"Art en Capital - Grand Palais - Novembre 2009\" src=\"http:\/\/galeriedeparis.fr\/wp3_af\/wp-content\/uploads\/2009\/10\/filimonova_2009_invitationRV_L580p.jpg\" width=\"580\" height=\"395\" srcset=\"https:\/\/galeriedeparis.fr\/wp3_af\/wp-content\/uploads\/2009\/10\/filimonova_2009_invitationRV_L580p.jpg 580w, https:\/\/galeriedeparis.fr\/wp3_af\/wp-content\/uploads\/2009\/10\/filimonova_2009_invitationRV_L580p-300x204.jpg 300w, https:\/\/galeriedeparis.fr\/wp3_af\/wp-content\/uploads\/2009\/10\/filimonova_2009_invitationRV_L580p-440x300.jpg 440w\" sizes=\"auto, (max-width: 580px) 100vw, 580px\" \/><\/p>\n<p>&nbsp;<\/p>\n<p>&nbsp;<\/p>\n","protected":false},"excerpt":{"rendered":"<p>Anna Filimonova et Kojiro Akagi exposeront au Salon Art en Capital 2009, du 3 au 9 novembre 2009, au Grand Palais. Dans les espaces SNBA, Soci\u00e9t\u00e9 Nationale des Beaux-Arts. Le vernissage d&rsquo;Art en Capital aura lieu le mardi 3 novembre 2009 de 17h00 \u00e0 22h30. &nbsp; &nbsp; &nbsp;<\/p>\n","protected":false},"author":1,"featured_media":588,"comment_status":"open","ping_status":"open","sticky":false,"template":"","format":"standard","meta":{"footnotes":""},"categories":[66,12],"tags":[177,32,179,180,161,181,182],"class_list":["post-589","post","type-post","status-publish","format-standard","has-post-thumbnail","hentry","category-c34-filimonova-anna","category-expositions","tag-art-en-capital","tag-filimonova","tag-grand-palais","tag-novembre-2009","tag-salon","tag-snba","tag-societe-nationale-des-beaux-arts"],"_links":{"self":[{"href":"https:\/\/galeriedeparis.fr\/wp3_af\/index.php?rest_route=\/wp\/v2\/posts\/589","targetHints":{"allow":["GET"]}}],"collection":[{"href":"https:\/\/galeriedeparis.fr\/wp3_af\/index.php?rest_route=\/wp\/v2\/posts"}],"about":[{"href":"https:\/\/galeriedeparis.fr\/wp3_af\/index.php?rest_route=\/wp\/v2\/types\/post"}],"author":[{"embeddable":true,"href":"https:\/\/galeriedeparis.fr\/wp3_af\/index.php?rest_route=\/wp\/v2\/users\/1"}],"replies":[{"embeddable":true,"href":"https:\/\/galeriedeparis.fr\/wp3_af\/index.php?rest_route=%2Fwp%2Fv2%2Fcomments&post=589"}],"version-history":[{"count":2,"href":"https:\/\/galeriedeparis.fr\/wp3_af\/index.php?rest_route=\/wp\/v2\/posts\/589\/revisions"}],"predecessor-version":[{"id":1219,"href":"https:\/\/galeriedeparis.fr\/wp3_af\/index.php?rest_route=\/wp\/v2\/posts\/589\/revisions\/1219"}],"wp:featuredmedia":[{"embeddable":true,"href":"https:\/\/galeriedeparis.fr\/wp3_af\/index.php?rest_route=\/wp\/v2\/media\/588"}],"wp:attachment":[{"href":"https:\/\/galeriedeparis.fr\/wp3_af\/index.php?rest_route=%2Fwp%2Fv2%2Fmedia&parent=589"}],"wp:term":[{"taxonomy":"category","embeddable":true,"href":"https:\/\/galeriedeparis.fr\/wp3_af\/index.php?rest_route=%2Fwp%2Fv2%2Fcategories&post=589"},{"taxonomy":"post_tag","embeddable":true,"href":"https:\/\/galeriedeparis.fr\/wp3_af\/index.php?rest_route=%2Fwp%2Fv2%2Ftags&post=589"}],"curies":[{"name":"wp","href":"https:\/\/api.w.org\/{rel}","templated":true}]}}