{"id":601,"date":"2009-12-19T00:00:00","date_gmt":"2009-12-18T23:00:00","guid":{"rendered":"http:\/\/galeriedeparis.fr\/wp3_af\/?p=601"},"modified":"2013-11-16T18:40:32","modified_gmt":"2013-11-16T17:40:32","slug":"anna-filimonova-et-kojiro-akagi-au-salon-annuel-de-la-societe-nationale-des-beaux-arts","status":"publish","type":"post","link":"https:\/\/galeriedeparis.fr\/wp3_af\/?p=601","title":{"rendered":"Meilleurs v\u0153ux  ! Bonne Ann\u00e9e 2010"},"content":{"rendered":"<h1>Les Artistes de la Galerie de Paris\u00a0 : Anna Filimonova, Kojiro Akagi,<br \/>\nJean-Michel Mathieux-Marie et son directeur\u00a0 Jean-Luc Masson<\/h1>\n<h1>vous souhaitent une \u00ab\u00a0Bonne Ann\u00e9e 2010\u00a0\u00bb !<\/h1>\n<p><span style=\"font-size: 10pt;\">Beaucoup de bonheur, de joie, de voyages et de belles peintures\u00a0 !<\/span><\/p>\n<p><img loading=\"lazy\" decoding=\"async\" class=\" size-full wp-image-598\" alt=\"AF_nocturne-montmartre09_l598\" src=\"http:\/\/galeriedeparis.fr\/wp3_af\/wp-content\/uploads\/2009\/12\/filimonova_AF_nocturne-montmartre09_l598.jpg\" width=\"598\" height=\"749\" srcset=\"https:\/\/galeriedeparis.fr\/wp3_af\/wp-content\/uploads\/2009\/12\/filimonova_AF_nocturne-montmartre09_l598.jpg 598w, https:\/\/galeriedeparis.fr\/wp3_af\/wp-content\/uploads\/2009\/12\/filimonova_AF_nocturne-montmartre09_l598-239x300.jpg 239w\" sizes=\"auto, (max-width: 598px) 100vw, 598px\" \/><\/p>\n<p>&nbsp;<\/p>\n<p><span style=\"font-family: comic sans ms,sans-serif;\"><span style=\"font-size: 12pt;\">Cette oeuvre d&rsquo;Anna Filimonova\u00a0 \u00a0\u00bb Vue sur Montmartre pendant la nuit\u00a0\u00bb<\/span><\/span><\/p>\n<p><span style=\"font-family: comic sans ms,sans-serif;\"><span style=\"font-size: 12pt;\">huile sur toile, format \u00a0 40 F,\u00a0 fut pr\u00e9sent\u00e9e lors du dernier Salon des la SNBA au Carrousel du Louvre, Salle Len\u00f4tre <\/span><\/span><span style=\"font-family: comic sans ms,sans-serif;\"><span style=\"font-size: 12pt;\">du 10 d\u00e9cembre au 13 d\u00e9cembre 2009<\/span><\/span><\/p>\n<p><span style=\"font-family: comic sans ms,sans-serif;\"><span style=\"font-size: 12pt;\"> La s\u00e9rie\u00a0 \u00ab\u00a0Paris Nocturne\u00a0\u00bb\u00a0 de Anna Filimonova &#8211; dont cette \u0153uvre fait partie\u00a0 &#8211;\u00a0 est expos\u00e9e en ce moment sur le Toit de la Grande Arche de la D\u00e9fense. <\/span><\/span><span style=\"font-family: comic sans ms,sans-serif;\"><span style=\"font-size: 12pt;\">Venez la d\u00e9couvrir.<\/span><\/span><\/p>\n<p><span style=\"font-family: comic sans ms,sans-serif;\"><span style=\"font-size: 12pt;\">La Grande Arche est ouverte 7j \/ 7 de 10h \u00e0 19h,\u00a0 acc\u00e8s ligne 1 du m\u00e9tro &#8211; station Grande Arche, RER A, tram, SNCF <\/span><\/span><\/p>\n<p><span style=\"font-family: comic sans ms,sans-serif;\"><span style=\"font-size: 12pt;\">Ensuite : mont\u00e9e par ascenseur panoramique en haut de 110 m. <\/span><\/span><\/p>\n<p><span style=\"font-family: comic sans ms,sans-serif;\"><span style=\"font-size: 12pt;\">N&rsquo;h\u00e9sitez pas \u00e0 nous contacter pour la visite guid\u00e9e:\u00a0 T\u00e9l.: 33 (0)6 61 91 23 98<br \/>\n<\/span><\/span><\/p>\n","protected":false},"excerpt":{"rendered":"<p>Les Artistes de la Galerie de Paris\u00a0 : Anna Filimonova, Kojiro Akagi, Jean-Michel Mathieux-Marie et son directeur\u00a0 Jean-Luc Masson vous souhaitent une \u00ab\u00a0Bonne Ann\u00e9e 2010\u00a0\u00bb ! Beaucoup de bonheur, de joie, de voyages et de belles peintures\u00a0 ! &nbsp; Cette oeuvre d&rsquo;Anna Filimonova\u00a0 \u00a0\u00bb Vue sur Montmartre pendant la nuit\u00a0\u00bb huile sur toile, format \u00a0 &hellip; <\/p>\n<p class=\"link-more\"><a href=\"https:\/\/galeriedeparis.fr\/wp3_af\/?p=601\" class=\"more-link\">Continuer la lecture<span class=\"screen-reader-text\"> de &laquo;&nbsp;Meilleurs v\u0153ux  ! Bonne Ann\u00e9e 2010&nbsp;&raquo;<\/span><\/a><\/p>\n","protected":false},"author":1,"featured_media":598,"comment_status":"open","ping_status":"open","sticky":false,"template":"","format":"standard","meta":{"footnotes":""},"categories":[66,12,73],"tags":[33,196,201,115,197,91,90,123,199,202,29,200,181],"class_list":["post-601","post","type-post","status-publish","format-standard","has-post-thumbnail","hentry","category-c34-filimonova-anna","category-expositions","category-c44-revue-de-presse","tag-anna-filimonova","tag-artistes","tag-clichy","tag-galerie","tag-jean-luc-masson","tag-jean-michel-mathieux-marie","tag-kojiro-akagi","tag-montmartre","tag-nocturne","tag-nuit","tag-paris","tag-place","tag-snba"],"_links":{"self":[{"href":"https:\/\/galeriedeparis.fr\/wp3_af\/index.php?rest_route=\/wp\/v2\/posts\/601","targetHints":{"allow":["GET"]}}],"collection":[{"href":"https:\/\/galeriedeparis.fr\/wp3_af\/index.php?rest_route=\/wp\/v2\/posts"}],"about":[{"href":"https:\/\/galeriedeparis.fr\/wp3_af\/index.php?rest_route=\/wp\/v2\/types\/post"}],"author":[{"embeddable":true,"href":"https:\/\/galeriedeparis.fr\/wp3_af\/index.php?rest_route=\/wp\/v2\/users\/1"}],"replies":[{"embeddable":true,"href":"https:\/\/galeriedeparis.fr\/wp3_af\/index.php?rest_route=%2Fwp%2Fv2%2Fcomments&post=601"}],"version-history":[{"count":2,"href":"https:\/\/galeriedeparis.fr\/wp3_af\/index.php?rest_route=\/wp\/v2\/posts\/601\/revisions"}],"predecessor-version":[{"id":1223,"href":"https:\/\/galeriedeparis.fr\/wp3_af\/index.php?rest_route=\/wp\/v2\/posts\/601\/revisions\/1223"}],"wp:featuredmedia":[{"embeddable":true,"href":"https:\/\/galeriedeparis.fr\/wp3_af\/index.php?rest_route=\/wp\/v2\/media\/598"}],"wp:attachment":[{"href":"https:\/\/galeriedeparis.fr\/wp3_af\/index.php?rest_route=%2Fwp%2Fv2%2Fmedia&parent=601"}],"wp:term":[{"taxonomy":"category","embeddable":true,"href":"https:\/\/galeriedeparis.fr\/wp3_af\/index.php?rest_route=%2Fwp%2Fv2%2Fcategories&post=601"},{"taxonomy":"post_tag","embeddable":true,"href":"https:\/\/galeriedeparis.fr\/wp3_af\/index.php?rest_route=%2Fwp%2Fv2%2Ftags&post=601"}],"curies":[{"name":"wp","href":"https:\/\/api.w.org\/{rel}","templated":true}]}}